{"id":34650,"date":"2020-10-01T00:00:00","date_gmt":"2020-09-30T23:00:00","guid":{"rendered":"https:\/\/imagazine.it\/?p=34650"},"modified":"2020-10-01T00:00:00","modified_gmt":"2020-09-30T23:00:00","slug":"il-presidente-della-fondazione-aquileia-rassegna-le-dimissioni","status":"publish","type":"post","link":"https:\/\/imagazine.it\/home_desk\/il-presidente-della-fondazione-aquileia-rassegna-le-dimissioni\/","title":{"rendered":"Il presidente della Fondazione Aquileia rassegna le dimissioni"},"content":{"rendered":"<p>L&#39;ambasciatore <strong>Antonio Zanardi Landi<\/strong> ha ufficializzato le proprie dimissioni da presidente della Fondazione Aquileia. Questa la sua comunicazione pubblicata <u><a href=\"https:\/\/www.fondazioneaquileia.it\/it\/attivita\/dimissioni-del-presidente-antonio-zanardi-landi\" target=\"_blank\" rel=\"noopener\">sul sito della fondazione<\/a><\/u>:<\/p>\n<p style=\"margin-left:auto;\"><em>&#8220;Venerd\u00ec scorso, <u><a href=\"http:\/\/www.imagazine.it\/notizie-trieste-gorizia-udine-friuli\/8816\" target=\"_blank\" rel=\"noopener\">con la Domus di Tito Macro<\/a><\/u>, abbiamo inaugurato il pi\u00f9 impegnativo progetto realizzato dalla Fondazione Aquileia dalla sua costituzione ad oggi, mentre si avvia il procedimento amministrativo che porter\u00e0 all\u2019affidamento alla Fondazione della gestione del Museo archeologico nazionale e del Museo paleocristiano, come gi\u00e0 avvenuto (esempio unico in Italia) per la totalit\u00e0 delle aree archeologiche.<\/em><\/p>\n<p style=\"margin-left:auto;\"><em>Penso sia questa l\u2019occasione pi\u00f9 adatta per concludere il mio servizio come presidente della Fondazione Aquileia. In cinque anni e mezzo siamo riusciti a rilanciare la conoscenza di Aquileia in Italia e all\u2019estero con l\u2019organizzazione di undici mostre, alcune delle quali hanno lasciato un segno importante sulla stampa nazionale, regionale e internazionale. Credo che l\u2019immagine di Aquileia e della sua straordinaria originalit\u00e0 nell\u2019ambito del mondo romano ne sia uscita rafforzata e resa pi\u00f9 comprensibile, cos\u00ec come credo sia stata portata al suo giusto valore l\u2019importanza della missione svolta nei secoli dalla grande Chiesa Aquileiese.<\/em><\/p>\n<p style=\"margin-left:auto;\"><em>In particolare la serie delle mostre che abbiamo collocato nel programma dell\u201dArcheologia Ferita\u201d ha avuto un ottimo successo, sui media e in termini di visitatori, e la mostra all\u2019Ara Pacis per i 2200 anni dalla fondazione della citt\u00e0 ha portato l\u2019immagine di Aquileia, viva e ricca di messaggi simbolici e culturali, non solo a Roma, ma anche in molte capitali europee. Ora ci troviamo ad un punto di svolta delicato ed importante e mi rendo conto di non avere il sostegno indispensabile per la prosecuzione della mia missione al servizio dell\u2019eredit\u00e0 culturale e artistica di Aquileia e della Regione.<\/em><\/p>\n<p><a href=\"http:\/\/imagazinevideotruck.it\/outlet\/relink_udinefiera.html\" target=\"_top\" rel=\"noopener\"><img loading=\"lazy\" decoding=\"async\" align=\"LEFT\" height=\"250\" src=\"http:\/\/imagazinevideotruck.it\/outlet\/udinefiera.jpg\" width=\"300\" alt=\"\" title=\"\"><\/a><\/p>\n<p style=\"margin-left:auto;\">\u00a0<\/p>\n<p style=\"margin-left:auto;\">\u00a0<\/p>\n<p style=\"margin-left:auto;\">\u00a0<\/p>\n<p style=\"margin-left:auto;\">\u00a0<\/p>\n<p style=\"margin-left:auto;\">\u00a0<\/p>\n<p style=\"margin-left:auto;\">\u00a0<\/p>\n<p style=\"margin-left:auto;\">\u00a0<\/p>\n<p style=\"margin-left:auto;\">\u00a0<\/p>\n<p style=\"margin-left:auto;\">\u00a0<\/p>\n<p style=\"margin-left:auto;\"><em>Il presidente Fedriga, che ho informato per primo della mia decisione e che tengo a ringraziare per l\u2019umana simpatia che non mi ha mai fatto mancare, capir\u00e0 perfettamente le ragioni della mia decisione di rassegnare le dimissioni e credo le condivider\u00e0. La gestione del grande patrimonio aquileiese, che risultati tanto positivi ha avuto negli ultimi anni, soffre oggi di ritardi importanti nell\u2019impegno di fondi, nazionali ed europei, stanziati ormai pi\u00f9 di due anni fa e di una grave mancanza di coordinamento, su cui ho attirato l\u2019attenzione delle competenti istanze sin dall\u2019insediamento della Giunta, mentre la recentemente annunciata istituzione di un Ufficio Unico per Aquileia per la gestione degli appalti rappresenta una soluzione tardiva e che erode competenze della Fondazione.<\/em><\/p>\n<p style=\"margin-left:auto;\"><em>Credo di lasciare in mano alla Fondazione alcuni progetti interessanti, tanto in campo internazionale, che per quel che riguarda una grande mostra sull\u2019Ellenismo nelle sue proiezioni ad Oriente, sino all\u2019India e all\u2019Afghanistan, e ad Occidente sino ad Aquileia.<\/em><\/p>\n<p><a href=\"http:\/\/imagazinevideotruck.it\/outlet\/relink.html\" target=\"_top\" rel=\"noopener\"><img loading=\"lazy\" decoding=\"async\" align=\"LEFT\" height=\"250\" src=\"http:\/\/imagazinevideotruck.it\/outlet\/outlet30.gif\" width=\"300\" alt=\"\" title=\"\"><\/a><\/p>\n<p style=\"margin-left:auto;\">\u00a0<\/p>\n<p style=\"margin-left:auto;\">\u00a0<\/p>\n<p style=\"margin-left:auto;\">\u00a0<\/p>\n<p style=\"margin-left:auto;\">\u00a0<\/p>\n<p style=\"margin-left:auto;\">\u00a0<\/p>\n<p style=\"margin-left:auto;\">\u00a0<\/p>\n<p style=\"margin-left:auto;\">\u00a0<\/p>\n<p style=\"margin-left:auto;\">\u00a0<\/p>\n<p style=\"margin-left:auto;\">\u00a0<\/p>\n<p style=\"margin-left:auto;\"><em>Un progetto che mi sta particolarmente a cuore \u00e8 poi quello che consiste nel portare la narrativa di Aquileia all\u2019interno di alcuni grandi ospedali pediatrici, ad iniziare dal Burlo Garofolo. Sono certo che il presidente della Regione sapr\u00e0 fare in modo che la Fondazione Aquileia, unica nel suo genere assieme a quella del Museo Egizio di Torino, possa trovare un nuovo slancio che esca dalle logiche esclusivamente locali e da ottiche di potere giocate sul brevissimo termine.<\/em><\/p>\n<p style=\"margin-left:auto;\"><em>Le mie dimissioni saranno operative a partire dal primo dicembre, per consentire i tempi necessari all\u2019individuazione di un nuovo presidente e il rispetto delle scadenze relative al bilancio. Tengo qui a ringraziare il signor presidente della Repubblica che ha incoraggiato il nostro lavoro sino ad essere con noi all\u2019Ara Pacis per i 2200 anni di Aquileia, l\u2019onorevole Serracchiani che da presidente della Regione mi ha \u201carruolato\u201d alla causa di Aquileia, il direttore Tiussi, personale e collaboratori della Fondazione, il Messaggero Veneto che ha sempre dato ampia copertura alle nostre attivit\u00e0, alcuni aquileiesi amici a cui rimarr\u00f2 affettivamente e profondamente legato e i tanti, nel mondo dei musei e della cultura, che in Italia, in Austria, in Russia, nei Balcani, negli Stati Uniti, in Medio Oriente e nel Nord Africa hanno creduto e sostenuto lo sforzo di far apprezzare il messaggio di Aquileia per quello che \u00e8: capacit\u00e0 di dialogo e di fusione di fermenti culturali provenienti da mondi e da esperienze diverse, tanto pi\u00f9 da valorizzare oggi, in anni in cui la contrapposizione prevale sulla ricerca di valori condivisi e sulla volont\u00e0 di convivere e ritrovare comuni radici.&#8221;<\/em><\/p>\n","protected":false},"excerpt":{"rendered":"<p>Rester\u00e0 in carica fino al primo dicembre<\/p>\n","protected":false},"author":28,"featured_media":34651,"comment_status":"closed","ping_status":"closed","sticky":false,"template":"","format":"standard","meta":{"dwc-title":[],"dwc-content":[],"footnotes":""},"categories":[5],"tags":[],"class_list":["post-34650","post","type-post","status-publish","format-standard","has-post-thumbnail","hentry","category-attualita"],"rttpg_featured_image_url":{"full":["https:\/\/imagazine.it\/wp-content\/uploads\/2024\/01\/36297-1.webp",750,566,false],"landscape":["https:\/\/imagazine.it\/wp-content\/uploads\/2024\/01\/36297-1.webp",750,566,false],"portraits":["https:\/\/imagazine.it\/wp-content\/uploads\/2024\/01\/36297-1.webp",750,566,false],"thumbnail":["https:\/\/imagazine.it\/wp-content\/uploads\/2024\/01\/36297-1-150x150.webp",150,150,true],"medium":["https:\/\/imagazine.it\/wp-content\/uploads\/2024\/01\/36297-1-300x226.webp",300,226,true],"large":["https:\/\/imagazine.it\/wp-content\/uploads\/2024\/01\/36297-1.webp",640,483,false],"thumblist":["https:\/\/imagazine.it\/wp-content\/uploads\/2024\/01\/36297-1.webp",300,226,false],"thumbrelated":["https:\/\/imagazine.it\/wp-content\/uploads\/2024\/01\/36297-1.webp",500,377,false],"meccarouselthumb":["https:\/\/imagazine.it\/wp-content\/uploads\/2024\/01\/36297-1.webp",429,324,false],"gridsquare":["https:\/\/imagazine.it\/wp-content\/uploads\/2024\/01\/36297-1.webp",345,260,false],"tileview":["https:\/\/imagazine.it\/wp-content\/uploads\/2024\/01\/36297-1.webp",300,226,false],"1536x1536":["https:\/\/imagazine.it\/wp-content\/uploads\/2024\/01\/36297-1.webp",750,566,false],"2048x2048":["https:\/\/imagazine.it\/wp-content\/uploads\/2024\/01\/36297-1.webp",750,566,false],"newsup-slider-full":["https:\/\/imagazine.it\/wp-content\/uploads\/2024\/01\/36297-1.webp",750,566,false],"newsup-featured":["https:\/\/imagazine.it\/wp-content\/uploads\/2024\/01\/36297-1.webp",750,566,false],"newsup-medium":["https:\/\/imagazine.it\/wp-content\/uploads\/2024\/01\/36297-1-720x380.webp",720,380,true],"tptn_thumbnail":["https:\/\/imagazine.it\/wp-content\/uploads\/2024\/01\/36297-1.webp",250,189,false],"sow-carousel-default":["https:\/\/imagazine.it\/wp-content\/uploads\/2024\/01\/36297-1-272x182.webp",272,182,true]},"rttpg_author":{"display_name":"redazione","author_link":"https:\/\/imagazine.it\/home_desk\/author\/redazione\/"},"rttpg_comment":0,"rttpg_category":"<a href=\"https:\/\/imagazine.it\/home_desk\/category\/attualita\/\" rel=\"category tag\">ATTUALIT\u00c0<\/a>","rttpg_excerpt":"Rester\u00e0 in carica fino al primo dicembre","_links":{"self":[{"href":"https:\/\/imagazine.it\/home_desk\/wp-json\/wp\/v2\/posts\/34650","targetHints":{"allow":["GET"]}}],"collection":[{"href":"https:\/\/imagazine.it\/home_desk\/wp-json\/wp\/v2\/posts"}],"about":[{"href":"https:\/\/imagazine.it\/home_desk\/wp-json\/wp\/v2\/types\/post"}],"author":[{"embeddable":true,"href":"https:\/\/imagazine.it\/home_desk\/wp-json\/wp\/v2\/users\/28"}],"replies":[{"embeddable":true,"href":"https:\/\/imagazine.it\/home_desk\/wp-json\/wp\/v2\/comments?post=34650"}],"version-history":[{"count":0,"href":"https:\/\/imagazine.it\/home_desk\/wp-json\/wp\/v2\/posts\/34650\/revisions"}],"wp:featuredmedia":[{"embeddable":true,"href":"https:\/\/imagazine.it\/home_desk\/wp-json\/wp\/v2\/media\/34651"}],"wp:attachment":[{"href":"https:\/\/imagazine.it\/home_desk\/wp-json\/wp\/v2\/media?parent=34650"}],"wp:term":[{"taxonomy":"category","embeddable":true,"href":"https:\/\/imagazine.it\/home_desk\/wp-json\/wp\/v2\/categories?post=34650"},{"taxonomy":"post_tag","embeddable":true,"href":"https:\/\/imagazine.it\/home_desk\/wp-json\/wp\/v2\/tags?post=34650"}],"curies":[{"name":"wp","href":"https:\/\/api.w.org\/{rel}","templated":true}]}}