{"id":34628,"date":"2020-09-29T00:00:00","date_gmt":"2020-09-28T23:00:00","guid":{"rendered":"https:\/\/imagazine.it\/?p=34628"},"modified":"2020-09-29T00:00:00","modified_gmt":"2020-09-28T23:00:00","slug":"trieste-nuove-prospettive-per-le-persone-con-disabilita","status":"publish","type":"post","link":"https:\/\/imagazine.it\/home_desk\/trieste-nuove-prospettive-per-le-persone-con-disabilita\/","title":{"rendered":"Trieste, nuove prospettive per le persone con disabilit\u00e0"},"content":{"rendered":"<p>Presentata a Palazzo Gopcevich a Trieste, dall\u2019assessore comunale alle Politiche Sociali <strong>Carlo Grilli<\/strong> la nuova realt\u00e0 cittadina al servizio della disabilit\u00e0, la <em>\u201c<strong>Fondazione Durante e dopo di noi &#8211; Donna Colonna dei Principi di Stigliano<\/strong><\/em><strong>\u201d<\/strong>, nata dalla volont\u00e0 del Comune di Trieste insieme agli altri Comuni del territorio (Muggia, Duino-Aurisina, San Dorligo), oltre ad ASP e Associazioni cittadine, di unire forze e professionalit\u00e0, per potenziare e sostenere i servizi alle disabilit\u00e0.<\/p>\n<p>La Fondazione Colonna, la cui presidenza \u00e8 stata affidata a <strong>Valter Mahnic<\/strong>, lavorer\u00e0 in modo complementare e in sinergia con i vari soggetti del territorio operanti in questo ambito per coordinare le azioni propedeutiche alla costruzione del miglior progetto di vita possibile per le persone con disabilit\u00e0. Dalla Fondazione Colonna si potr\u00e0 ricevere ascolto e altre competenze per trovare una risposta alle personali e specifiche necessit\u00e0.<\/p>\n<p>La Fondazione vuole dare un supporto concreto per trovare assieme alle famiglie le risposte pi\u00f9 adatte ai bisogni della persona disabile e per riuscire a utilizzare al meglio i servizi sociosanitari che vengono erogati dalle istituzioni (Comune e Asugi in primis) sul territorio cittadino: soluzioni non uniformi e standardizzate, ma tarate sulla base della specifica difficolt\u00e0 della persona e finalizzate sempre al raggiungimento del maggior grado di autonomia possibile, commisurata all&#39;et\u00e0 e al tipo di disabilit\u00e0.<\/p>\n<p>Inoltre, affidandosi alla Fondazione Colonna e alle competenze dei professionisti che la costituiscono, le famiglie che si prendono cura dei parenti disabili potranno programmare un progetto di vita a lungo termine, che possa restituire fiducia e serenit\u00e0 a tutto il nucleo famigliare e tutelare i diritti delle persone disabili lungo tutto il loro percorso di vita, sia in presenza di un contesto familiare di riferimento, sia nella prospettiva del venir meno del sostegno e dell&#39;accudimento da parte dei propri cari.<\/p>\n<p>\u201cQuesto onere \u2013 ha affermato il presidente Mahnic \u2013 viene accolto con grande seriet\u00e0 e tanto entusiasmo. Sono onorato di poter lavorare con un Consiglio di amministrazione di provata bravura ed esperienza nelle disabilit\u00e0. Lo spirito di collaborazione \u00e8 molto forte in tutti noi, condividiamo la volont\u00e0 di coinvolgere tutta la societ\u00e0, ognuno per il suo ruolo. In questo senso abbiamo sviluppato un piano di comunicazione mirato. Siamo pronti a dare il nostro aiuto e al contempo accettarlo da tutti\u201d.<\/p>\n<p>Nel corso degli ultimi 10 anni, la Fondazione Colonna ha preso forma a piccoli passi: una prima bozza di statuto e di atto costitutivo \u00e8 stata illustrata nell&#39;ambito del tavolo del Piano di zona, \u00e8 stata poi bandita una procedura pubblica per la raccolta di manifestazioni di interesse, volta a individuare soggetti disponibili a investire nel progetto, nell&#39;ottica di reperire le risorse finanziarie sufficienti ai conferimenti utili all&#39;avvio e a garantire una gestione sostenibile delle attivit\u00e0.<\/p>\n<p>Fondamentale apporto alla costituzione della Fondazione Colonna \u00e8 stato il lascito della sua generosa benefattrice, la signora <strong>Matilde Morpurgo<\/strong>, sorella di Mario e secondogenita di Giacomo e Fanny.<\/p>\n<p><em>I membri fondatori e sostenitori della Fondazione<\/em>: Comune di Trieste; Comune di Duino-Aurisina; Comune di Muggia; Comune di San Dorligo della Valle; Acli Provinciali di Trieste; Associazione Italiana Assistenza Agli Spastici (A.I.A.S.); Consulta Territoriale delle Associazioni delle Persone con Disabilit\u00e0 e delle loro Famiglie della Provincia di Trieste; CEST- Centro di Educazione Speciale Trieste Onlus; Il Cenacolo &#8211; Onlus Progetto Riabilitazione; La Quercia Societ\u00e0 Cooperativa Sociale; Cooperativa Sociale Trieste \u2013 Integrazione; A.M.I.Co. &#8211; Assistenza Multifunzionale Integrativa &#8211; Societ\u00e0 Cooperativa Impresa Sociale; Assostegno, associazione di volontariato; Azienda Pubblica di Servizi alla Persona &#8220;Pro Senectute&#8221; di Trieste; Istituto Regionale Rittmeyer per i Ciechi; La Fonte-Comunit\u00e0 Famiglia Onlus; La Strada Dell&#39;amore Onlus; Crocerossa Trieste; Lions Club Miramare ed i privati Teresa Vullo, Maurizio Zerilli, Antonella e Gabriella Clarich.<\/p>\n<p><em>Il Consiglio di amministrazione<\/em> \u00e8 formato da: il presidente Valter Mahnic e i consiglieri Antonella Clarich, Isabella D&#39;eliso, Fulvio Farneti, Elena Gianello, Luigi Mattiussi, Matteo Morgia, Hubert Perfler\u00a0 e Maurizio Pessato.<\/p>\n<p>La Fondazione \u00e8 operativa con la sua <em>sede aperta al pubblico in via Mazzini 25 presso l\u2019Assessorato alle Politiche Sociali Comune di Trieste <\/em>nelle giornate di luned\u00ec, mercoled\u00ec e venerd\u00ec, dalle 9 alle 12. Per avere informazioni si pu\u00f2 consultare sia il sito web della Fondazione <u><strong><a href=\"http:\/\/www.fondazionecolonnats.it\/\" target=\"_blank\" rel=\"noopener\">www.fondazionecolonnats.it<\/a><\/strong><\/u>, sia la pagina Facebook FondazioneColonnaTrieste o contattare i referenti telefonicamente al numero 040 6757052 o via e-mail info@fondazionecolonnats.it.<\/p>\n<p>Nel presentarsi alla cittadinanza la Fondazione ha progettato una campagna di comunicazione, curata dalla pubblicitaria Paola Russo, che nei prossimi mesi lancer\u00e0 la Fondazione innanzitutto attraverso i social e poi, in un secondo momento, utilizzando anche altri media. La Fondazione, infatti, tramite il sito web, la pagina Facebook e la campagna pubblicitaria vuole arrivare ad informare capillarmente la cittadinanza sulle sue finalit\u00e0, sugli obiettivi, e sui servizi dedicati alla disabilit\u00e0.<\/p>\n","protected":false},"excerpt":{"rendered":"<p>Grazie alla Fondazione Durante e dopo di noi<\/p>\n","protected":false},"author":28,"featured_media":34629,"comment_status":"closed","ping_status":"closed","sticky":false,"template":"","format":"standard","meta":{"dwc-title":[],"dwc-content":[],"footnotes":""},"categories":[5],"tags":[],"class_list":["post-34628","post","type-post","status-publish","format-standard","has-post-thumbnail","hentry","category-attualita"],"rttpg_featured_image_url":{"full":["https:\/\/imagazine.it\/wp-content\/uploads\/2024\/01\/36265-1.webp",1000,667,false],"landscape":["https:\/\/imagazine.it\/wp-content\/uploads\/2024\/01\/36265-1.webp",1000,667,false],"portraits":["https:\/\/imagazine.it\/wp-content\/uploads\/2024\/01\/36265-1.webp",1000,667,false],"thumbnail":["https:\/\/imagazine.it\/wp-content\/uploads\/2024\/01\/36265-1-150x150.webp",150,150,true],"medium":["https:\/\/imagazine.it\/wp-content\/uploads\/2024\/01\/36265-1-300x200.webp",300,200,true],"large":["https:\/\/imagazine.it\/wp-content\/uploads\/2024\/01\/36265-1.webp",640,427,false],"thumblist":["https:\/\/imagazine.it\/wp-content\/uploads\/2024\/01\/36265-1.webp",300,200,false],"thumbrelated":["https:\/\/imagazine.it\/wp-content\/uploads\/2024\/01\/36265-1.webp",500,334,false],"meccarouselthumb":["https:\/\/imagazine.it\/wp-content\/uploads\/2024\/01\/36265-1.webp",474,316,false],"gridsquare":["https:\/\/imagazine.it\/wp-content\/uploads\/2024\/01\/36265-1.webp",391,260,false],"tileview":["https:\/\/imagazine.it\/wp-content\/uploads\/2024\/01\/36265-1.webp",300,200,false],"1536x1536":["https:\/\/imagazine.it\/wp-content\/uploads\/2024\/01\/36265-1.webp",1000,667,false],"2048x2048":["https:\/\/imagazine.it\/wp-content\/uploads\/2024\/01\/36265-1.webp",1000,667,false],"newsup-slider-full":["https:\/\/imagazine.it\/wp-content\/uploads\/2024\/01\/36265-1.webp",1000,667,false],"newsup-featured":["https:\/\/imagazine.it\/wp-content\/uploads\/2024\/01\/36265-1.webp",1000,667,false],"newsup-medium":["https:\/\/imagazine.it\/wp-content\/uploads\/2024\/01\/36265-1-720x380.webp",720,380,true],"tptn_thumbnail":["https:\/\/imagazine.it\/wp-content\/uploads\/2024\/01\/36265-1.webp",250,167,false],"sow-carousel-default":["https:\/\/imagazine.it\/wp-content\/uploads\/2024\/01\/36265-1-272x182.webp",272,182,true]},"rttpg_author":{"display_name":"redazione","author_link":"https:\/\/imagazine.it\/home_desk\/author\/redazione\/"},"rttpg_comment":0,"rttpg_category":"<a href=\"https:\/\/imagazine.it\/home_desk\/category\/attualita\/\" rel=\"category tag\">ATTUALIT\u00c0<\/a>","rttpg_excerpt":"Grazie alla Fondazione Durante e dopo di noi","_links":{"self":[{"href":"https:\/\/imagazine.it\/home_desk\/wp-json\/wp\/v2\/posts\/34628","targetHints":{"allow":["GET"]}}],"collection":[{"href":"https:\/\/imagazine.it\/home_desk\/wp-json\/wp\/v2\/posts"}],"about":[{"href":"https:\/\/imagazine.it\/home_desk\/wp-json\/wp\/v2\/types\/post"}],"author":[{"embeddable":true,"href":"https:\/\/imagazine.it\/home_desk\/wp-json\/wp\/v2\/users\/28"}],"replies":[{"embeddable":true,"href":"https:\/\/imagazine.it\/home_desk\/wp-json\/wp\/v2\/comments?post=34628"}],"version-history":[{"count":0,"href":"https:\/\/imagazine.it\/home_desk\/wp-json\/wp\/v2\/posts\/34628\/revisions"}],"wp:featuredmedia":[{"embeddable":true,"href":"https:\/\/imagazine.it\/home_desk\/wp-json\/wp\/v2\/media\/34629"}],"wp:attachment":[{"href":"https:\/\/imagazine.it\/home_desk\/wp-json\/wp\/v2\/media?parent=34628"}],"wp:term":[{"taxonomy":"category","embeddable":true,"href":"https:\/\/imagazine.it\/home_desk\/wp-json\/wp\/v2\/categories?post=34628"},{"taxonomy":"post_tag","embeddable":true,"href":"https:\/\/imagazine.it\/home_desk\/wp-json\/wp\/v2\/tags?post=34628"}],"curies":[{"name":"wp","href":"https:\/\/api.w.org\/{rel}","templated":true}]}}