{"id":34614,"date":"2020-09-28T00:00:00","date_gmt":"2020-09-27T23:00:00","guid":{"rendered":"https:\/\/imagazine.it\/?p=34614"},"modified":"2020-09-28T00:00:00","modified_gmt":"2020-09-27T23:00:00","slug":"casa-moderna-rilancia-arredo-e-design","status":"publish","type":"post","link":"https:\/\/imagazine.it\/home_desk\/casa-moderna-rilancia-arredo-e-design\/","title":{"rendered":"Casa Moderna rilancia arredo e design"},"content":{"rendered":"<p>Presentata la 67^ edizione della <u><a href=\"http:\/\/www.imagazine.it\/eventi\/33824\" target=\"_blank\" rel=\"noopener\">fiera della <strong>Casa Moderna<\/strong><\/a><\/u> in programma alla Fiera di Udine da <strong>sabato 3 a domenica 11 ottobre<\/strong>.<\/p>\n<p>Casa Moderna, che nel 2019 ha avuto una ripresa significativa dopo alcuni anni di calo, vuole affrontare le sfide insidiose della pandemia trasformandole in accelerazioni di crescita e di cambiamento per rilanciare le filiere produttive del settore casa-legno-arredo, pervase da una sempre pi\u00f9 determinante componente di design, e per esplorare nuovi scenari di convivenza tra piattaforme fieristiche digitali e fiere fisiche.<\/p>\n<p>Sulla nuova \u201cpersonalit\u00e0\u201d di Casa Moderna 2020 sono intervenuti nella conferenza stampa di oggi <strong>Lucio Gomiero<\/strong>, amministratore unico di Udine e Gorizia Fiere, e <strong>Giovanni Da Pozzo<\/strong>, presidente della Camera di Commercio di Pordenone e Udine.<\/p>\n<p>\u00abFortemente ancorata al territorio e alla gente, Casa Moderna mette in atto servizi e iniziative che ci consentiranno di acquisire, in ottica regionale, un\u2019esperienza ancora pi\u00f9 forte per il futuro \u2013 afferma Gomiero \u2013 innovando l\u2019approccio verso l\u2019espositore e il visitatore nel rispetto delle regole imposte dall\u2019emergenza sanitaria che diventa quindi un\u2019opportunit\u00e0, uno sprone a trovare nuove strade, nuove modalit\u00e0 di interazione e nuovi valori\u00bb.<\/p>\n<p>Considerati gli ampi spazi che il quartiere fieristico mette a disposizione, Casa Moderna si distribuisce a maglie larghe evitando assembramenti e consentendo di essere visitata in sicurezza e vissuta in serenit\u00e0 garantendo il distanziamento e le misure di precauzione anti-contagio definite dall\u2019accordo di tutte le Fiere Italiane e il tavolo tecnico-scientifico del Governo e della Regione Friuli Venezia Giulia.<\/p>\n<p><a href=\"http:\/\/imagazinevideotruck.it\/outlet\/relink_udinefiera.html\" target=\"_top\" rel=\"noopener\"><img loading=\"lazy\" decoding=\"async\" align=\"LEFT\" height=\"250\" src=\"http:\/\/imagazinevideotruck.it\/outlet\/udinefiera.jpg\" width=\"300\" alt=\"\" title=\"\"><\/a><\/p>\n<p>\u00a0<\/p>\n<p>\u00a0<\/p>\n<p>\u00a0<\/p>\n<p>\u00a0<\/p>\n<p>\u00a0<\/p>\n<p>\u00a0<\/p>\n<p>\u00a0<\/p>\n<p>\u00a0<\/p>\n<p>\u00a0<\/p>\n<p>\u00abIl sistema della comunicazione e delle relazioni \u00e8 profondamente cambiato \u2013 sottolinea Da Pozzo \u2013 e le aziende ormai si sono orientate a usare molto gli strumenti digitali per farsi conoscere. La Cciaa ha perci\u00f2 pensato di mettere a disposizione dei visitatori di Casa Moderna, la fiera pi\u00f9 importante, in cui crediamo e in cui vogliamo investire, una sorta di vetrina virtuale in 3D, in cui saranno sperimentalmente presenti alcune aziende-pilota del territorio\u00bb.<\/p>\n<p>La tecnologia sar\u00e0 posta nel padiglione 6, attraverso 4 postazioni pc per gli utenti e due grandi video. La piattaforma consente alle aziende, in sostanza, di partecipare a fiere, tenere conferenze o uno showroom e fare networking con il solo download di un\u2019applicazione. Il \u201cmondo\u201d visualizzato dall\u2019app \u00e8 online e in 3D e clienti o partecipanti aderiscono virtualmente tramite un avatar. Sul sistema fieristico, Da Pozzo ha ribadito come a livello nazionale e internazionale, \u00abben prima del Covid fosse gi\u00e0 in difficolt\u00e0. A livello locale, bisogna superare parcellizzazione e campanilismi. \u00c8 fondamentale studiare un modo per riposizionare queste realt\u00e0 e traghettarci verso un futuro che tenga conto di questa complessit\u00e0, mantenendo e sviluppando, nel contempo, gli eventi pi\u00f9 importanti, come Casa Moderna\u00bb.<\/p>\n<p>Sar\u00e0 l\u2019assessore regionale alle attivit\u00e0 produttive e turismo, <strong>Sergio Emidio Bini<\/strong>, a inaugurare la 67^ edizione, sabato 3 ottobre, alle ore 11.30, nell\u2019area eventi del padiglione 6. Attenzione per tutti: l\u2019accesso in Fiera avviene dall\u2019ingresso ovest e si esce dall\u2019ingresso sud; oltre all\u2019accredito\/registrazione, \u00e8 prevista la misurazione della temperatura, l\u2019uso di gel igienizzante e l\u2019utilizzo corretto della mascherina.<\/p>\n<p>Nella consapevolezza che questi mesi sono stati difficili per tutti, per sostenere le aziende espositrici sono state applicate nuove tariffe delle aree espositive con un ribasso del 25%. Inoltre, la sottoscrizione del contratto non \u00e8 coincisa con il versamento dell\u2019acconto.<\/p>\n<p>Per quanto concerne invece i visitatori, saranno previsti nuovi percorsi sicuri e speciali promozioni per l\u2019ingresso gratuito o a prezzi molto contenuti previa registrazione, modalit\u00e0 che consente una gestione pi\u00f9 serena dei flussi e un incremento dei contatti profilati.<\/p>\n<p>Per poter accedere a Casa Moderna \u00e8 necessario prima effettuare la registrazione on line al link <strong><u><a href=\"http:\/\/www.promocasamoderna.it\" target=\"_blank\" rel=\"noopener\">www.promocasamoderna.it<\/a><\/u><\/strong><\/p>\n","protected":false},"excerpt":{"rendered":"<p>Presentata a Udine la 67^ edizione<\/p>\n","protected":false},"author":28,"featured_media":34615,"comment_status":"closed","ping_status":"closed","sticky":false,"template":"","format":"standard","meta":{"dwc-title":[],"dwc-content":[],"footnotes":""},"categories":[6],"tags":[],"class_list":["post-34614","post","type-post","status-publish","format-standard","has-post-thumbnail","hentry","category-societa"],"rttpg_featured_image_url":{"full":["https:\/\/imagazine.it\/wp-content\/uploads\/2024\/01\/36240-1.webp",1000,667,false],"landscape":["https:\/\/imagazine.it\/wp-content\/uploads\/2024\/01\/36240-1.webp",1000,667,false],"portraits":["https:\/\/imagazine.it\/wp-content\/uploads\/2024\/01\/36240-1.webp",1000,667,false],"thumbnail":["https:\/\/imagazine.it\/wp-content\/uploads\/2024\/01\/36240-1-150x150.webp",150,150,true],"medium":["https:\/\/imagazine.it\/wp-content\/uploads\/2024\/01\/36240-1-300x200.webp",300,200,true],"large":["https:\/\/imagazine.it\/wp-content\/uploads\/2024\/01\/36240-1.webp",640,427,false],"thumblist":["https:\/\/imagazine.it\/wp-content\/uploads\/2024\/01\/36240-1.webp",300,200,false],"thumbrelated":["https:\/\/imagazine.it\/wp-content\/uploads\/2024\/01\/36240-1.webp",500,334,false],"meccarouselthumb":["https:\/\/imagazine.it\/wp-content\/uploads\/2024\/01\/36240-1.webp",474,316,false],"gridsquare":["https:\/\/imagazine.it\/wp-content\/uploads\/2024\/01\/36240-1.webp",391,260,false],"tileview":["https:\/\/imagazine.it\/wp-content\/uploads\/2024\/01\/36240-1.webp",300,200,false],"1536x1536":["https:\/\/imagazine.it\/wp-content\/uploads\/2024\/01\/36240-1.webp",1000,667,false],"2048x2048":["https:\/\/imagazine.it\/wp-content\/uploads\/2024\/01\/36240-1.webp",1000,667,false],"newsup-slider-full":["https:\/\/imagazine.it\/wp-content\/uploads\/2024\/01\/36240-1.webp",1000,667,false],"newsup-featured":["https:\/\/imagazine.it\/wp-content\/uploads\/2024\/01\/36240-1.webp",1000,667,false],"newsup-medium":["https:\/\/imagazine.it\/wp-content\/uploads\/2024\/01\/36240-1-720x380.webp",720,380,true],"tptn_thumbnail":["https:\/\/imagazine.it\/wp-content\/uploads\/2024\/01\/36240-1.webp",250,167,false],"sow-carousel-default":["https:\/\/imagazine.it\/wp-content\/uploads\/2024\/01\/36240-1-272x182.webp",272,182,true]},"rttpg_author":{"display_name":"redazione","author_link":"https:\/\/imagazine.it\/home_desk\/author\/redazione\/"},"rttpg_comment":0,"rttpg_category":"<a href=\"https:\/\/imagazine.it\/home_desk\/category\/societa\/\" rel=\"category tag\">SOCIET\u00c0<\/a>","rttpg_excerpt":"Presentata a Udine la 67^ edizione","_links":{"self":[{"href":"https:\/\/imagazine.it\/home_desk\/wp-json\/wp\/v2\/posts\/34614","targetHints":{"allow":["GET"]}}],"collection":[{"href":"https:\/\/imagazine.it\/home_desk\/wp-json\/wp\/v2\/posts"}],"about":[{"href":"https:\/\/imagazine.it\/home_desk\/wp-json\/wp\/v2\/types\/post"}],"author":[{"embeddable":true,"href":"https:\/\/imagazine.it\/home_desk\/wp-json\/wp\/v2\/users\/28"}],"replies":[{"embeddable":true,"href":"https:\/\/imagazine.it\/home_desk\/wp-json\/wp\/v2\/comments?post=34614"}],"version-history":[{"count":0,"href":"https:\/\/imagazine.it\/home_desk\/wp-json\/wp\/v2\/posts\/34614\/revisions"}],"wp:featuredmedia":[{"embeddable":true,"href":"https:\/\/imagazine.it\/home_desk\/wp-json\/wp\/v2\/media\/34615"}],"wp:attachment":[{"href":"https:\/\/imagazine.it\/home_desk\/wp-json\/wp\/v2\/media?parent=34614"}],"wp:term":[{"taxonomy":"category","embeddable":true,"href":"https:\/\/imagazine.it\/home_desk\/wp-json\/wp\/v2\/categories?post=34614"},{"taxonomy":"post_tag","embeddable":true,"href":"https:\/\/imagazine.it\/home_desk\/wp-json\/wp\/v2\/tags?post=34614"}],"curies":[{"name":"wp","href":"https:\/\/api.w.org\/{rel}","templated":true}]}}