{"id":34612,"date":"2020-09-26T00:00:00","date_gmt":"2020-09-25T23:00:00","guid":{"rendered":"https:\/\/imagazine.it\/?p=34612"},"modified":"2020-09-26T00:00:00","modified_gmt":"2020-09-25T23:00:00","slug":"aquileia-aderisce-alla-carta-internazionale-dellartigianato-artistico","status":"publish","type":"post","link":"https:\/\/imagazine.it\/home_desk\/aquileia-aderisce-alla-carta-internazionale-dellartigianato-artistico\/","title":{"rendered":"Aquileia aderisce alla Carta Internazionale dell&#8217;Artigianato artistico"},"content":{"rendered":"<p>Nuove adesioni alla Carta internazionale dell\u2019artigianato artistico. A sottoscrivere il documento questa mattina ad Aquileia sono stati il sindaco <strong>Emanuele Zorino<\/strong> e il presidente della Scuola Mosaicisti del Friuli, <strong>Stefano Lovison<\/strong>.<\/p>\n<p>Due adesioni che calano sul territorio i principi del documento, promosso da Cna, Confartigianato e dagli Ateliers d\u2019Art de France.<\/p>\n<p>\u00abPer noi questo \u00e8 un luogo simbolo: la storia di Aquileia e quella dell\u2019artigianato sono legate a doppio filo. Dico di pi\u00f9: Aquileia non ci sarebbe stata se non ci fossero stati gli artigiani che da qui hanno poi contaminato il resto d\u2019Italia e oltre \u2013 ha esordito il presidente di Confartigianato-Udine, <strong>Graziano Tilatti<\/strong> \u2013. Oggi recuperiamo quelle radici, quello spirito e diciamo, in particolare ai nostri ragazzi, ai nativi digitali, che la tecnologia \u00e8 una componente essenziale, strategica, questo nostro presente e certamente del futuro, ma che abbiamo ancora tanto bisogno di novelli mastri Geppetto\u00bb.<\/p>\n<p>Artigiani che scuole come quella dei mosaicisti del Friuli contribuiscono a formare. \u00abLa nostra \u2013 ha dichiarato Lovison \u2013 \u00e8 l\u2019unica al mondo che forma imprenditori specializzati nell\u2019arte del mosaico\u00bb.<\/p>\n<p>\u00abAbbiamo aderito alla carta \u2013 ha spiegato il sindaco Zorino \u2013 perch\u00e9 nei secoli Aquileia si \u00e8 caratterizzata come citt\u00e0 emporio, un ruolo che con questa sottoscrizione vogliamo ribadire. La firma rappresenta un obiettivo e un impegno per una citt\u00e0 sempre pi\u00f9 viva, incubatore dell\u2019artigianato artistico, capace di dare soddisfazione sia alla comunit\u00e0 che alle imprese artigiane\u00bb.<\/p>\n","protected":false},"excerpt":{"rendered":"<p>Assieme alla Scuola Mosaicisti del Friuli<\/p>\n","protected":false},"author":28,"featured_media":34613,"comment_status":"closed","ping_status":"closed","sticky":false,"template":"","format":"standard","meta":{"dwc-title":[],"dwc-content":[],"footnotes":""},"categories":[5],"tags":[],"class_list":["post-34612","post","type-post","status-publish","format-standard","has-post-thumbnail","hentry","category-attualita"],"rttpg_featured_image_url":{"full":["https:\/\/imagazine.it\/wp-content\/uploads\/2024\/01\/36234-1.webp",900,575,false],"landscape":["https:\/\/imagazine.it\/wp-content\/uploads\/2024\/01\/36234-1.webp",900,575,false],"portraits":["https:\/\/imagazine.it\/wp-content\/uploads\/2024\/01\/36234-1.webp",900,575,false],"thumbnail":["https:\/\/imagazine.it\/wp-content\/uploads\/2024\/01\/36234-1-150x150.webp",150,150,true],"medium":["https:\/\/imagazine.it\/wp-content\/uploads\/2024\/01\/36234-1-300x192.webp",300,192,true],"large":["https:\/\/imagazine.it\/wp-content\/uploads\/2024\/01\/36234-1.webp",640,409,false],"thumblist":["https:\/\/imagazine.it\/wp-content\/uploads\/2024\/01\/36234-1.webp",300,192,false],"thumbrelated":["https:\/\/imagazine.it\/wp-content\/uploads\/2024\/01\/36234-1.webp",500,319,false],"meccarouselthumb":["https:\/\/imagazine.it\/wp-content\/uploads\/2024\/01\/36234-1.webp",474,303,false],"gridsquare":["https:\/\/imagazine.it\/wp-content\/uploads\/2024\/01\/36234-1.webp",391,250,false],"tileview":["https:\/\/imagazine.it\/wp-content\/uploads\/2024\/01\/36234-1.webp",300,192,false],"1536x1536":["https:\/\/imagazine.it\/wp-content\/uploads\/2024\/01\/36234-1.webp",900,575,false],"2048x2048":["https:\/\/imagazine.it\/wp-content\/uploads\/2024\/01\/36234-1.webp",900,575,false],"newsup-slider-full":["https:\/\/imagazine.it\/wp-content\/uploads\/2024\/01\/36234-1.webp",900,575,false],"newsup-featured":["https:\/\/imagazine.it\/wp-content\/uploads\/2024\/01\/36234-1.webp",900,575,false],"newsup-medium":["https:\/\/imagazine.it\/wp-content\/uploads\/2024\/01\/36234-1-720x380.webp",720,380,true],"tptn_thumbnail":["https:\/\/imagazine.it\/wp-content\/uploads\/2024\/01\/36234-1.webp",250,160,false],"sow-carousel-default":["https:\/\/imagazine.it\/wp-content\/uploads\/2024\/01\/36234-1-272x182.webp",272,182,true]},"rttpg_author":{"display_name":"redazione","author_link":"https:\/\/imagazine.it\/home_desk\/author\/redazione\/"},"rttpg_comment":0,"rttpg_category":"<a href=\"https:\/\/imagazine.it\/home_desk\/category\/attualita\/\" rel=\"category tag\">ATTUALIT\u00c0<\/a>","rttpg_excerpt":"Assieme alla Scuola Mosaicisti del Friuli","_links":{"self":[{"href":"https:\/\/imagazine.it\/home_desk\/wp-json\/wp\/v2\/posts\/34612","targetHints":{"allow":["GET"]}}],"collection":[{"href":"https:\/\/imagazine.it\/home_desk\/wp-json\/wp\/v2\/posts"}],"about":[{"href":"https:\/\/imagazine.it\/home_desk\/wp-json\/wp\/v2\/types\/post"}],"author":[{"embeddable":true,"href":"https:\/\/imagazine.it\/home_desk\/wp-json\/wp\/v2\/users\/28"}],"replies":[{"embeddable":true,"href":"https:\/\/imagazine.it\/home_desk\/wp-json\/wp\/v2\/comments?post=34612"}],"version-history":[{"count":0,"href":"https:\/\/imagazine.it\/home_desk\/wp-json\/wp\/v2\/posts\/34612\/revisions"}],"wp:featuredmedia":[{"embeddable":true,"href":"https:\/\/imagazine.it\/home_desk\/wp-json\/wp\/v2\/media\/34613"}],"wp:attachment":[{"href":"https:\/\/imagazine.it\/home_desk\/wp-json\/wp\/v2\/media?parent=34612"}],"wp:term":[{"taxonomy":"category","embeddable":true,"href":"https:\/\/imagazine.it\/home_desk\/wp-json\/wp\/v2\/categories?post=34612"},{"taxonomy":"post_tag","embeddable":true,"href":"https:\/\/imagazine.it\/home_desk\/wp-json\/wp\/v2\/tags?post=34612"}],"curies":[{"name":"wp","href":"https:\/\/api.w.org\/{rel}","templated":true}]}}