{"id":34610,"date":"2020-09-28T00:00:00","date_gmt":"2020-09-27T23:00:00","guid":{"rendered":"https:\/\/imagazine.it\/?p=34610"},"modified":"2020-09-28T00:00:00","modified_gmt":"2020-09-27T23:00:00","slug":"trieste-premio-speciale-luchetta-a-liliana-segre","status":"publish","type":"post","link":"https:\/\/imagazine.it\/home_desk\/trieste-premio-speciale-luchetta-a-liliana-segre\/","title":{"rendered":"Trieste, Premio Speciale Luchetta a Liliana Segre"},"content":{"rendered":"<p>Va a <strong>Liliana Segre, <\/strong>superstite dell&#39;Olocausto e attiva testimone della Shoah italiana, dal gennaio 2018 senatrice a vita \u00abper avere illustrato la Patria con altissimi meriti nel campo sociale\u00bb, <strong>il Premio Speciale Luchetta 2020<\/strong>, annualmente assegnato dal<strong>la Fondazione Luchetta Ota D\u2019Angelo Hrovatin <\/strong>alle personalit\u00e0 che si sono distinte nella valorizzazione degli ideali che l\u2019hanno generata e guidano la sua attivit\u00e0<strong>. <\/strong><\/p>\n<p><strong>\u00ab<\/strong><strong>Per la forza del suo messaggio di pace, vaccino prezioso contro l\u2019odio, il razzismo e l\u2019indifferenza, che sono pi\u00f9 colpevoli della violenza stessa <\/strong>\u2013 ha spiegato la presidente della Fondazione,<strong> Daniela Luchetta<\/strong> \u2013 <strong>il Premio Speciale va quest\u2019anno alla senatrice Liliana Segre,<\/strong> alla quale siamo riconoscenti per le preziose testimonianze del suo passato, grande insegnamento alle nuove generazioni, chiamate a costruire un futuro che abbia la solidariet\u00e0 come forza trainante\u00bb.<\/p>\n<p>Il riconoscimento \u00e8 ideale preludio alla<strong> consegna della 17^ edizione del Premio giornalistico internazionale Marco Luchetta, in programma sabato 3 ottobre <u><a href=\"http:\/\/www.imagazine.it\/eventi\/link-328f2eb4-4b60-407c-840d-e560208eccad\" target=\"_blank\" rel=\"noopener\">nell\u2019ambito di Link Festival del giornalismo 2020<\/a><\/u><\/strong>, alla presenza della presidente di Giuria Giovanna Botteri (ore 19, Fincantieri Newsroom di piazza Unit\u00e0).\u00a0 \u00abI valori cui si ispira il premio e la stessa Fondazione \u2013 ha aggiunto Daniela Luchetta \u2013 si fondono con il vissuto ed i principi che accompagnano la vita stessa della Senatrice. Integrazione, rispetto, uguaglianza, rifiuto dell\u2019odio, solidariet\u00e0 e cura, rispetto e tutela dei pi\u00f9 piccoli \u00e8 da sempre la mission di questa onlus\u00bb.\u00a0 \u00a0 \u00a0<\/p>\n<p><strong>Il Premio Speciale Luchetta \u00e8 nato nel 2007, con la prima edizione assegnata all\u2019inviato Ettore Mo<\/strong>. Nelle successive edizioni sono stati premiati Vittorio Zucconi, Piero Angela, Dorothe\u00e9 Ollieric &#8211; France2, Margherita Hack, Ernesto Caffo per i 25 anni di Telefono Azzurro, Francesco Tullio Altan. Simone Cristicchi, Giovanna Botteri, e ancora nel 2016 il Premio \u00e8 stato assegnato alla memoria di Giulio Regeni, nel 2017 al Progetto\u00a0Corridoi Umanitari della Comunit\u00e0 di S. Egidio &#8211; Federazione Chiese Evangeliche &#8211; Tavola Valdese, nel 2018 a Radio Siani e nel 2019 a Riccardo Iacona.\u00a0<\/p>\n","protected":false},"excerpt":{"rendered":"<p>Gioved\u00ec inizia Link Festival<\/p>\n","protected":false},"author":28,"featured_media":34611,"comment_status":"closed","ping_status":"closed","sticky":false,"template":"","format":"standard","meta":{"dwc-title":[],"dwc-content":[],"footnotes":""},"categories":[37],"tags":[],"class_list":["post-34610","post","type-post","status-publish","format-standard","has-post-thumbnail","hentry","category-cultura-e-spettacolo"],"rttpg_featured_image_url":{"full":["https:\/\/imagazine.it\/wp-content\/uploads\/2024\/01\/36233-1.webp",900,647,false],"landscape":["https:\/\/imagazine.it\/wp-content\/uploads\/2024\/01\/36233-1.webp",900,647,false],"portraits":["https:\/\/imagazine.it\/wp-content\/uploads\/2024\/01\/36233-1.webp",900,647,false],"thumbnail":["https:\/\/imagazine.it\/wp-content\/uploads\/2024\/01\/36233-1-150x150.webp",150,150,true],"medium":["https:\/\/imagazine.it\/wp-content\/uploads\/2024\/01\/36233-1-300x216.webp",300,216,true],"large":["https:\/\/imagazine.it\/wp-content\/uploads\/2024\/01\/36233-1.webp",640,460,false],"thumblist":["https:\/\/imagazine.it\/wp-content\/uploads\/2024\/01\/36233-1.webp",300,216,false],"thumbrelated":["https:\/\/imagazine.it\/wp-content\/uploads\/2024\/01\/36233-1.webp",500,359,false],"meccarouselthumb":["https:\/\/imagazine.it\/wp-content\/uploads\/2024\/01\/36233-1.webp",451,324,false],"gridsquare":["https:\/\/imagazine.it\/wp-content\/uploads\/2024\/01\/36233-1.webp",362,260,false],"tileview":["https:\/\/imagazine.it\/wp-content\/uploads\/2024\/01\/36233-1.webp",300,216,false],"1536x1536":["https:\/\/imagazine.it\/wp-content\/uploads\/2024\/01\/36233-1.webp",900,647,false],"2048x2048":["https:\/\/imagazine.it\/wp-content\/uploads\/2024\/01\/36233-1.webp",900,647,false],"newsup-slider-full":["https:\/\/imagazine.it\/wp-content\/uploads\/2024\/01\/36233-1.webp",900,647,false],"newsup-featured":["https:\/\/imagazine.it\/wp-content\/uploads\/2024\/01\/36233-1.webp",900,647,false],"newsup-medium":["https:\/\/imagazine.it\/wp-content\/uploads\/2024\/01\/36233-1-720x380.webp",720,380,true],"tptn_thumbnail":["https:\/\/imagazine.it\/wp-content\/uploads\/2024\/01\/36233-1.webp",250,180,false],"sow-carousel-default":["https:\/\/imagazine.it\/wp-content\/uploads\/2024\/01\/36233-1-272x182.webp",272,182,true]},"rttpg_author":{"display_name":"redazione","author_link":"https:\/\/imagazine.it\/home_desk\/author\/redazione\/"},"rttpg_comment":0,"rttpg_category":"<a href=\"https:\/\/imagazine.it\/home_desk\/category\/cultura-e-spettacolo\/\" rel=\"category tag\">CULTURA&amp;SPETTACOLO<\/a>","rttpg_excerpt":"Gioved\u00ec inizia Link Festival","_links":{"self":[{"href":"https:\/\/imagazine.it\/home_desk\/wp-json\/wp\/v2\/posts\/34610","targetHints":{"allow":["GET"]}}],"collection":[{"href":"https:\/\/imagazine.it\/home_desk\/wp-json\/wp\/v2\/posts"}],"about":[{"href":"https:\/\/imagazine.it\/home_desk\/wp-json\/wp\/v2\/types\/post"}],"author":[{"embeddable":true,"href":"https:\/\/imagazine.it\/home_desk\/wp-json\/wp\/v2\/users\/28"}],"replies":[{"embeddable":true,"href":"https:\/\/imagazine.it\/home_desk\/wp-json\/wp\/v2\/comments?post=34610"}],"version-history":[{"count":0,"href":"https:\/\/imagazine.it\/home_desk\/wp-json\/wp\/v2\/posts\/34610\/revisions"}],"wp:featuredmedia":[{"embeddable":true,"href":"https:\/\/imagazine.it\/home_desk\/wp-json\/wp\/v2\/media\/34611"}],"wp:attachment":[{"href":"https:\/\/imagazine.it\/home_desk\/wp-json\/wp\/v2\/media?parent=34610"}],"wp:term":[{"taxonomy":"category","embeddable":true,"href":"https:\/\/imagazine.it\/home_desk\/wp-json\/wp\/v2\/categories?post=34610"},{"taxonomy":"post_tag","embeddable":true,"href":"https:\/\/imagazine.it\/home_desk\/wp-json\/wp\/v2\/tags?post=34610"}],"curies":[{"name":"wp","href":"https:\/\/api.w.org\/{rel}","templated":true}]}}