{"id":34608,"date":"2020-09-28T00:00:00","date_gmt":"2020-09-27T23:00:00","guid":{"rendered":"https:\/\/imagazine.it\/?p=34608"},"modified":"2020-09-28T00:00:00","modified_gmt":"2020-09-27T23:00:00","slug":"ronchi-il-festival-del-giornalismo-fa-il-pieno-di-applausi","status":"publish","type":"post","link":"https:\/\/imagazine.it\/home_desk\/ronchi-il-festival-del-giornalismo-fa-il-pieno-di-applausi\/","title":{"rendered":"Ronchi, il Festival del Giornalismo fa il pieno di applausi"},"content":{"rendered":"<p>Si \u00e8 chiusa la sesta edizione del Festival del Giornalismo, organizzata da Leali delle Notizie dal 22 al 26 settembre a Ronchi dei Legionari. Mille persone hanno reso possibile una buona riuscita della manifestazione culturale tra spettatori, ospiti, volontari, istituzioni, tecnici e partner.<\/p>\n<p>La maggior parte degli incontri del Festival si sono tenuti per la prima volta in <strong>Piazzetta dell\u2019Emigrante<\/strong>, in un <strong>palatenda<\/strong> allestito appositamente per l\u2019occasione: <strong>sia per garantire il rispetto di tutte le normative ministeriali e regionali contro il Coronavirus e preservare la salute di pubblico, ospiti e volontari<\/strong>; sia per le condizioni metereologiche di settembre che avrebbero altrimenti rovinato tutta l\u2019organizzazione della manifestazione culturale ronchese.<\/p>\n<p>\u00ab<em>Un grande Festival, per nulla semplice, alcune volte in forma ibrida tra presenza e streaming, ha riempito culturalmente cinque giornate nella nostra Ronchi dei Legionari. Un\u2019edizione sicuramente coraggiosa e faticosa, al fine di garantire a tutti la possibilit\u00e0 di assistere agli incontri in condizioni di totale sicurezza<\/em> \u2013 ha affermato <strong>Mauro Benvenuto<\/strong>, assessore alla cultura del Comune di Ronchi dei Legionari \u2013. <em>Un luogo di incontro rappresentato da ospiti nazionali e internazionali, contraddistinto per quantit\u00e0 e molta qualit\u00e0, tenendo la barra su molti temi importanti e sensibili, e soprattutto senza censure, senza bavagli e senza nessun tipo di controllo politico. La nostra \u00e8 una comunit\u00e0 con un\u2019anima, che con entusiasmo e vitalit\u00e0, ha saputo apprezzare il grande lavoro svolto da Leali delle notizie. Siamo grati all\u2019associazione che ha portato oltre che un valore aggiunto anche un ottimo ritorno di immagine a Ronchi dei Legionari<\/em>\u00bb.<\/p>\n<p><strong>23 incontri<\/strong>, <strong>6 presentazioni letterarie<\/strong>, <strong>2 mostre<\/strong> e <strong>82 ospiti<\/strong> hanno arricchito la <strong>sesta edizione del Festival del Giornalismo <\/strong>con una partecipazione in media <strong>fra i 150 e i 200 spettatori<\/strong> a serata.<\/p>\n<p>La lotta contro la mafia e la situazione della libert\u00e0 di stampa nel mondo sono stati temi centrali, in quanto si legano al Premio Leali delle Notizie in memoria di Daphne Caruana Galizia e a tutte le attivit\u00e0 che l\u2019associazione svolge da anni nella difesa della libera informazione.<\/p>\n<p>La <strong>cerimonia di consegna del premio<\/strong> \u00e8 stata presentata dalla corrispondente di guerra e scrittrice <strong>Barbara Schiavulli<\/strong>, che ogni pomeriggio ha mandato in onda sulla sua <strong>Radio Bullets<\/strong> tutti gli aggiornamenti della manifestazione culturale ronchese con il programma <em>Live @ Festival<\/em>.<\/p>\n<p>\u00ab<em>Chi affronta la fatica di mettere su un festival del giornalismo in tempi di coronavirus, chi \u00e8 qui in una serata che sembra quasi invernale, chi riceve un premio in nome di una persona uccisa perch\u00e9 voleva combattere la corruzione di un governo, sceglie, magari senza saperlo, un giornalismo diverso<\/em> \u2013 ha affermato Schiavulli alla cerimonia di consegna del Premio \u2013. <em>Questo mestiere si fa per tutte quelle persone che non hanno voce. Persone che vivono vite difficili. Quelli che la vita la perdono e di cui noi raccogliamo l\u2019eredit\u00e0. Si fa giornalismo per ricordare che non siamo uno, ma tutti. Ed \u00e8 nostro dovere proteggere chi ha bisogno, che sia in prigione per un tweet o insultato da un razzista<\/em>\u00bb.<\/p>\n<p>Il premio, realizzato dall\u2019artista locale<strong> Franco Milani<\/strong>, \u00e8 stato consegnato dalla sorella di Daphne,<strong> Corinne Vella<\/strong>, alla vincitrice<strong> Fabiana Pacella<\/strong>, giornalista che per amore della sua terra, la Puglia, non ha esitato a svolgere indagini e reportage sul panorama politico, imprenditoriale, economico e criminale pugliese. Tra le inchieste di cronaca, quella che ha portato al commissariamento per infiltrazioni mafiose del Comune di Carmiano. In questa occasione il presidente della Federazione Nazionale della Stampa Italiana,<strong> Giuseppe Giulietti<\/strong>, ha sottolineato come Ronchi dei Legionari sia diventata un punto di riferimento per la libert\u00e0 di stampa e di espressione grazie alle iniziative di Leali delle Notizie. \u00ab<em>Le attivit\u00e0 svolte dall\u2019associazione Leali non sono inutili, in quanto si schierano a favore di Daphne, Giulio Regeni e Patrick Zaki chiedendo verit\u00e0 e giustizia per loro e per tutte le persone che vengono minacciate perch\u00e9 svolgono il proprio mestiere<\/em> \u2013 ha affermato Giulietti \u2013. <em>L\u2019articolo 21 della nostra Costituzione afferma il diritto e dovere di essere informati. Vivere sotto scorta \u00e8 una disgrazia e in un paese civile i giornalisti non dovrebbero essere privati della propria libert\u00e0 perch\u00e9 svolgono la propria professione seriamente<\/em>\u00bb.<\/p>\n<p>Il Festival del Giornalismo si \u00e8 chiuso poi con l\u2019incontro <strong><em>\u201cLa mafia uccide, il silenzio pure. L\u2019attualit\u00e0 delle parole di Peppino Impastato ucciso a 30 anni da mano mafiosa\u201d<\/em><\/strong>. Il panel \u00e8 stato introdotto e moderato da <strong>Cristiano Degano<\/strong>, presidente dell\u2019Ordine dei Giornalisti del Friuli Venezia Giulia, che ha dialogato con <strong>Giuseppe Antoci<\/strong>, presidente onorario della Fondazione Caponnetto ed ex presidente del Parco dei Nebrodi, <strong>Antonella Napoli<\/strong>, giornalista e analista di questioni internazionali, <strong>Vincenzo Rubano<\/strong>, giornalista professionista, <strong>Sandro Ruotolo<\/strong>, vincitore del \u201cPremio Leali delle Notizie \u2013 In memoria di Daphne Caruana Galizia\u201d nel 2019 e <strong>Corinne Vella<\/strong>.<\/p>\n<p>Il <strong>Festival<\/strong> non ha parlato solo di libert\u00e0 di stampa e di espressione ma ha anche affrontato in questa edizione <strong>diversi temi di attualit\u00e0<\/strong>: la <strong>migrazione<\/strong>, i <strong>meccanismi della mente umana attraverso l\u2019analisi dei serial killer italiani pi\u00f9 spietati<\/strong>, le <strong>buone notizie<\/strong> e il <strong>Coronavirus<\/strong>. Giornalisti internazionali del <em>The Times<\/em>, della <em>BBC<\/em>, tra cui il direttore della BBC Europa<strong> Richard Colebourn<\/strong>, e di molte altre testate e media stranieri, si sono recati a Ronchi dei Legionari e hanno raccontato <strong>come viene vista l\u2019Italia all\u2019estero<\/strong>, <strong>sottolineando come il nostro Paese sia stato quello che \u00e8 riuscito a gestire meglio a livello mondiale la pandemia di Coronavirus<\/strong>. L\u2019incontro coi giornalisti stranieri \u00e8 stato <strong>uno dei pi\u00f9 apprezzati<\/strong> dal pubblico assieme a quello sulla <strong>strage di Ustica<\/strong>, sulla <strong>situazione delle carceri italiane<\/strong> e sulla <strong>situazione politica in Italia a vent&#39;anni dalla morte di Bettino Craxi<\/strong> con la senatrice <strong>Stefania Craxi<\/strong>. <strong>L\u2019incontro che ha riscosso per\u00f2 in assoluto pi\u00f9 successo \u00e8 stato quello sull\u2019evoluzione del femminismo, riempiendo tutti i 200 posti del palatenda.<\/strong><\/p>\n<p>\u00ab<em>Il Festival del giornalismo \u00e8 un luogo aperto, in cui si confrontano le opinioni. Personalmente non amo i monocolori e questo \u00e8 un evento che apprezzo perch\u00e9 \u00e8 &#39;variopinto&#39;: del resto, se si vuole condividere e ampliare la conoscenza occorre ascoltare le voci pi\u00f9 diverse<\/em> \u2013 ha affermato l&#39;assessore regionale alla Cultura, <strong>Tiziana Gibelli<\/strong>, l\u2019ultima sera del Festival \u2013. <em>\u00c8 un&#39;occasione di incontro, dove \u00e8 garantita la massima libert\u00e0 di espressione, necessario e imprescindibile strumento di crescita per i cittadini e per gli operatori dell&#39;informazione<\/em>\u00bb.<\/p>\n<p>La vincita del bando triennale promosso della Regione per le attivit\u00e0 culturali ha permesso infatti a Leali delle Notizie di ingrandire la manifestazione e di cercare di organizzare un Festival di qualit\u00e0 in tempi di pandemia.<\/p>\n","protected":false},"excerpt":{"rendered":"<p>Conclusa la sesta edizione<\/p>\n","protected":false},"author":28,"featured_media":34609,"comment_status":"closed","ping_status":"closed","sticky":false,"template":"","format":"standard","meta":{"dwc-title":[],"dwc-content":[],"footnotes":""},"categories":[37],"tags":[],"class_list":["post-34608","post","type-post","status-publish","format-standard","has-post-thumbnail","hentry","category-cultura-e-spettacolo"],"rttpg_featured_image_url":{"full":["https:\/\/imagazine.it\/wp-content\/uploads\/2024\/01\/36231-1.webp",1000,650,false],"landscape":["https:\/\/imagazine.it\/wp-content\/uploads\/2024\/01\/36231-1.webp",1000,650,false],"portraits":["https:\/\/imagazine.it\/wp-content\/uploads\/2024\/01\/36231-1.webp",1000,650,false],"thumbnail":["https:\/\/imagazine.it\/wp-content\/uploads\/2024\/01\/36231-1-150x150.webp",150,150,true],"medium":["https:\/\/imagazine.it\/wp-content\/uploads\/2024\/01\/36231-1-300x195.webp",300,195,true],"large":["https:\/\/imagazine.it\/wp-content\/uploads\/2024\/01\/36231-1.webp",640,416,false],"thumblist":["https:\/\/imagazine.it\/wp-content\/uploads\/2024\/01\/36231-1.webp",300,195,false],"thumbrelated":["https:\/\/imagazine.it\/wp-content\/uploads\/2024\/01\/36231-1.webp",500,325,false],"meccarouselthumb":["https:\/\/imagazine.it\/wp-content\/uploads\/2024\/01\/36231-1.webp",474,308,false],"gridsquare":["https:\/\/imagazine.it\/wp-content\/uploads\/2024\/01\/36231-1.webp",391,254,false],"tileview":["https:\/\/imagazine.it\/wp-content\/uploads\/2024\/01\/36231-1.webp",300,195,false],"1536x1536":["https:\/\/imagazine.it\/wp-content\/uploads\/2024\/01\/36231-1.webp",1000,650,false],"2048x2048":["https:\/\/imagazine.it\/wp-content\/uploads\/2024\/01\/36231-1.webp",1000,650,false],"newsup-slider-full":["https:\/\/imagazine.it\/wp-content\/uploads\/2024\/01\/36231-1.webp",1000,650,false],"newsup-featured":["https:\/\/imagazine.it\/wp-content\/uploads\/2024\/01\/36231-1.webp",1000,650,false],"newsup-medium":["https:\/\/imagazine.it\/wp-content\/uploads\/2024\/01\/36231-1-720x380.webp",720,380,true],"tptn_thumbnail":["https:\/\/imagazine.it\/wp-content\/uploads\/2024\/01\/36231-1.webp",250,163,false],"sow-carousel-default":["https:\/\/imagazine.it\/wp-content\/uploads\/2024\/01\/36231-1-272x182.webp",272,182,true]},"rttpg_author":{"display_name":"redazione","author_link":"https:\/\/imagazine.it\/home_desk\/author\/redazione\/"},"rttpg_comment":0,"rttpg_category":"<a href=\"https:\/\/imagazine.it\/home_desk\/category\/cultura-e-spettacolo\/\" rel=\"category tag\">CULTURA&amp;SPETTACOLO<\/a>","rttpg_excerpt":"Conclusa la sesta edizione","_links":{"self":[{"href":"https:\/\/imagazine.it\/home_desk\/wp-json\/wp\/v2\/posts\/34608","targetHints":{"allow":["GET"]}}],"collection":[{"href":"https:\/\/imagazine.it\/home_desk\/wp-json\/wp\/v2\/posts"}],"about":[{"href":"https:\/\/imagazine.it\/home_desk\/wp-json\/wp\/v2\/types\/post"}],"author":[{"embeddable":true,"href":"https:\/\/imagazine.it\/home_desk\/wp-json\/wp\/v2\/users\/28"}],"replies":[{"embeddable":true,"href":"https:\/\/imagazine.it\/home_desk\/wp-json\/wp\/v2\/comments?post=34608"}],"version-history":[{"count":0,"href":"https:\/\/imagazine.it\/home_desk\/wp-json\/wp\/v2\/posts\/34608\/revisions"}],"wp:featuredmedia":[{"embeddable":true,"href":"https:\/\/imagazine.it\/home_desk\/wp-json\/wp\/v2\/media\/34609"}],"wp:attachment":[{"href":"https:\/\/imagazine.it\/home_desk\/wp-json\/wp\/v2\/media?parent=34608"}],"wp:term":[{"taxonomy":"category","embeddable":true,"href":"https:\/\/imagazine.it\/home_desk\/wp-json\/wp\/v2\/categories?post=34608"},{"taxonomy":"post_tag","embeddable":true,"href":"https:\/\/imagazine.it\/home_desk\/wp-json\/wp\/v2\/tags?post=34608"}],"curies":[{"name":"wp","href":"https:\/\/api.w.org\/{rel}","templated":true}]}}