{"id":34604,"date":"2020-09-28T00:00:00","date_gmt":"2020-09-27T23:00:00","guid":{"rendered":"https:\/\/imagazine.it\/?p=34604"},"modified":"2020-09-28T00:00:00","modified_gmt":"2020-09-27T23:00:00","slug":"societa-filologica-friulana-congresso-a-fiumicello","status":"publish","type":"post","link":"https:\/\/imagazine.it\/home_desk\/societa-filologica-friulana-congresso-a-fiumicello\/","title":{"rendered":"Societ\u00e0 Filologica Friulana, congresso a Fiumicello"},"content":{"rendered":"<p>Sette pi\u00f9 dei numeri della tombola, tre meno del secolo: numeri significativi per il XCVII Congresso sociale della Societ\u00e0 Filologica Friulana.<\/p>\n<p>L\u2019onore \u00e8 toccato al Comune di Fiumicello Villa Vicentina, un Comune nuovo di zecca, che ha messo insieme le forze per avere possibilit\u00e0 di sviluppo.<\/p>\n<p>Un insieme di paesi, un tempo sede di pi\u00f9 parrocchie, che si sono ridotte a due, con un cospicuo patrimonio artistico e di memorie.<\/p>\n<p>Anteprima, venerd\u00ec 2 ottobre, alle 20.30, nella sala \u201cBison\u201d di Fiumicello: la proiezione del documentario \u201cL\u2019Atlante della memoria\u201d, del regista <strong>Dorino Minigutti<\/strong>, che tratta della vita e dell\u2019opera di Ugo Pellis, linguista, glottologo e antropologo di fama mondiale, nato a Fiumicello.<\/p>\n<p>Il Congresso si svolger\u00e0 domenica 4 ottobre; inizio con la messa in friulano nella chiesa di San Valentino (alle 9), poi accoglienza dei congressisti in Piazzale dei Tigli da parte della banda \u201cTita Michelas\u201d diretta dal m.o <strong>Giorgio Cannistr\u00e0<\/strong>.<\/p>\n<p>Mezz\u2019ora dopo, nella sala \u201cBison\u201d (via Gramsci, 6), benvenuto da parte del Gruppo Corale \u201cLorenzo Perosi\u201d, diretto dal m.o <strong>Fulvia Miniussi<\/strong>. Poi, il via ai lavori, con i saluti di rappresentanti della gente e dirigenti della Filologica, e le relazioni di <strong>Nedi Tonzar<\/strong>, che parler\u00e0 dell\u2019ambiente; di Dorino Minigutti, che illustrer\u00e0 il suo lavoro su Ugo Pellis, e di <strong>Ferrucio Tassin<\/strong>, che presenter\u00e0, brevemente, il numero unico \u201cFlumisel La Vila\u201d.<\/p>\n<p>Il volume, in 550 pagine (una quarantina di contributi da parte di una trentina di autori), si propone di gettare luce sulla storia, l\u2019onomastica e la storia dell\u2019arte dei paesi che formano il Comune, per poi soffermarsi su alcuni momenti.<\/p>\n<p>Sono come delle lenti di ingrandimento nel raccontare del tempo.<\/p>\n<p>Stesso spirito, per la sezione che riguarda luoghi e personaggi, e per la sezione che riguarda l\u2019economia e\u2026il futuro.<\/p>\n<p>Dunque, tutto su Flumisel e La Vila?<\/p>\n<p>No, la storia, e la cultura, a 360\u00b0, si fa per addizioni: c\u2019\u00e8 un futuro, e ci sono maree di argomenti, e personaggi, che aspettano di essere studiati\u2026<\/p>\n<p>Il numero unico sar\u00e0 presentato anche in maniera pi\u00f9 analitica: a Fiumicello, marted\u00ec 6 ottobre, alle 20.30, nella sala \u201cBison\u201d, e a La Vila, marted\u00ec 13, alla stessa ora, nella sala polifunzionale di Piazza Colpo, 2.<\/p>\n<p>Si capisce che, dato il momento, bisogna prenotarsi per tutto e si arriva a partecipare fino all\u2019esaurimento dei posti.<\/p>\n<p>Alla sicurezza di sempre, ora si aggiunge un motivo in pi\u00f9 per tutelare la incolumit\u00e0 di ogni persona. Difatti, il congresso vuol dire \u201cinsieme\u201d, ma ogni persona \u00e8 un patrimonio, con la propria cultura e la propria lingua (nel nostro caso, friulana), che non vuole imporsi agli altri, ma vivere \u201cinsieme\u201d.<\/p>\n","protected":false},"excerpt":{"rendered":"<p>Domenica 4 ottobre<\/p>\n","protected":false},"author":18,"featured_media":34605,"comment_status":"closed","ping_status":"closed","sticky":false,"template":"","format":"standard","meta":{"dwc-title":[],"dwc-content":[],"footnotes":""},"categories":[37],"tags":[],"class_list":["post-34604","post","type-post","status-publish","format-standard","has-post-thumbnail","hentry","category-cultura-e-spettacolo"],"rttpg_featured_image_url":{"full":["https:\/\/imagazine.it\/wp-content\/uploads\/2024\/01\/36227-1.webp",750,499,false],"landscape":["https:\/\/imagazine.it\/wp-content\/uploads\/2024\/01\/36227-1.webp",750,499,false],"portraits":["https:\/\/imagazine.it\/wp-content\/uploads\/2024\/01\/36227-1.webp",750,499,false],"thumbnail":["https:\/\/imagazine.it\/wp-content\/uploads\/2024\/01\/36227-1-150x150.webp",150,150,true],"medium":["https:\/\/imagazine.it\/wp-content\/uploads\/2024\/01\/36227-1-300x200.webp",300,200,true],"large":["https:\/\/imagazine.it\/wp-content\/uploads\/2024\/01\/36227-1.webp",640,426,false],"thumblist":["https:\/\/imagazine.it\/wp-content\/uploads\/2024\/01\/36227-1.webp",300,200,false],"thumbrelated":["https:\/\/imagazine.it\/wp-content\/uploads\/2024\/01\/36227-1.webp",500,333,false],"meccarouselthumb":["https:\/\/imagazine.it\/wp-content\/uploads\/2024\/01\/36227-1.webp",474,315,false],"gridsquare":["https:\/\/imagazine.it\/wp-content\/uploads\/2024\/01\/36227-1.webp",391,260,false],"tileview":["https:\/\/imagazine.it\/wp-content\/uploads\/2024\/01\/36227-1.webp",300,200,false],"1536x1536":["https:\/\/imagazine.it\/wp-content\/uploads\/2024\/01\/36227-1.webp",750,499,false],"2048x2048":["https:\/\/imagazine.it\/wp-content\/uploads\/2024\/01\/36227-1.webp",750,499,false],"newsup-slider-full":["https:\/\/imagazine.it\/wp-content\/uploads\/2024\/01\/36227-1.webp",750,499,false],"newsup-featured":["https:\/\/imagazine.it\/wp-content\/uploads\/2024\/01\/36227-1.webp",750,499,false],"newsup-medium":["https:\/\/imagazine.it\/wp-content\/uploads\/2024\/01\/36227-1-720x380.webp",720,380,true],"tptn_thumbnail":["https:\/\/imagazine.it\/wp-content\/uploads\/2024\/01\/36227-1.webp",250,166,false],"sow-carousel-default":["https:\/\/imagazine.it\/wp-content\/uploads\/2024\/01\/36227-1-272x182.webp",272,182,true]},"rttpg_author":{"display_name":"Ferruccio Tassin","author_link":"https:\/\/imagazine.it\/home_desk\/author\/tassin\/"},"rttpg_comment":0,"rttpg_category":"<a href=\"https:\/\/imagazine.it\/home_desk\/category\/cultura-e-spettacolo\/\" rel=\"category tag\">CULTURA&amp;SPETTACOLO<\/a>","rttpg_excerpt":"Domenica 4 ottobre","_links":{"self":[{"href":"https:\/\/imagazine.it\/home_desk\/wp-json\/wp\/v2\/posts\/34604","targetHints":{"allow":["GET"]}}],"collection":[{"href":"https:\/\/imagazine.it\/home_desk\/wp-json\/wp\/v2\/posts"}],"about":[{"href":"https:\/\/imagazine.it\/home_desk\/wp-json\/wp\/v2\/types\/post"}],"author":[{"embeddable":true,"href":"https:\/\/imagazine.it\/home_desk\/wp-json\/wp\/v2\/users\/18"}],"replies":[{"embeddable":true,"href":"https:\/\/imagazine.it\/home_desk\/wp-json\/wp\/v2\/comments?post=34604"}],"version-history":[{"count":0,"href":"https:\/\/imagazine.it\/home_desk\/wp-json\/wp\/v2\/posts\/34604\/revisions"}],"wp:featuredmedia":[{"embeddable":true,"href":"https:\/\/imagazine.it\/home_desk\/wp-json\/wp\/v2\/media\/34605"}],"wp:attachment":[{"href":"https:\/\/imagazine.it\/home_desk\/wp-json\/wp\/v2\/media?parent=34604"}],"wp:term":[{"taxonomy":"category","embeddable":true,"href":"https:\/\/imagazine.it\/home_desk\/wp-json\/wp\/v2\/categories?post=34604"},{"taxonomy":"post_tag","embeddable":true,"href":"https:\/\/imagazine.it\/home_desk\/wp-json\/wp\/v2\/tags?post=34604"}],"curies":[{"name":"wp","href":"https:\/\/api.w.org\/{rel}","templated":true}]}}