{"id":34600,"date":"2020-09-25T00:00:00","date_gmt":"2020-09-24T23:00:00","guid":{"rendered":"https:\/\/imagazine.it\/?p=34600"},"modified":"2020-09-25T00:00:00","modified_gmt":"2020-09-24T23:00:00","slug":"da-fogliano-a-grado-tra-le-chiese-del-cinquecento","status":"publish","type":"post","link":"https:\/\/imagazine.it\/home_desk\/da-fogliano-a-grado-tra-le-chiese-del-cinquecento\/","title":{"rendered":"Da Fogliano a Grado tra le chiese del Cinquecento"},"content":{"rendered":"<p>Riscoprire il patrimonio storico, culturale e religioso costituito dalle numerose chiese cinquecentesche sparse nel territorio della <strong>Bisiacaria<\/strong> e della <strong>Bassa friulana<\/strong>.<\/p>\n<p>Questo lo scopo principale del progetto \u201c<strong>Le chiese del Cinquecento \u2013 riscoperta di un patrimonio del Territorio<\/strong>\u201d, ideato e in fase di realizzazione dalla Pro Loco Fogliano Redipuglia assieme a vari partner.<\/p>\n<p>L\u2019uscita \u00e8 prevista, nel pieno rispetto delle normative anti-covid, il 3 ottobre. Il Territorio della Bisiacaria e la Bassa Friulana offrono numerosi spunti storico-naturalistici dai quali scaturiscono, quasi naturalmente, variopinti percorsi da effettuare non solo a piedi o in bicicletta ma con la mente e il cuore, spaziando da antiche trabeature a secolari affreschi, con la freschezza del verde della natura che avvolge questi scrigni di fede e di arte.<\/p>\n<p>Si tratta delle numerose chiesette del Cinquecento e del Seicento che hanno resistito a secoli e a guerre per giungere fino a noi. Testimoni del lontano passato e dell\u2019immutabile fede dei popoli che qui hanno vissuto e continuano a vivere, chiudono il cerchio della visita. Con un filo rosso ideale, i vari percorsi ricreati cercano di unire pi\u00f9 testimonianze possibili, coniugando il piacere di muoversi con i ritmi di un tempo alla conoscenza storico-architettonica odierna.<\/p>\n<p>Dalla chiesa di Santa Maria in Monte, risalente al 1521, fino a Barbana, si possono visitare gli edifici che furono ricostruiti dopo la violenta invasione turca del 1499, assaporare la gloria del Patriarcato d\u2019Aquileia e gli antichi fasti di quello gradese, senza dimenticare la solida ma dolce fede della millenaria Laguna.<\/p>\n<p>Cos\u00ec si crea un percorso che pu\u00f2 essere sviluppato sia a piedi che in bicicletta attraverso le principali vie di comunicazione. La Pro Loco, di fatto, ha creato una carta geografica con i riferimenti di vari edifici religiosi, compresi quelli non pi\u00f9 esistenti come la chiesetta di Redipuglia, poi ricostruita nel primo dopoguerra, o quella di San Poletto a Monfalcone. A collaborare anche i sodalizi di Bisiachinbici, per la realizzazione del percorso ciclistico, e i Campanari del Goriziano per la creazione, durante la prima uscita del progetto, di un\u2019apposita esibizione di campanari nella localit\u00e0 di San Zanut. Da Sagrado a Fogliano, fino a Ronchi dei Legionari, San Pier d\u2019Isonzo e San Canzian, varie sono le localit\u00e0 e gli edifici che si possono scoprire e riscoprire, arrivando fino ad Aquileia e Grado.<\/p>\n<p>Il percorso di <strong>sabato 3 ottobre<\/strong>, per il quale \u00e8 necessaria la prenotazione, prevede il ritrovo alle 9.30 a Fogliano presso la <strong>Chiesa di santa Elisabetta a Fogliano Redipuglia<\/strong>, accanto al municipio. Chi desidera effettuare il percorso in bici potr\u00e0 caricare la bicicletta sul pullman in modo da utilizzarla per la seconda parte del percorso. Quindi la visita guidata alla <strong>Chiesa di Santa Maria in Monte<\/strong>, a <strong>Santo Stefano antico a Vermegliano<\/strong> e <strong>San Giovanni Battista a San Zanut<\/strong> con esibizione dei campanari bisiachi. Seguir\u00e0 il pranzo presso la Societ\u00e0 Agricola Gandin Marcellino (da pagarsi in loco al costo di 15 euro). Al termine il gruppo proseguir\u00e0 in bici per chi lo desidera oppure in pullman. Visita guidata della <strong>Chiesa parrocchiale di San Canzian<\/strong> assieme a San Proto e alla Rotonda, ad <strong>Aquileia<\/strong> con <strong>San Marco in Belvedere<\/strong> e a <strong>Grado<\/strong> con il complesso basilicale comprendente la <strong>Basilica Patriarcale di Sant\u2019Eufemia<\/strong>, il <strong>Battistero di San Giovanni e Santa Maria delle Grazie<\/strong>. In serata rientro per tutti in pullman fino al luogo di partenza.<\/p>\n<p>Il progetto, finanziato dalla Regione FriuliVenezia Giulia nel filone dei bandi turistici con la legge 21\/2016, potr\u00e0 anche svilupparsi in futuro con ulteriori edizioni sia delle uscite che per la realizzazione di un\u2019apposita cartellonistica per una migliore fruizione e conoscenza del territorio.<\/p>\n","protected":false},"excerpt":{"rendered":"<p>Esordio sabato 3 ottobre<\/p>\n","protected":false},"author":28,"featured_media":34601,"comment_status":"closed","ping_status":"closed","sticky":false,"template":"","format":"standard","meta":{"dwc-title":[],"dwc-content":[],"footnotes":""},"categories":[8],"tags":[],"class_list":["post-34600","post","type-post","status-publish","format-standard","has-post-thumbnail","hentry","category-turismo"],"rttpg_featured_image_url":{"full":["https:\/\/imagazine.it\/wp-content\/uploads\/2024\/01\/36207-1.webp",1000,664,false],"landscape":["https:\/\/imagazine.it\/wp-content\/uploads\/2024\/01\/36207-1.webp",1000,664,false],"portraits":["https:\/\/imagazine.it\/wp-content\/uploads\/2024\/01\/36207-1.webp",1000,664,false],"thumbnail":["https:\/\/imagazine.it\/wp-content\/uploads\/2024\/01\/36207-1-150x150.webp",150,150,true],"medium":["https:\/\/imagazine.it\/wp-content\/uploads\/2024\/01\/36207-1-300x199.webp",300,199,true],"large":["https:\/\/imagazine.it\/wp-content\/uploads\/2024\/01\/36207-1.webp",640,425,false],"thumblist":["https:\/\/imagazine.it\/wp-content\/uploads\/2024\/01\/36207-1.webp",300,199,false],"thumbrelated":["https:\/\/imagazine.it\/wp-content\/uploads\/2024\/01\/36207-1.webp",500,332,false],"meccarouselthumb":["https:\/\/imagazine.it\/wp-content\/uploads\/2024\/01\/36207-1.webp",474,315,false],"gridsquare":["https:\/\/imagazine.it\/wp-content\/uploads\/2024\/01\/36207-1.webp",391,260,false],"tileview":["https:\/\/imagazine.it\/wp-content\/uploads\/2024\/01\/36207-1.webp",300,199,false],"1536x1536":["https:\/\/imagazine.it\/wp-content\/uploads\/2024\/01\/36207-1.webp",1000,664,false],"2048x2048":["https:\/\/imagazine.it\/wp-content\/uploads\/2024\/01\/36207-1.webp",1000,664,false],"newsup-slider-full":["https:\/\/imagazine.it\/wp-content\/uploads\/2024\/01\/36207-1.webp",1000,664,false],"newsup-featured":["https:\/\/imagazine.it\/wp-content\/uploads\/2024\/01\/36207-1.webp",1000,664,false],"newsup-medium":["https:\/\/imagazine.it\/wp-content\/uploads\/2024\/01\/36207-1-720x380.webp",720,380,true],"tptn_thumbnail":["https:\/\/imagazine.it\/wp-content\/uploads\/2024\/01\/36207-1.webp",250,166,false],"sow-carousel-default":["https:\/\/imagazine.it\/wp-content\/uploads\/2024\/01\/36207-1-272x182.webp",272,182,true]},"rttpg_author":{"display_name":"redazione","author_link":"https:\/\/imagazine.it\/home_desk\/author\/redazione\/"},"rttpg_comment":0,"rttpg_category":"<a href=\"https:\/\/imagazine.it\/home_desk\/category\/turismo\/\" rel=\"category tag\">TURISMO<\/a>","rttpg_excerpt":"Esordio sabato 3 ottobre","_links":{"self":[{"href":"https:\/\/imagazine.it\/home_desk\/wp-json\/wp\/v2\/posts\/34600","targetHints":{"allow":["GET"]}}],"collection":[{"href":"https:\/\/imagazine.it\/home_desk\/wp-json\/wp\/v2\/posts"}],"about":[{"href":"https:\/\/imagazine.it\/home_desk\/wp-json\/wp\/v2\/types\/post"}],"author":[{"embeddable":true,"href":"https:\/\/imagazine.it\/home_desk\/wp-json\/wp\/v2\/users\/28"}],"replies":[{"embeddable":true,"href":"https:\/\/imagazine.it\/home_desk\/wp-json\/wp\/v2\/comments?post=34600"}],"version-history":[{"count":0,"href":"https:\/\/imagazine.it\/home_desk\/wp-json\/wp\/v2\/posts\/34600\/revisions"}],"wp:featuredmedia":[{"embeddable":true,"href":"https:\/\/imagazine.it\/home_desk\/wp-json\/wp\/v2\/media\/34601"}],"wp:attachment":[{"href":"https:\/\/imagazine.it\/home_desk\/wp-json\/wp\/v2\/media?parent=34600"}],"wp:term":[{"taxonomy":"category","embeddable":true,"href":"https:\/\/imagazine.it\/home_desk\/wp-json\/wp\/v2\/categories?post=34600"},{"taxonomy":"post_tag","embeddable":true,"href":"https:\/\/imagazine.it\/home_desk\/wp-json\/wp\/v2\/tags?post=34600"}],"curies":[{"name":"wp","href":"https:\/\/api.w.org\/{rel}","templated":true}]}}