{"id":34586,"date":"2020-09-24T00:00:00","date_gmt":"2020-09-23T23:00:00","guid":{"rendered":"https:\/\/imagazine.it\/?p=34586"},"modified":"2020-09-24T00:00:00","modified_gmt":"2020-09-23T23:00:00","slug":"cervignano-anche-tosca-per-la-stagione-del-pasolini","status":"publish","type":"post","link":"https:\/\/imagazine.it\/home_desk\/cervignano-anche-tosca-per-la-stagione-del-pasolini\/","title":{"rendered":"Cervignano, anche Tosca per la stagione del Pasolini"},"content":{"rendered":"<p>Presentata la nuova stagione artistica del Teatro Pasolini, intitolata<strong> t\u2019immaginovicino<\/strong>, tra proposte teatrali, di danza, musica e cinema.<\/p>\n<p><strong>La stagione si inaugura <\/strong>il <strong>21 ottobre, <\/strong>per proseguire<strong> fino al 15 aprile<\/strong>, con <strong>9 serate <\/strong>in abbonamento del percorso di <strong>prosa e danza<\/strong>, <strong>8 serate<\/strong> <strong>di concerti<\/strong> dal vivo in abbonamento della stagione di <strong>musica<\/strong>, <strong>2 serate fuori abbonamento<\/strong> a ingresso libero.<\/p>\n<p>Alle<strong> 19 serate <\/strong>del programma vanno aggiunte le serate della <strong>programmazione settimanale di cinema<\/strong> in prima visione e d\u2019autore, con le novit\u00e0 e le rassegne speciali per gli adulti e anche per il pubblico delle famiglie e dei bambini, e le matin\u00e9e di <strong>Contatto TIG Teatro per le nuove generazioni, <\/strong>la stagione teatrale riservata agli studenti dalle scuole dell\u2019infanzia alle primarie e superiori di primo e secondo grado che quest\u2019anno ritorner\u00e0 in teatro a partire da gennaio 2021.<\/p>\n<p>I protagonisti della <strong>stagione di teatro e danza<\/strong> (a cura del\u00a0 CSS Teatro stabile di innovazione del FVG) saranno: <strong>Alessandro Bergonzoni<\/strong> (che inaugura con la sua illuminante comicit\u00e0 la stagione con <em>Trascendi e Sali<\/em>, 21 ottobre), la <strong>Compagnia del CSS<\/strong> diretta da <strong>Rita Maffei<\/strong> con <em>Vanja a Cervignano<\/em> (3-4-5 novembre), <strong>Sabrina Morena e Laura Bussani<\/strong> propongono una riflessione sull\u2019emergenza femminicidi per il 25 novembre, Giornata internazionale contro la violenza alle donne, in <em>Io non sono un numero<strong>, <\/strong><\/em><strong>Elvira Frosini e Daniele<\/strong> Timpano sono protagonisti dell\u2019epopea sul potere nella Romania dei Ceausescu in <em>Gli sposi, romanian tragedy <\/em>(16 dicembre). Il 23 gennaio, <strong>Fabio Troiano e Irene Ferri<\/strong> sono i protagonisti di <em>La camera azzurra<\/em>, un noir che scandaglia le fragilit\u00e0 umane, dal romanzo di Georges Simenon, <strong>Arearea <\/strong>presenta <em>Il rovescio<\/em>, su coreografia di <strong>Marta Bevilacqua<\/strong> (19 febbraio), il 9 marzo due grandi prime donne del teatro italiano, <strong>Anna Maria Guarnieri e Giulia Lazzarini<\/strong> con un grande successo di Broadway e del grande schermo, <em>Arsenico E Vecchi Merletti, <\/em>il 18 marzo <strong>Isabella Ragonese<\/strong> in un atto unico scritto per lei da <strong>Lucia Calamaro<\/strong> <em>(Da lontano &#8211; Chiusa sul rimpianto), <\/em>il 26 marzo <strong>Mario Perrotta<\/strong> racconta le trasformazioni dei ruoli nelle famiglie millennials ne <em>Il nome del padre<\/em>, finale di stagione con <em>Fieste<\/em>, l\u20198 aprile, con il <strong>Teatro Incerto<\/strong>.<\/p>\n<p><strong>La stagione di musica si avvia dal 30 ottobre con <\/strong><em>lo show dei quindici anni<\/em> dei <strong>Playa Desnuda<\/strong>, il 13 novembre<\/p>\n<p><strong>Vittorio De Scalzi, <\/strong>cofondatore e voce dei New Trolls<strong>, <\/strong>porta sulle scene <em>Il Suonatore Jones<\/em> (13 novembre) ispirato all\u2019\u201cAntologia di Spoon River. Il 28 novembre il ritorno di <strong>Uri Caine<\/strong>, il pianista, compositore e arrangiatore, in trio acustico con <strong>Mark Helias<\/strong> e <strong>Ben Perowsky<\/strong>, il 18 dicembre, Concerto Gospel con <strong>The NuVoices Project.<\/strong> Il 15 gennaio, un tributo alla canzone d\u2019autore italiana di <strong>Edoardo De Angelis<\/strong>, con il<strong> c<\/strong>hitarrista <strong>Michele Ascolese<\/strong>, ne <em>Il Cantautore Necessario<\/em>. Il <strong>27 febbraio <\/strong>segna il ritorno di<strong> Cristina Don\u00e0, <\/strong>una delle voci pi\u00f9 originali della scena musicale italiana, con il suo nuovissimo progetto <em>Perpendicolare<\/em>. <strong>Laura Morante <\/strong>(13 marzo), superba interprete del teatro e del cinema italiano, ci conduce, assieme all\u2019<strong>Ensemble Lumi\u00e8re<\/strong>, nell\u2019universo pi\u00f9 intimo del grande Astor Piazzolla, nel centenario della sua nascita.<\/p>\n<p>La stagione musicale si chiude il<strong> 20 marzo <\/strong>con il concerto-evento di <strong>Tosca<\/strong>, <em>Morabeza, <\/em>un viaggio nella musica del mondo.<\/p>\n<p>La nuova stagione si arricchisce quest\u2019anno anche di<strong> anteprime<\/strong>:<strong> i<\/strong>l<strong> 2 ottobre, <\/strong>all\u2019Auditorium San Zorz, a <strong>San Giorgio di Nogaro (ore 17.30)<\/strong>, uno spettacolo per adulti e bambini, <strong><em>Mattia e il nonno<\/em><\/strong>, dall\u2019omonimo racconto di Roberto Piumini, sar\u00e0 un\u2019occasione per promuovere la partecipazione all\u2019offerta culturale e di spettacolo della nuova stagione del Teatro Pasolini. Il <strong>9, 10, 11 ottobre<\/strong> si continua, in collaborazione con la III edizione del<strong> Festival del coraggio, <\/strong>con alcuni<strong> eventi <\/strong>che si realizzano con il sostegno dell\u2019<strong>Associazione culturale Teatro Pasolini. \u00a0<\/strong><\/p>\n<p><strong>La campagna abbonamenti \u00e8 organizzata in due fasi: <\/strong>dal 26 settembre all\u20198 ottobre, una fase di rinnovo degli abbonamenti. Dal 9 ottobre al 21 ottobre si potranno invece sottoscrivere nuovi abbonamenti alla stagione di teatro e danza e all\u2019abbonamento omnibus, mentre dal 9 al 30 ottobre quelli alla stagione di musicale. \u00a0<\/p>\n<p><a href=\"http:\/\/imagazinevideotruck.it\/outlet\/relink.html\" target=\"_top\" rel=\"noopener\"><img loading=\"lazy\" decoding=\"async\" align=\"LEFT\" height=\"250\" src=\"http:\/\/imagazinevideotruck.it\/outlet\/outlet30.gif\" width=\"300\" alt=\"\" title=\"\"><\/a><\/p>\n<p>\u00a0<\/p>\n<p>\u00a0<\/p>\n<p>\u00a0<\/p>\n<p>\u00a0<\/p>\n<p>\u00a0<\/p>\n<p>\u00a0<\/p>\n<p>\u00a0<\/p>\n<p>\u00a0<\/p>\n<p>\u00a0<\/p>\n<p><strong>La biglietteria del Teatro Pasolini<\/strong>, in piazza Indipendenza, sar\u00e0 aperta con il seguente orario: marted\u00ec, mercoled\u00ec e venerd\u00ec ore 16-18, gioved\u00ec e sabato ore 10-12. Info al sito: <a href=\"http:\/\/www.teatropasolini.it\/\" target=\"_blank\" rel=\"noopener\">www.teatropasolini.it<\/a>.<\/p>\n<p>La nuova stagione \u00e8 stata presentata agli spettatori, cittadini e alla stampa al Teatro Pasolini di Cervignano alla presenza del sindaco <strong>Gianluigi Savino<\/strong>, di <strong>Alessia Zambon<\/strong>, assessore alla cultura del Comune di Cervignano, mentre il programma artistico viene illustrato dai soci curatori artistici dell\u2019Associazione\u00a0 culturale Teatro Pasolini <strong>Giancarlo Velliscig<\/strong> (Presidente dell\u2019Associazione culturale Teatro Pasolini e direttore artistico di Euritmica), <strong>Alberto Bevilacqua<\/strong> e <strong>Luisa Schiratti<\/strong> (co-direttori artistici CSS Teatro stabile di innovazione del FVG), <strong>Giorgio Nogherotto<\/strong> (Cooperativa Bonawentura).<\/p>\n","protected":false},"excerpt":{"rendered":"<p>Presentato il cartellone<\/p>\n","protected":false},"author":22,"featured_media":34587,"comment_status":"closed","ping_status":"closed","sticky":false,"template":"","format":"standard","meta":{"dwc-title":[],"dwc-content":[],"footnotes":""},"categories":[37],"tags":[],"class_list":["post-34586","post","type-post","status-publish","format-standard","has-post-thumbnail","hentry","category-cultura-e-spettacolo"],"rttpg_featured_image_url":{"full":["https:\/\/imagazine.it\/wp-content\/uploads\/2024\/01\/36179-1.webp",1000,667,false],"landscape":["https:\/\/imagazine.it\/wp-content\/uploads\/2024\/01\/36179-1.webp",1000,667,false],"portraits":["https:\/\/imagazine.it\/wp-content\/uploads\/2024\/01\/36179-1.webp",1000,667,false],"thumbnail":["https:\/\/imagazine.it\/wp-content\/uploads\/2024\/01\/36179-1-150x150.webp",150,150,true],"medium":["https:\/\/imagazine.it\/wp-content\/uploads\/2024\/01\/36179-1-300x200.webp",300,200,true],"large":["https:\/\/imagazine.it\/wp-content\/uploads\/2024\/01\/36179-1.webp",640,427,false],"thumblist":["https:\/\/imagazine.it\/wp-content\/uploads\/2024\/01\/36179-1.webp",300,200,false],"thumbrelated":["https:\/\/imagazine.it\/wp-content\/uploads\/2024\/01\/36179-1.webp",500,334,false],"meccarouselthumb":["https:\/\/imagazine.it\/wp-content\/uploads\/2024\/01\/36179-1.webp",474,316,false],"gridsquare":["https:\/\/imagazine.it\/wp-content\/uploads\/2024\/01\/36179-1.webp",391,260,false],"tileview":["https:\/\/imagazine.it\/wp-content\/uploads\/2024\/01\/36179-1.webp",300,200,false],"1536x1536":["https:\/\/imagazine.it\/wp-content\/uploads\/2024\/01\/36179-1.webp",1000,667,false],"2048x2048":["https:\/\/imagazine.it\/wp-content\/uploads\/2024\/01\/36179-1.webp",1000,667,false],"newsup-slider-full":["https:\/\/imagazine.it\/wp-content\/uploads\/2024\/01\/36179-1.webp",1000,667,false],"newsup-featured":["https:\/\/imagazine.it\/wp-content\/uploads\/2024\/01\/36179-1.webp",1000,667,false],"newsup-medium":["https:\/\/imagazine.it\/wp-content\/uploads\/2024\/01\/36179-1-720x380.webp",720,380,true],"tptn_thumbnail":["https:\/\/imagazine.it\/wp-content\/uploads\/2024\/01\/36179-1.webp",250,167,false],"sow-carousel-default":["https:\/\/imagazine.it\/wp-content\/uploads\/2024\/01\/36179-1-272x182.webp",272,182,true]},"rttpg_author":{"display_name":"Livio Nonis","author_link":"https:\/\/imagazine.it\/home_desk\/author\/nonis\/"},"rttpg_comment":0,"rttpg_category":"<a href=\"https:\/\/imagazine.it\/home_desk\/category\/cultura-e-spettacolo\/\" rel=\"category tag\">CULTURA&amp;SPETTACOLO<\/a>","rttpg_excerpt":"Presentato il cartellone","_links":{"self":[{"href":"https:\/\/imagazine.it\/home_desk\/wp-json\/wp\/v2\/posts\/34586","targetHints":{"allow":["GET"]}}],"collection":[{"href":"https:\/\/imagazine.it\/home_desk\/wp-json\/wp\/v2\/posts"}],"about":[{"href":"https:\/\/imagazine.it\/home_desk\/wp-json\/wp\/v2\/types\/post"}],"author":[{"embeddable":true,"href":"https:\/\/imagazine.it\/home_desk\/wp-json\/wp\/v2\/users\/22"}],"replies":[{"embeddable":true,"href":"https:\/\/imagazine.it\/home_desk\/wp-json\/wp\/v2\/comments?post=34586"}],"version-history":[{"count":0,"href":"https:\/\/imagazine.it\/home_desk\/wp-json\/wp\/v2\/posts\/34586\/revisions"}],"wp:featuredmedia":[{"embeddable":true,"href":"https:\/\/imagazine.it\/home_desk\/wp-json\/wp\/v2\/media\/34587"}],"wp:attachment":[{"href":"https:\/\/imagazine.it\/home_desk\/wp-json\/wp\/v2\/media?parent=34586"}],"wp:term":[{"taxonomy":"category","embeddable":true,"href":"https:\/\/imagazine.it\/home_desk\/wp-json\/wp\/v2\/categories?post=34586"},{"taxonomy":"post_tag","embeddable":true,"href":"https:\/\/imagazine.it\/home_desk\/wp-json\/wp\/v2\/tags?post=34586"}],"curies":[{"name":"wp","href":"https:\/\/api.w.org\/{rel}","templated":true}]}}