{"id":34584,"date":"2020-09-23T00:00:00","date_gmt":"2020-09-22T23:00:00","guid":{"rendered":"https:\/\/imagazine.it\/?p=34584"},"modified":"2020-09-23T00:00:00","modified_gmt":"2020-09-22T23:00:00","slug":"gorizia-anche-fedriga-allinaugurazione-di-contea","status":"publish","type":"post","link":"https:\/\/imagazine.it\/home_desk\/gorizia-anche-fedriga-allinaugurazione-di-contea\/","title":{"rendered":"Gorizia, anche Fedriga all&#8217;inaugurazione di Contea"},"content":{"rendered":"<p>Una rievocazione in abiti medievali che ripercorrer\u00e0 il momento in cui il nome di Gorizia si affacci\u00f2 per la prima volta nella storia ufficiale inaugurer\u00e0 la prima edizione di Contea, in programma nel capoluogo isontino dal 24 al 27 settembre.<\/p>\n<p>Alla presentazione della manifestazione, che intreccia storia, cultura ed enogastronomia,\u00a0gioved\u00ec a partire dalle 18, ai Giardini pubblici, nella Tenda Mainardo, sar\u00e0 presente anche il presidente della giunta regionale <strong>Massimiliano Fedriga<\/strong>.<\/p>\n<p>\u201cSiamo di fronte a un\u2019iniziativa che diventer\u00e0 un punto fermo nella programmazione annuale degli eventi goriziani &#8211; rimarca il sindaco di Gorizia, <strong>Rodolfo Ziberna<\/strong>, che ha presentato oggi le ultime novit\u00e0 insieme agli assessori <strong>Fabrizio Oreti<\/strong>, <strong>Marilena Bernobich<\/strong> e <strong>Stefano Ceretta<\/strong> mentre l\u2019assessore <strong>Roberto Sartori<\/strong>\u00a0era impegnato nella commissione per le misure sulla sicurezza -, perch\u00e9 valorizza la storia di questo territorio nei suoi vari aspetti enfatizzando una delle sue caratteristiche principali, ovvero l\u2019intreccio con altre aree, storie, culture e cucine europee. Nessun\u2019altro confine come quello goriziano riesce a essere compendio della storia d\u2019Europa e, in questo, si incastra perfettamente la candidatura a capitale europea della cultura di Nova Gorica e Gorizia ma anche quella a patrimonio Unisco del Collio\u2013Brda.<\/p>\n<p>Sia il <u><a href=\"http:\/\/www.imagazine.it\/eventi\/contea\" target=\"_blank\" rel=\"noopener\">programma culturale sia quello enogastronomico<\/a><\/u> rispecchieranno questa filosofia, con gli inevitabili e sempre graditi sconfinamenti\u201d.<\/p>\n<p>Tra gli ospiti nel <em>Villaggio della mente<\/em> attesi <strong>Valerio Massimo Manfredi<\/strong>, <strong>Paolo Mieli<\/strong>, <strong>Angelo Floramo<\/strong>, <strong>Marco Englaro<\/strong> e <strong>Carlotta Kovatsch<\/strong>. Ma ci saranno anche autori e storici locali, con il coinvolgimento delle librerie goriziane. E poi spettacoli teatrali, concerti e rievocazioni.<\/p>\n<p>Attesa anche per\u00a0il <em>Villaggio del gusto<\/em> in <strong>piazza Battisti<\/strong> dove ci saranno molti piatti tipici.<\/p>\n<p>Per poter partecipare alla manifestazione \u201cContea\u201d \u00e8 necessario effettuare una registrazione sul sito\u00a0<u><a href=\"http:\/\/www.gocontea.it\/\" target=\"_blank\" rel=\"noopener\">www.gocontea.it<\/a><\/u>.\u00a0Una volta aperta la pagina web verranno richiesti alcuni dati obbligatori, in particolare nome, cognome, la email, il numero di telefono e, alla fine baster\u00e0 cliccare sul tasto \u201cregistra\u201d.<\/p>\n<p>A questo punto verr\u00e0 inoltrata una mail con all\u2019interno un QR CODE che dovr\u00e0 essere mostrato agli addetti presenti alle porte di ingresso della manifestazione sia quando si entra che quando si esce.\u00a0Il biglietto (QR CODE) ottenuto consentir\u00e0 l\u2019accesso alla manifestazione per tutti i 4 giorni della stessa.\u00a0Si consiglia di effettuare la registrazione in anticipo (\u00e8 possibile farlo anche da casa) ma la si potr\u00e0 effettuare anche all\u2019ingresso, da Corso Verdi, e sar\u00e0 possibile ottenerla anche nel modello cartaceo.<\/p>\n<p>I varchi d\u2019accesso saranno dotati di termo scanner.<\/p>\n","protected":false},"excerpt":{"rendered":"<p>Gioved\u00ec alle ore 18<\/p>\n","protected":false},"author":28,"featured_media":34585,"comment_status":"closed","ping_status":"closed","sticky":false,"template":"","format":"standard","meta":{"dwc-title":[],"dwc-content":[],"footnotes":""},"categories":[8],"tags":[],"class_list":["post-34584","post","type-post","status-publish","format-standard","has-post-thumbnail","hentry","category-turismo"],"rttpg_featured_image_url":{"full":["https:\/\/imagazine.it\/wp-content\/uploads\/2024\/01\/36173-1.webp",1000,666,false],"landscape":["https:\/\/imagazine.it\/wp-content\/uploads\/2024\/01\/36173-1.webp",1000,666,false],"portraits":["https:\/\/imagazine.it\/wp-content\/uploads\/2024\/01\/36173-1.webp",1000,666,false],"thumbnail":["https:\/\/imagazine.it\/wp-content\/uploads\/2024\/01\/36173-1-150x150.webp",150,150,true],"medium":["https:\/\/imagazine.it\/wp-content\/uploads\/2024\/01\/36173-1-300x200.webp",300,200,true],"large":["https:\/\/imagazine.it\/wp-content\/uploads\/2024\/01\/36173-1.webp",640,426,false],"thumblist":["https:\/\/imagazine.it\/wp-content\/uploads\/2024\/01\/36173-1.webp",300,200,false],"thumbrelated":["https:\/\/imagazine.it\/wp-content\/uploads\/2024\/01\/36173-1.webp",500,333,false],"meccarouselthumb":["https:\/\/imagazine.it\/wp-content\/uploads\/2024\/01\/36173-1.webp",474,316,false],"gridsquare":["https:\/\/imagazine.it\/wp-content\/uploads\/2024\/01\/36173-1.webp",391,260,false],"tileview":["https:\/\/imagazine.it\/wp-content\/uploads\/2024\/01\/36173-1.webp",300,200,false],"1536x1536":["https:\/\/imagazine.it\/wp-content\/uploads\/2024\/01\/36173-1.webp",1000,666,false],"2048x2048":["https:\/\/imagazine.it\/wp-content\/uploads\/2024\/01\/36173-1.webp",1000,666,false],"newsup-slider-full":["https:\/\/imagazine.it\/wp-content\/uploads\/2024\/01\/36173-1.webp",1000,666,false],"newsup-featured":["https:\/\/imagazine.it\/wp-content\/uploads\/2024\/01\/36173-1.webp",1000,666,false],"newsup-medium":["https:\/\/imagazine.it\/wp-content\/uploads\/2024\/01\/36173-1-720x380.webp",720,380,true],"tptn_thumbnail":["https:\/\/imagazine.it\/wp-content\/uploads\/2024\/01\/36173-1.webp",250,167,false],"sow-carousel-default":["https:\/\/imagazine.it\/wp-content\/uploads\/2024\/01\/36173-1-272x182.webp",272,182,true]},"rttpg_author":{"display_name":"redazione","author_link":"https:\/\/imagazine.it\/home_desk\/author\/redazione\/"},"rttpg_comment":0,"rttpg_category":"<a href=\"https:\/\/imagazine.it\/home_desk\/category\/turismo\/\" rel=\"category tag\">TURISMO<\/a>","rttpg_excerpt":"Gioved\u00ec alle ore 18","_links":{"self":[{"href":"https:\/\/imagazine.it\/home_desk\/wp-json\/wp\/v2\/posts\/34584","targetHints":{"allow":["GET"]}}],"collection":[{"href":"https:\/\/imagazine.it\/home_desk\/wp-json\/wp\/v2\/posts"}],"about":[{"href":"https:\/\/imagazine.it\/home_desk\/wp-json\/wp\/v2\/types\/post"}],"author":[{"embeddable":true,"href":"https:\/\/imagazine.it\/home_desk\/wp-json\/wp\/v2\/users\/28"}],"replies":[{"embeddable":true,"href":"https:\/\/imagazine.it\/home_desk\/wp-json\/wp\/v2\/comments?post=34584"}],"version-history":[{"count":0,"href":"https:\/\/imagazine.it\/home_desk\/wp-json\/wp\/v2\/posts\/34584\/revisions"}],"wp:featuredmedia":[{"embeddable":true,"href":"https:\/\/imagazine.it\/home_desk\/wp-json\/wp\/v2\/media\/34585"}],"wp:attachment":[{"href":"https:\/\/imagazine.it\/home_desk\/wp-json\/wp\/v2\/media?parent=34584"}],"wp:term":[{"taxonomy":"category","embeddable":true,"href":"https:\/\/imagazine.it\/home_desk\/wp-json\/wp\/v2\/categories?post=34584"},{"taxonomy":"post_tag","embeddable":true,"href":"https:\/\/imagazine.it\/home_desk\/wp-json\/wp\/v2\/tags?post=34584"}],"curies":[{"name":"wp","href":"https:\/\/api.w.org\/{rel}","templated":true}]}}