{"id":34562,"date":"2020-09-21T00:00:00","date_gmt":"2020-09-20T23:00:00","guid":{"rendered":"https:\/\/imagazine.it\/?p=34562"},"modified":"2020-09-21T00:00:00","modified_gmt":"2020-09-20T23:00:00","slug":"villaggio-barcolana-spazio-alle-barche","status":"publish","type":"post","link":"https:\/\/imagazine.it\/home_desk\/villaggio-barcolana-spazio-alle-barche\/","title":{"rendered":"Villaggio Barcolana, spazio alle barche"},"content":{"rendered":"<p>Rive libere dalle automobili parcheggiate, dal Molo Audace alla Stazione Marittima, le barche e gli equipaggi in primo piano, Piazza dell\u2019Unit\u00e0 dedicata alla presenza dei Gold sponsor e delle iniziative promozionali, Piazza Verdi \u201cspazio eventi\u201d grazie alla collaborazione del Comune, Scala Reale con Infopoint e lo studio di Linea Blu, e davanti alla Marittima il compound televisivo e alcuni \u201cpaddock\u201d, spazi dedicati agli equipaggi.\u00a0<strong>L\u2019edizione 52 della Barcolana a terra \u00e8 stata studiata per evitare assembramenti, ampliare il raggio d\u2019azione, coinvolgere tutta la citt\u00e0 e mantenere la tradizionale passeggiata sulle Rive per ammirare le barche<\/strong>.<\/p>\n<p><strong>La prima regola della Barcolana a terra \u00e8 quella di esserci senza creare assembramenti e di organizzare un evento sicuro<\/strong>, affidando enogastronomia, ristorazione e vendita a negozianti, ristoratori e albergatori di Trieste che gi\u00e0 seguono le regole per prevenire la diffusione del Coronavirus. In questa particolare Barcolana52, lungo le Rive si potr\u00e0 passeggiare e ammirare le imbarcazioni ormeggiate, vedere i protagonisti della regata e condividere l\u2019attesa della Barcolana. Si potr\u00e0 inoltre partecipare agli eventi organizzati in Piazza Unit\u00e0, in Piazza Verdi e in numerose altre location, come il Porto Vecchio e il Castello di Miramare. Per l\u2019enogastronomia e lo shopping ci sar\u00e0 invece tutta la citt\u00e0 a disposizione, collegata all\u2019evento grazie a un Concorso Vetrine organizzato con Fipe e Confcommercio e una \u201crotta\u201d della ristorazione che valorizza le proposte tipiche.<\/p>\n<p><strong>Stamani, coordinata dal Prefetto, alla presenza di tutte le istituzioni e delle forze dell\u2019ordine si \u00e8 svolto il vertice sicurezza in vista della 52.a edizione della Barcolana<\/strong>. Il vertice ha permesso di sintetizzare alcuni punti chiave: impegno congiunto a evitare gli assembramenti, sensibilizzazione all\u2019utilizzo delle mascherine e continuo coordinamento, come sempre avvenuto in passato, tra le diverse forze dell\u2019ordine. Un\u2019attenzione particolare \u00e8 stata richiesta dal Prefetto nella sensibilizzazione del pubblico sui temi di protezione dal Covid, ma anche di logistica, per favorire l\u2019utilizzo dei parcheggi periferici, in particolare in Porto Vecchio, e garantire un afflusso delle persone in centro nel modo pi\u00f9 semplice e sicuro.<\/p>\n<p><a href=\"http:\/\/imagazinevideotruck.it\/outlet\/relink.html\" target=\"_top\" rel=\"noopener\"><img loading=\"lazy\" decoding=\"async\" align=\"LEFT\" height=\"250\" src=\"http:\/\/imagazinevideotruck.it\/outlet\/outlet30.gif\" width=\"300\" alt=\"\" title=\"\"><\/a><\/p>\n<p>\u00a0<\/p>\n<p>\u00a0<\/p>\n<p>\u00a0<\/p>\n<p>\u00a0<\/p>\n<p>\u00a0<\/p>\n<p>\u00a0<\/p>\n<p>\u00a0<\/p>\n<p>\u00a0<\/p>\n<p>\u00a0<\/p>\n<p>\u201c<em>Voglio ringraziare tutte le istituzioni, il Prefetto, il Questore, il Sindaco, i vertici dell\u2019Autorit\u00e0 Portuale, il Comandante della Capitaneria di Porto e tutte le Forze dell\u2019Ordine<\/em>\u00a0&#8211; ha dichiarato il presidente della Societ\u00e0 Velica di Barcola e Grignano,\u00a0<strong>Mitja Gialuz<\/strong>\u00a0&#8211;\u00a0<em>perch\u00e9 insieme vogliamo dimostrare che un evento come Barcolana si pu\u00f2 fare, e si far\u00e0 rispettando le regole che insieme ci siamo dati<\/em>\u201d.<\/p>\n<p>\u201c<em>Abbiamo deciso di rinunciare al villaggio sulle Rive nella sua conformazione tradizionale<\/em>\u00a0&#8211; ha commentato ancora\u00a0<strong>Gialuz<\/strong>\u00a0&#8211;\u00a0<em>perch\u00e9 avremmo dovuto creare un grande recinto con ingressi e uscite, e questo non avrebbe rappresentato lo spirito dell\u2019evento. La prima decisione che avevamo preso gi\u00e0 a marzo era poi quella di aiutare tutti gli esercenti in quest&#39;anno cos\u00ec complicato. Il nostro obiettivo \u00e8 stato da subito quello di coinvolgere in queste settimane pi\u00f9 negozi possibili, affinch\u00e9 l&#39;intera citt\u00e0 &#8211; anche nei rioni meno centrali &#8211; si sentisse partecipe dell\u2019evento e beneficiasse del volano indotto da Barcolana<\/em>\u201d.<\/p>\n<p><strong>Barcolana a terra avr\u00e0 il proprio centro di gravit\u00e0 in Piazza dell\u2019Unit\u00e0<\/strong>\u00a0&#8211; dove le strutture che saranno utilizzate sono in parte frutto della sinergia con Trieste Next e con Link &#8211;\u00a0<strong>e nel suo prolungamento naturale fino alla Scala Reale<\/strong>, dove si troveranno gli hospitality dei Gold sponsor, l\u2019Infopoint e gli spazi dedicati alla RAI, anche quest\u2019anno Main Media Partner dell\u2019evento.<\/p>\n<p>Barcolana 52 avr\u00e0 quindi una dimensione pi\u00f9 marinara: \u201c<em>Ci godremo le serate in pozzetto, le chiacchiere in banchina, condivideremo con la citt\u00e0 il nostro originario spirito marinaro<\/em>\u00a0&#8211; ha detto ancora\u00a0<strong>Gialuz<\/strong>\u00a0&#8211;\u00a0<em>ritrovando una Barcolana pi\u00f9 semplice. Stiamo mettendo grande impegno nel disegnare un evento che renda sempre pi\u00f9 protagonisti i nostri regatanti, che hanno scelto di esserci, di navigare fin qui per ribadire l\u2019importanza della vela, anche in un momento come questo<\/em>\u201d.<\/p>\n","protected":false},"excerpt":{"rendered":"<p>La conferma dal vertice in Prefettura<\/p>\n","protected":false},"author":28,"featured_media":34563,"comment_status":"closed","ping_status":"closed","sticky":false,"template":"","format":"standard","meta":{"dwc-title":[],"dwc-content":[],"footnotes":""},"categories":[8],"tags":[],"class_list":["post-34562","post","type-post","status-publish","format-standard","has-post-thumbnail","hentry","category-turismo"],"rttpg_featured_image_url":{"full":["https:\/\/imagazine.it\/wp-content\/uploads\/2024\/01\/36133-1.webp",1000,667,false],"landscape":["https:\/\/imagazine.it\/wp-content\/uploads\/2024\/01\/36133-1.webp",1000,667,false],"portraits":["https:\/\/imagazine.it\/wp-content\/uploads\/2024\/01\/36133-1.webp",1000,667,false],"thumbnail":["https:\/\/imagazine.it\/wp-content\/uploads\/2024\/01\/36133-1-150x150.webp",150,150,true],"medium":["https:\/\/imagazine.it\/wp-content\/uploads\/2024\/01\/36133-1-300x200.webp",300,200,true],"large":["https:\/\/imagazine.it\/wp-content\/uploads\/2024\/01\/36133-1.webp",640,427,false],"thumblist":["https:\/\/imagazine.it\/wp-content\/uploads\/2024\/01\/36133-1.webp",300,200,false],"thumbrelated":["https:\/\/imagazine.it\/wp-content\/uploads\/2024\/01\/36133-1.webp",500,334,false],"meccarouselthumb":["https:\/\/imagazine.it\/wp-content\/uploads\/2024\/01\/36133-1.webp",474,316,false],"gridsquare":["https:\/\/imagazine.it\/wp-content\/uploads\/2024\/01\/36133-1.webp",391,260,false],"tileview":["https:\/\/imagazine.it\/wp-content\/uploads\/2024\/01\/36133-1.webp",300,200,false],"1536x1536":["https:\/\/imagazine.it\/wp-content\/uploads\/2024\/01\/36133-1.webp",1000,667,false],"2048x2048":["https:\/\/imagazine.it\/wp-content\/uploads\/2024\/01\/36133-1.webp",1000,667,false],"newsup-slider-full":["https:\/\/imagazine.it\/wp-content\/uploads\/2024\/01\/36133-1.webp",1000,667,false],"newsup-featured":["https:\/\/imagazine.it\/wp-content\/uploads\/2024\/01\/36133-1.webp",1000,667,false],"newsup-medium":["https:\/\/imagazine.it\/wp-content\/uploads\/2024\/01\/36133-1-720x380.webp",720,380,true],"tptn_thumbnail":["https:\/\/imagazine.it\/wp-content\/uploads\/2024\/01\/36133-1.webp",250,167,false],"sow-carousel-default":["https:\/\/imagazine.it\/wp-content\/uploads\/2024\/01\/36133-1-272x182.webp",272,182,true]},"rttpg_author":{"display_name":"redazione","author_link":"https:\/\/imagazine.it\/home_desk\/author\/redazione\/"},"rttpg_comment":0,"rttpg_category":"<a href=\"https:\/\/imagazine.it\/home_desk\/category\/turismo\/\" rel=\"category tag\">TURISMO<\/a>","rttpg_excerpt":"La conferma dal vertice in Prefettura","_links":{"self":[{"href":"https:\/\/imagazine.it\/home_desk\/wp-json\/wp\/v2\/posts\/34562","targetHints":{"allow":["GET"]}}],"collection":[{"href":"https:\/\/imagazine.it\/home_desk\/wp-json\/wp\/v2\/posts"}],"about":[{"href":"https:\/\/imagazine.it\/home_desk\/wp-json\/wp\/v2\/types\/post"}],"author":[{"embeddable":true,"href":"https:\/\/imagazine.it\/home_desk\/wp-json\/wp\/v2\/users\/28"}],"replies":[{"embeddable":true,"href":"https:\/\/imagazine.it\/home_desk\/wp-json\/wp\/v2\/comments?post=34562"}],"version-history":[{"count":0,"href":"https:\/\/imagazine.it\/home_desk\/wp-json\/wp\/v2\/posts\/34562\/revisions"}],"wp:featuredmedia":[{"embeddable":true,"href":"https:\/\/imagazine.it\/home_desk\/wp-json\/wp\/v2\/media\/34563"}],"wp:attachment":[{"href":"https:\/\/imagazine.it\/home_desk\/wp-json\/wp\/v2\/media?parent=34562"}],"wp:term":[{"taxonomy":"category","embeddable":true,"href":"https:\/\/imagazine.it\/home_desk\/wp-json\/wp\/v2\/categories?post=34562"},{"taxonomy":"post_tag","embeddable":true,"href":"https:\/\/imagazine.it\/home_desk\/wp-json\/wp\/v2\/tags?post=34562"}],"curies":[{"name":"wp","href":"https:\/\/api.w.org\/{rel}","templated":true}]}}