{"id":34544,"date":"2020-09-18T00:00:00","date_gmt":"2020-09-17T23:00:00","guid":{"rendered":"https:\/\/imagazine.it\/?p=34544"},"modified":"2020-09-18T00:00:00","modified_gmt":"2020-09-17T23:00:00","slug":"palmanova-riqualificata-la-palazzina-della-casa-di-riposo","status":"publish","type":"post","link":"https:\/\/imagazine.it\/home_desk\/palmanova-riqualificata-la-palazzina-della-casa-di-riposo\/","title":{"rendered":"Palmanova, riqualificata la palazzina della Casa di Riposo"},"content":{"rendered":"<p>Con l\u2019inaugurazione di oggi, si chiudono i principali lavori di riqualificazione sullo stabile di Contrada Savognan della Casa di riposo ASP \u201cArdito Desio\u201d di Palmanova.<\/p>\n<p>\u201cFinalmente, dopo anni di vicissitudini burocratiche e difficolt\u00e0, siamo giunti alla\u00a0conclusione dei lavori che hanno permesso di rinnovare completamente gli spazi della palazzina\u201d, commenta il presidente dell\u2019ASP\u00a0<strong>Claudio Kovatsch<\/strong>, assieme al direttore\u00a0<strong>Flavio Cosatto<\/strong>.<\/p>\n<p>Lavori iniziati nel 2011 con le precedenti gestioni della struttura e che hanno visto un primo\u00a0<strong>investimento di 2.136.000 euro<\/strong>, in parte coperto da contributo regionale e da un mutuo regionale, per opere di manutenzione straordinaria che hanno comportato il sopraelevamento di una parte della palazzina, il rifacimento completo dell\u2019impiantistica, l\u2019abbattimento di tutte le barriere architettoniche e la posa di nuovi serramenti e nuove porte. Altri 465.000 euro, grazie a un altro contributo regionale, sono stati investiti per migliorare la resistenza antisismica. Un nuovo impegno finanziario ha visto arrivare 490.000 euro dalla Regione a cui si sono aggiunti 700.000 di mutuo acceso dall\u2019ASP stessa per il completamento dell\u2019edificio oggetto dell\u2019inaugurazione odierna.\u00a0<strong>I lavori di efficientamento energetico, per un valore di circa 550.000 euro<\/strong>, sono gi\u00e0 stati appalti e di questi un primo lotto gi\u00e0 \u00e8 stato concluso.<\/p>\n<p>\u201cPer il grande lavoro svolto \u2013aggiunge <strong>Kovatsch<\/strong> \u2013ringrazio le ditte che hanno effettuato gli interventi nonch\u00e9 tutti i soggetti che ci hanno aiutato a giungere a questo risultato.\u00a0<strong>Un abbraccio ideale va a tutti i dipendenti e collaboratori esterni,\u00a0<\/strong>impegnati quotidianamente nell&#39;obiettivo comune di salvaguardare salute e benessere degli ospiti. Ora, ancora di pi\u00f9,\u00a0<strong>abbiamo una struttura rinnovata e adeguata alle esigenze degli ospiti<\/strong>\u201d.<\/p>\n<p>Il programma dei lavori proseguir\u00e0 con la progettazione esecutiva e successiva realizzazione dei lavori per l\u2019obbligatorio processo di riclassificazione della residenza protetta: il\u00a0<strong>contributo di 1.000.000 di euro sul bando EISA 2019 permetter\u00e0 la realizzazione di nuove camere di degenza<\/strong>, consentendo alla struttura di passare dagli attuali 94 posti letto per non autosufficienti ai futuri 103 posti letto e la redistribuzione ottimale dei locali da adibire al servizio di animazione, di fisioterapia e degli uffici amministrativi.<\/p>\n<p>\u201cServe un\u2019attenzione particolare \u2013 afferma il sindaco di Palmanova, <strong>Francesco Martines<\/strong> \u2013 a strutture sensibili come le case di riposo. Sono stati anni di contatti quotidiani con la dirigenza dell\u2019ASP per risolvere i mille problemi che ora sono finalmente superati. Con orgoglio rivendichiamo una gestione sana, con prevalenza di personale dipendente, rette contenute e un servizio di qualit\u00e0.\u00a0Con grande gioia riapriremo finalmente il secondo anello e l\u2019anno prossimo anche il terzo, grazie ai lavori di costruzione della nuova stazione del trasporto pubblico locale\u201d.<\/p>\n<p><a href=\"http:\/\/imagazinevideotruck.it\/outlet\/relink.html\" target=\"_top\" rel=\"noopener\"><img loading=\"lazy\" decoding=\"async\" align=\"LEFT\" height=\"250\" src=\"http:\/\/imagazinevideotruck.it\/outlet\/outlet30.gif\" width=\"300\" alt=\"\" title=\"\"><\/a><\/p>\n<p>\u00a0<\/p>\n<p>\u00a0<\/p>\n<p>\u00a0<\/p>\n<p>\u00a0<\/p>\n<p>\u00a0<\/p>\n<p>\u00a0<\/p>\n<p>\u00a0<\/p>\n<p>\u00a0<\/p>\n<p>\u00a0<\/p>\n<p>Durante la cerimonia d\u2019inaugurazione il primo cittadino ha voluto\u00a0<strong>consegnare un encomio ufficiale dedicato a tutti gli operatori dell\u2019ASP<\/strong>\u00a0per l\u2019impegno messo nel fronteggiare \u201ctutti insieme, uniti, con spiccato spirito di sacrificio l\u2019emergenza sanitaria Covid-19\u201d<\/p>\n<p>\u201cLa nostra massima gratitudine \u2013 sottolinea l\u2019assessore regionale alla sanit\u00e0\u00a0<strong>Riccardo Riccardi<\/strong> \u2013 deve andare al personale sanitario per\u00a0come ha e sta affrontando le difficolt\u00e0 della crisi sanitaria. Strutture come questa sono importanti perch\u00e9 offrono un servizio che si innesta tra il domicilio e la struttura sanitaria ospedaliera.\u00a0Dobbiamo lavorare sulla fragilit\u00e0: la vera scommessa del futuro \u00e8 riformare il sistema di gestione di questo livello di assistenza, per assicurare massima tranquilla ad ospiti, professionalit\u00e0 sanitarie e famiglie.\u00a0Complimenti per i risultati e il lavoro svolto qui a Palmanova\u201d.<\/p>\n","protected":false},"excerpt":{"rendered":"<p>Cerimonia di inaugurazione alla &#8220;Ardito Desio&#8221;<\/p>\n","protected":false},"author":28,"featured_media":34545,"comment_status":"closed","ping_status":"closed","sticky":false,"template":"","format":"standard","meta":{"dwc-title":[],"dwc-content":[],"footnotes":""},"categories":[5],"tags":[],"class_list":["post-34544","post","type-post","status-publish","format-standard","has-post-thumbnail","hentry","category-attualita"],"rttpg_featured_image_url":{"full":["https:\/\/imagazine.it\/wp-content\/uploads\/2024\/01\/36109-1.webp",1000,750,false],"landscape":["https:\/\/imagazine.it\/wp-content\/uploads\/2024\/01\/36109-1.webp",1000,750,false],"portraits":["https:\/\/imagazine.it\/wp-content\/uploads\/2024\/01\/36109-1.webp",1000,750,false],"thumbnail":["https:\/\/imagazine.it\/wp-content\/uploads\/2024\/01\/36109-1-150x150.webp",150,150,true],"medium":["https:\/\/imagazine.it\/wp-content\/uploads\/2024\/01\/36109-1-300x225.webp",300,225,true],"large":["https:\/\/imagazine.it\/wp-content\/uploads\/2024\/01\/36109-1.webp",640,480,false],"thumblist":["https:\/\/imagazine.it\/wp-content\/uploads\/2024\/01\/36109-1.webp",300,225,false],"thumbrelated":["https:\/\/imagazine.it\/wp-content\/uploads\/2024\/01\/36109-1.webp",500,375,false],"meccarouselthumb":["https:\/\/imagazine.it\/wp-content\/uploads\/2024\/01\/36109-1.webp",432,324,false],"gridsquare":["https:\/\/imagazine.it\/wp-content\/uploads\/2024\/01\/36109-1.webp",347,260,false],"tileview":["https:\/\/imagazine.it\/wp-content\/uploads\/2024\/01\/36109-1.webp",300,225,false],"1536x1536":["https:\/\/imagazine.it\/wp-content\/uploads\/2024\/01\/36109-1.webp",1000,750,false],"2048x2048":["https:\/\/imagazine.it\/wp-content\/uploads\/2024\/01\/36109-1.webp",1000,750,false],"newsup-slider-full":["https:\/\/imagazine.it\/wp-content\/uploads\/2024\/01\/36109-1-1000x720.webp",1000,720,true],"newsup-featured":["https:\/\/imagazine.it\/wp-content\/uploads\/2024\/01\/36109-1.webp",1000,750,false],"newsup-medium":["https:\/\/imagazine.it\/wp-content\/uploads\/2024\/01\/36109-1-720x380.webp",720,380,true],"tptn_thumbnail":["https:\/\/imagazine.it\/wp-content\/uploads\/2024\/01\/36109-1.webp",250,188,false],"sow-carousel-default":["https:\/\/imagazine.it\/wp-content\/uploads\/2024\/01\/36109-1-272x182.webp",272,182,true]},"rttpg_author":{"display_name":"redazione","author_link":"https:\/\/imagazine.it\/home_desk\/author\/redazione\/"},"rttpg_comment":0,"rttpg_category":"<a href=\"https:\/\/imagazine.it\/home_desk\/category\/attualita\/\" rel=\"category tag\">ATTUALIT\u00c0<\/a>","rttpg_excerpt":"Cerimonia di inaugurazione alla \"Ardito Desio\"","_links":{"self":[{"href":"https:\/\/imagazine.it\/home_desk\/wp-json\/wp\/v2\/posts\/34544","targetHints":{"allow":["GET"]}}],"collection":[{"href":"https:\/\/imagazine.it\/home_desk\/wp-json\/wp\/v2\/posts"}],"about":[{"href":"https:\/\/imagazine.it\/home_desk\/wp-json\/wp\/v2\/types\/post"}],"author":[{"embeddable":true,"href":"https:\/\/imagazine.it\/home_desk\/wp-json\/wp\/v2\/users\/28"}],"replies":[{"embeddable":true,"href":"https:\/\/imagazine.it\/home_desk\/wp-json\/wp\/v2\/comments?post=34544"}],"version-history":[{"count":0,"href":"https:\/\/imagazine.it\/home_desk\/wp-json\/wp\/v2\/posts\/34544\/revisions"}],"wp:featuredmedia":[{"embeddable":true,"href":"https:\/\/imagazine.it\/home_desk\/wp-json\/wp\/v2\/media\/34545"}],"wp:attachment":[{"href":"https:\/\/imagazine.it\/home_desk\/wp-json\/wp\/v2\/media?parent=34544"}],"wp:term":[{"taxonomy":"category","embeddable":true,"href":"https:\/\/imagazine.it\/home_desk\/wp-json\/wp\/v2\/categories?post=34544"},{"taxonomy":"post_tag","embeddable":true,"href":"https:\/\/imagazine.it\/home_desk\/wp-json\/wp\/v2\/tags?post=34544"}],"curies":[{"name":"wp","href":"https:\/\/api.w.org\/{rel}","templated":true}]}}