{"id":34542,"date":"2020-09-18T00:00:00","date_gmt":"2020-09-17T23:00:00","guid":{"rendered":"https:\/\/imagazine.it\/?p=34542"},"modified":"2020-09-18T00:00:00","modified_gmt":"2020-09-17T23:00:00","slug":"trieste-airport-riprendono-i-collegamenti-con-monaco-di-baviera","status":"publish","type":"post","link":"https:\/\/imagazine.it\/home_desk\/trieste-airport-riprendono-i-collegamenti-con-monaco-di-baviera\/","title":{"rendered":"Trieste Airport, riprendono i collegamenti con Monaco di Baviera"},"content":{"rendered":"<p>Il primo ottobre 2020 riparte il collegamento tra Trieste Airport e Monaco di Baviera operato dal vettore aereo Lufthansa; il volo operer\u00e0 dal luned\u00ec al venerd\u00ec con una frequenza giornaliera in arrivo dall\u2019hub tedesco alle ore 16.25 e in partenza da Ronchi dei Legionari alle ore 17. A partire dal 25 ottobre si aggiunger\u00e0 il volo della domenica.\u00a0<\/p>\n<p>Il volo da\/per Monaco garantisce per il Friuli Venezia Giulia il ripristino dei collegamenti verso destinazioni internazionali e intercontinentali.<\/p>\n<p>\u201cDopo un\u2019attenta analisi della domanda costantemente monitorata in questi mesi, la ripresa dei voli su Monaco evidenzia un importante segno di fiducia della compagnia aerea nei confronti del Friuli Venezia Giulia e conferma che il nostro territorio ha voglia di rimettersi in viaggio, cosa che confidiamo possa portare a un incremento progressivo delle frequenze da parte del vettore\u201d, ha dichiarato l\u2019amministratore delegato di Trieste Airport, <strong>Marco Consalvo<\/strong>.\u00a0<\/p>\n<p><a href=\"http:\/\/imagazinevideotruck.it\/outlet\/relink.html\" target=\"_top\" rel=\"noopener\"><img loading=\"lazy\" decoding=\"async\" align=\"LEFT\" height=\"250\" src=\"http:\/\/imagazinevideotruck.it\/outlet\/outlet30.gif\" width=\"300\" alt=\"\" title=\"\"><\/a><\/p>\n<p>\u00a0<\/p>\n<p>\u00a0<\/p>\n<p>\u00a0<\/p>\n<p>\u00a0<\/p>\n<p>\u00a0<\/p>\n<p>\u00a0<\/p>\n<p>\u00a0<\/p>\n<p>\u00a0<\/p>\n<p>\u00a0<\/p>\n<p>\u201cSiamo felici di tornare a volare su Trieste dal nostro hub di Monaco. Il momento di difficolt\u00e0 che attraversa tutto il settore non sta intaccando l\u2019importanza che il mercato italiano riveste nelle nostre strategie ed \u00e8 il motivo per cui continueremo a offrire ai passeggeri italiani, <em>leisure<\/em> e <em>business<\/em>, la possibilit\u00e0 di raggiungere tutte le destinazioni presenti all\u2019interno del network Lufthansa Group, beneficiando di tutta la flessibilit\u00e0 garantita dalle nostre nuove condizioni di rebooking\u201d ha commentato <strong>Steffen Weinstok<\/strong>, Senior Director Sales Italy &#038; Malta Lufthansa Group.<\/p>\n","protected":false},"excerpt":{"rendered":"<p>Da gioved\u00ec 1 ottobre<\/p>\n","protected":false},"author":28,"featured_media":34543,"comment_status":"closed","ping_status":"closed","sticky":false,"template":"","format":"standard","meta":{"dwc-title":[],"dwc-content":[],"footnotes":""},"categories":[5],"tags":[],"class_list":["post-34542","post","type-post","status-publish","format-standard","has-post-thumbnail","hentry","category-attualita"],"rttpg_featured_image_url":{"full":["https:\/\/imagazine.it\/wp-content\/uploads\/2024\/01\/36100-1.webp",1000,667,false],"landscape":["https:\/\/imagazine.it\/wp-content\/uploads\/2024\/01\/36100-1.webp",1000,667,false],"portraits":["https:\/\/imagazine.it\/wp-content\/uploads\/2024\/01\/36100-1.webp",1000,667,false],"thumbnail":["https:\/\/imagazine.it\/wp-content\/uploads\/2024\/01\/36100-1-150x150.webp",150,150,true],"medium":["https:\/\/imagazine.it\/wp-content\/uploads\/2024\/01\/36100-1-300x200.webp",300,200,true],"large":["https:\/\/imagazine.it\/wp-content\/uploads\/2024\/01\/36100-1.webp",640,427,false],"thumblist":["https:\/\/imagazine.it\/wp-content\/uploads\/2024\/01\/36100-1.webp",300,200,false],"thumbrelated":["https:\/\/imagazine.it\/wp-content\/uploads\/2024\/01\/36100-1.webp",500,334,false],"meccarouselthumb":["https:\/\/imagazine.it\/wp-content\/uploads\/2024\/01\/36100-1.webp",474,316,false],"gridsquare":["https:\/\/imagazine.it\/wp-content\/uploads\/2024\/01\/36100-1.webp",391,260,false],"tileview":["https:\/\/imagazine.it\/wp-content\/uploads\/2024\/01\/36100-1.webp",300,200,false],"1536x1536":["https:\/\/imagazine.it\/wp-content\/uploads\/2024\/01\/36100-1.webp",1000,667,false],"2048x2048":["https:\/\/imagazine.it\/wp-content\/uploads\/2024\/01\/36100-1.webp",1000,667,false],"newsup-slider-full":["https:\/\/imagazine.it\/wp-content\/uploads\/2024\/01\/36100-1.webp",1000,667,false],"newsup-featured":["https:\/\/imagazine.it\/wp-content\/uploads\/2024\/01\/36100-1.webp",1000,667,false],"newsup-medium":["https:\/\/imagazine.it\/wp-content\/uploads\/2024\/01\/36100-1-720x380.webp",720,380,true],"tptn_thumbnail":["https:\/\/imagazine.it\/wp-content\/uploads\/2024\/01\/36100-1.webp",250,167,false],"sow-carousel-default":["https:\/\/imagazine.it\/wp-content\/uploads\/2024\/01\/36100-1-272x182.webp",272,182,true]},"rttpg_author":{"display_name":"redazione","author_link":"https:\/\/imagazine.it\/home_desk\/author\/redazione\/"},"rttpg_comment":0,"rttpg_category":"<a href=\"https:\/\/imagazine.it\/home_desk\/category\/attualita\/\" rel=\"category tag\">ATTUALIT\u00c0<\/a>","rttpg_excerpt":"Da gioved\u00ec 1 ottobre","_links":{"self":[{"href":"https:\/\/imagazine.it\/home_desk\/wp-json\/wp\/v2\/posts\/34542","targetHints":{"allow":["GET"]}}],"collection":[{"href":"https:\/\/imagazine.it\/home_desk\/wp-json\/wp\/v2\/posts"}],"about":[{"href":"https:\/\/imagazine.it\/home_desk\/wp-json\/wp\/v2\/types\/post"}],"author":[{"embeddable":true,"href":"https:\/\/imagazine.it\/home_desk\/wp-json\/wp\/v2\/users\/28"}],"replies":[{"embeddable":true,"href":"https:\/\/imagazine.it\/home_desk\/wp-json\/wp\/v2\/comments?post=34542"}],"version-history":[{"count":0,"href":"https:\/\/imagazine.it\/home_desk\/wp-json\/wp\/v2\/posts\/34542\/revisions"}],"wp:featuredmedia":[{"embeddable":true,"href":"https:\/\/imagazine.it\/home_desk\/wp-json\/wp\/v2\/media\/34543"}],"wp:attachment":[{"href":"https:\/\/imagazine.it\/home_desk\/wp-json\/wp\/v2\/media?parent=34542"}],"wp:term":[{"taxonomy":"category","embeddable":true,"href":"https:\/\/imagazine.it\/home_desk\/wp-json\/wp\/v2\/categories?post=34542"},{"taxonomy":"post_tag","embeddable":true,"href":"https:\/\/imagazine.it\/home_desk\/wp-json\/wp\/v2\/tags?post=34542"}],"curies":[{"name":"wp","href":"https:\/\/api.w.org\/{rel}","templated":true}]}}