{"id":34540,"date":"2020-09-18T00:00:00","date_gmt":"2020-09-17T23:00:00","guid":{"rendered":"https:\/\/imagazine.it\/?p=34540"},"modified":"2020-09-18T00:00:00","modified_gmt":"2020-09-17T23:00:00","slug":"pordenone-esperienze-uniche-lungo-il-cammino-di-san-cristoforo","status":"publish","type":"post","link":"https:\/\/imagazine.it\/home_desk\/pordenone-esperienze-uniche-lungo-il-cammino-di-san-cristoforo\/","title":{"rendered":"Pordenone, esperienze uniche lungo il Cammino di San Cristoforo"},"content":{"rendered":"<p>Avviato il calendario di uscite a piedi e in bicicletta lungo le tappe 7 e 8 del Cammino di San Cristoforo, promosso da Comune di Pordenone &#8211; Assessorato al turismo, PromoturismoFvg e Montagna Leader (assieme a numerosi altri partner, tra cui la Diocesi di Concordia Pordenone), sabato 19 e domenica 20 settembre \u00e8 in programma una doppia proposta in collaborazione con Fiab Aruotalibera Pordenone e con i due Comuni coinvolti, Cordenons e San Quirino.<\/p>\n<p>Nel pomeriggio di sabato, giro in bicicletta cittadino da Villanova a Torre con visita guidata alla Chiesa di S. Ulderico (affreschi di Giovanni Antonio de\u2019 Sacchis), alla Chiesa della Santissima (dalla caratteristica forma ottagonale, mentre l&#39;interno \u00e8 circolare espressione della circolarit\u00e0 e dell\u2019armonia dell\u2019universo, con affreschi del Calderari e di Pomponio Amalteo), al Duomo (che conserva diverse opere del Pordenone) e al centro storico.<\/p>\n<p>Il percorso porter\u00e0 poi a Torre, dove si potranno ammirare il castello e l&#39;area archeologica con i resti della villa romana.<\/p>\n<p>L&#39;uscita si concluder\u00e0 con un aperitivo a base di prodotti locali selezionati. Domenica 20 settembre, il percorso (sempre in bicicletta, meglio se da sterrato) condurr\u00e0 da Pordenone a San Quirino, passando per Cordenons, e sar\u00e0 occasione per conoscere prodotti e produttori del territorio. Il Cammino di San Cristoforo \u00e8 infatti caratterizzato da una variet\u00e0 di prodotti\u00a0agroalimentari unici e specifici, anche di aree molto ristrette, che si potranno gustare durante il picnic al Parco del Brolo e apprezzare ancora di pi\u00f9 grazie all&#39;intervento della\u00a0perita agraria, esperta di produzioni locali e operatrice per il turismo esperienziale,\u00a0<strong>Giuliana Masutti<\/strong>, che\u00a0racconter\u00e0 la loro storia e il legame col territorio da cui traggono origine.<\/p>\n<p>In assaggio ci saranno cibi &#8211; formaggi, salumi, conserve vegetali, frutta e vino &#8211; di aziende agricole che curano tutta la filiera, dalla materia prima alla lavorazione, alla vendita diretta.<\/p>\n<p>Durante l&#39;escursione si approfondiranno, con una guida esperta, anche gli aspetti naturalistici peculiari della tappa 7 del Cammino di San Cristoforo: il biotopo di san Quirino e le risorgive del Vinchiaruzzo. Completa la giornata, in collaborazione col Ciavedal, la visita alla chiesa di San Giacomo di Cordenons, costruita lungo la strada che conduceva all&#39;antico guado sul Cellina, con gli affreschi cinquecenteschi attribuiti a Girolamo Del Zocco. La chiesa di trovava infatti in una zona di passaggio e i numerosi viandanti, potevano trovare ristoro e un letto nell\u2019antica locanda, sorta l\u00ec a fianco. Attualmente casa privata, sar\u00e0 eccezionalmente aperta per una visita esclusiva, durante la quale si potranno vedere gli affreschi risalenti al 1750 che la decoravano.<\/p>\n<p>La prenotazione per entrambe le uscite \u00e8 obbligatoria:\u00a00434 520381;\u00a0<a href=\"mailto:info.pordenone@promoturismo.fvg.it\" target=\"_blank\" rel=\"noopener\">info.pordenone@promoturismo.fvg.it<\/a>.<\/p>\n","protected":false},"excerpt":{"rendered":"<p>Organizzate nuove escursioni in bicicletta<\/p>\n","protected":false},"author":28,"featured_media":34541,"comment_status":"closed","ping_status":"closed","sticky":false,"template":"","format":"standard","meta":{"dwc-title":[],"dwc-content":[],"footnotes":""},"categories":[8],"tags":[],"class_list":["post-34540","post","type-post","status-publish","format-standard","has-post-thumbnail","hentry","category-turismo"],"rttpg_featured_image_url":{"full":["https:\/\/imagazine.it\/wp-content\/uploads\/2024\/01\/36092-1.webp",960,711,false],"landscape":["https:\/\/imagazine.it\/wp-content\/uploads\/2024\/01\/36092-1.webp",960,711,false],"portraits":["https:\/\/imagazine.it\/wp-content\/uploads\/2024\/01\/36092-1.webp",960,711,false],"thumbnail":["https:\/\/imagazine.it\/wp-content\/uploads\/2024\/01\/36092-1-150x150.webp",150,150,true],"medium":["https:\/\/imagazine.it\/wp-content\/uploads\/2024\/01\/36092-1-300x222.webp",300,222,true],"large":["https:\/\/imagazine.it\/wp-content\/uploads\/2024\/01\/36092-1.webp",640,474,false],"thumblist":["https:\/\/imagazine.it\/wp-content\/uploads\/2024\/01\/36092-1.webp",300,222,false],"thumbrelated":["https:\/\/imagazine.it\/wp-content\/uploads\/2024\/01\/36092-1.webp",500,370,false],"meccarouselthumb":["https:\/\/imagazine.it\/wp-content\/uploads\/2024\/01\/36092-1.webp",437,324,false],"gridsquare":["https:\/\/imagazine.it\/wp-content\/uploads\/2024\/01\/36092-1.webp",351,260,false],"tileview":["https:\/\/imagazine.it\/wp-content\/uploads\/2024\/01\/36092-1.webp",300,222,false],"1536x1536":["https:\/\/imagazine.it\/wp-content\/uploads\/2024\/01\/36092-1.webp",960,711,false],"2048x2048":["https:\/\/imagazine.it\/wp-content\/uploads\/2024\/01\/36092-1.webp",960,711,false],"newsup-slider-full":["https:\/\/imagazine.it\/wp-content\/uploads\/2024\/01\/36092-1.webp",960,711,false],"newsup-featured":["https:\/\/imagazine.it\/wp-content\/uploads\/2024\/01\/36092-1.webp",960,711,false],"newsup-medium":["https:\/\/imagazine.it\/wp-content\/uploads\/2024\/01\/36092-1-720x380.webp",720,380,true],"tptn_thumbnail":["https:\/\/imagazine.it\/wp-content\/uploads\/2024\/01\/36092-1.webp",250,185,false],"sow-carousel-default":["https:\/\/imagazine.it\/wp-content\/uploads\/2024\/01\/36092-1-272x182.webp",272,182,true]},"rttpg_author":{"display_name":"redazione","author_link":"https:\/\/imagazine.it\/home_desk\/author\/redazione\/"},"rttpg_comment":0,"rttpg_category":"<a href=\"https:\/\/imagazine.it\/home_desk\/category\/turismo\/\" rel=\"category tag\">TURISMO<\/a>","rttpg_excerpt":"Organizzate nuove escursioni in bicicletta","_links":{"self":[{"href":"https:\/\/imagazine.it\/home_desk\/wp-json\/wp\/v2\/posts\/34540","targetHints":{"allow":["GET"]}}],"collection":[{"href":"https:\/\/imagazine.it\/home_desk\/wp-json\/wp\/v2\/posts"}],"about":[{"href":"https:\/\/imagazine.it\/home_desk\/wp-json\/wp\/v2\/types\/post"}],"author":[{"embeddable":true,"href":"https:\/\/imagazine.it\/home_desk\/wp-json\/wp\/v2\/users\/28"}],"replies":[{"embeddable":true,"href":"https:\/\/imagazine.it\/home_desk\/wp-json\/wp\/v2\/comments?post=34540"}],"version-history":[{"count":0,"href":"https:\/\/imagazine.it\/home_desk\/wp-json\/wp\/v2\/posts\/34540\/revisions"}],"wp:featuredmedia":[{"embeddable":true,"href":"https:\/\/imagazine.it\/home_desk\/wp-json\/wp\/v2\/media\/34541"}],"wp:attachment":[{"href":"https:\/\/imagazine.it\/home_desk\/wp-json\/wp\/v2\/media?parent=34540"}],"wp:term":[{"taxonomy":"category","embeddable":true,"href":"https:\/\/imagazine.it\/home_desk\/wp-json\/wp\/v2\/categories?post=34540"},{"taxonomy":"post_tag","embeddable":true,"href":"https:\/\/imagazine.it\/home_desk\/wp-json\/wp\/v2\/tags?post=34540"}],"curies":[{"name":"wp","href":"https:\/\/api.w.org\/{rel}","templated":true}]}}