{"id":34526,"date":"2020-09-16T00:00:00","date_gmt":"2020-09-15T23:00:00","guid":{"rendered":"https:\/\/imagazine.it\/?p=34526"},"modified":"2020-09-16T00:00:00","modified_gmt":"2020-09-15T23:00:00","slug":"torna-a-cervignano-il-festival-del-coraggio","status":"publish","type":"post","link":"https:\/\/imagazine.it\/home_desk\/torna-a-cervignano-il-festival-del-coraggio\/","title":{"rendered":"Torna a Cervignano il Festival del Coraggio"},"content":{"rendered":"<p><strong>Da venerd\u00ec 9 a domenica 11 ottobre<\/strong>\u00a0a\u00a0<strong>Cervignano del Friuli<\/strong>\u00a0torna il\u00a0<strong>Festival del Coraggio<\/strong>\u00a0con l\u2019edizione numero 3 che avr\u00e0 come ospiti <strong>Kepler-452, Marina Senesi, Pierpaolo Mittica, Franco Pugliese, Corrado Augias, Alessandra Ballerini, Domenico Barril\u00e0, Rita Marcotulli<\/strong>.\u00a0<\/p>\n<p>Incontri, presentazioni e spettacoli teatrali,\u00a0sia in presenza sia attraverso un programma parallelo in diretta streaming, animeranno il Teatro Pasolini, la Casa della Musica, la Biblioteca civica \u201cGiuseppe Zigaina\u201d e Piazza Indipendenza.<\/p>\n<p><a href=\"http:\/\/imagazinevideotruck.it\/outlet\/relink.html\" target=\"_top\" rel=\"noopener\"><img loading=\"lazy\" decoding=\"async\" align=\"LEFT\" height=\"250\" src=\"http:\/\/imagazinevideotruck.it\/outlet\/outlet30.gif\" width=\"300\" alt=\"\" title=\"\"><\/a><\/p>\n<p>\u00a0<\/p>\n<p>\u00a0<\/p>\n<p>\u00a0<\/p>\n<p>\u00a0<\/p>\n<p>\u00a0<\/p>\n<p>\u00a0<\/p>\n<p>\u00a0<\/p>\n<p>\u00a0<\/p>\n<p>\u00a0<\/p>\n<p>Tra le <strong>collaborazioni<\/strong>\u00a0quella con la\u00a0<strong>Cooperativa sociale Itaca<\/strong>\u00a0per un evento che l\u2019<strong>11 ottobre alle 11 al Teatro Pasolini<\/strong>\u00a0vedr\u00e0\u00a0<strong>dialogare<\/strong>\u00a0assieme l\u2019avvocata civilista<strong> Alessandra Ballerini<\/strong>\u00a0(legale della famiglia di Giulio Regeni) e la\u00a0giornalista<strong> Marina Lalovi\u0107<\/strong>\u00a0sui temi dei\u00a0diritti umani, immigrazione, giustizia, difesa delle donne dalla violenza e dai soprusi.<\/p>\n<p>\u201cSiamo felici di annunciare che la 3^ edizione del Festival del Coraggio si far\u00e0 \u2013 ha dichiarato nei giorni scorsi <strong>Alessia Zambon<\/strong>, assessora alla Cultura, Pari Opportunit\u00e0, Politiche Giovanili \u2013. Sar\u00e0 un festival di conferme, in cui ritrovare la qualit\u00e0, lo spirito e il clima delle prime due edizioni. Sar\u00e0 un festival di diversit\u00e0, che dovr\u00e0 fare i conti con la contemporaneit\u00e0 che stiamo attraversando e che da questa contemporaneit\u00e0 trarr\u00e0 le basi per innovarsi e adattarsi\u201d.<\/p>\n<p>Il Festival del Coraggio nasce da un\u2019idea e con il sostegno dell\u2019assessorato alla Cultura del Comune di Cervignano del Friuli che ha affidato all\u2019associazione culturale Bottega Errante la direzione artistica e l\u2019organizzazione.<\/p>\n<p><u><strong><a href=\"http:\/\/www.imagazine.it\/eventi\/festival-del-coraggio-4ab68035-06b4-4c85-a5a1-dce8f2a9cb5d\" target=\"_blank\" rel=\"noopener\">Clicca qui per leggere il programma completo del Festival<\/a><\/strong><\/u><\/p>\n","protected":false},"excerpt":{"rendered":"<p>Dal 9 all&#8217;11 ottobre<\/p>\n","protected":false},"author":28,"featured_media":34527,"comment_status":"closed","ping_status":"closed","sticky":false,"template":"","format":"standard","meta":{"dwc-title":[],"dwc-content":[],"footnotes":""},"categories":[37],"tags":[],"class_list":["post-34526","post","type-post","status-publish","format-standard","has-post-thumbnail","hentry","category-cultura-e-spettacolo"],"rttpg_featured_image_url":{"full":["https:\/\/imagazine.it\/wp-content\/uploads\/2024\/01\/36053-1.webp",1000,667,false],"landscape":["https:\/\/imagazine.it\/wp-content\/uploads\/2024\/01\/36053-1.webp",1000,667,false],"portraits":["https:\/\/imagazine.it\/wp-content\/uploads\/2024\/01\/36053-1.webp",1000,667,false],"thumbnail":["https:\/\/imagazine.it\/wp-content\/uploads\/2024\/01\/36053-1-150x150.webp",150,150,true],"medium":["https:\/\/imagazine.it\/wp-content\/uploads\/2024\/01\/36053-1-300x200.webp",300,200,true],"large":["https:\/\/imagazine.it\/wp-content\/uploads\/2024\/01\/36053-1.webp",640,427,false],"thumblist":["https:\/\/imagazine.it\/wp-content\/uploads\/2024\/01\/36053-1.webp",300,200,false],"thumbrelated":["https:\/\/imagazine.it\/wp-content\/uploads\/2024\/01\/36053-1.webp",500,334,false],"meccarouselthumb":["https:\/\/imagazine.it\/wp-content\/uploads\/2024\/01\/36053-1.webp",474,316,false],"gridsquare":["https:\/\/imagazine.it\/wp-content\/uploads\/2024\/01\/36053-1.webp",391,260,false],"tileview":["https:\/\/imagazine.it\/wp-content\/uploads\/2024\/01\/36053-1.webp",300,200,false],"1536x1536":["https:\/\/imagazine.it\/wp-content\/uploads\/2024\/01\/36053-1.webp",1000,667,false],"2048x2048":["https:\/\/imagazine.it\/wp-content\/uploads\/2024\/01\/36053-1.webp",1000,667,false],"newsup-slider-full":["https:\/\/imagazine.it\/wp-content\/uploads\/2024\/01\/36053-1.webp",1000,667,false],"newsup-featured":["https:\/\/imagazine.it\/wp-content\/uploads\/2024\/01\/36053-1.webp",1000,667,false],"newsup-medium":["https:\/\/imagazine.it\/wp-content\/uploads\/2024\/01\/36053-1-720x380.webp",720,380,true],"tptn_thumbnail":["https:\/\/imagazine.it\/wp-content\/uploads\/2024\/01\/36053-1.webp",250,167,false],"sow-carousel-default":["https:\/\/imagazine.it\/wp-content\/uploads\/2024\/01\/36053-1-272x182.webp",272,182,true]},"rttpg_author":{"display_name":"redazione","author_link":"https:\/\/imagazine.it\/home_desk\/author\/redazione\/"},"rttpg_comment":0,"rttpg_category":"<a href=\"https:\/\/imagazine.it\/home_desk\/category\/cultura-e-spettacolo\/\" rel=\"category tag\">CULTURA&amp;SPETTACOLO<\/a>","rttpg_excerpt":"Dal 9 all'11 ottobre","_links":{"self":[{"href":"https:\/\/imagazine.it\/home_desk\/wp-json\/wp\/v2\/posts\/34526","targetHints":{"allow":["GET"]}}],"collection":[{"href":"https:\/\/imagazine.it\/home_desk\/wp-json\/wp\/v2\/posts"}],"about":[{"href":"https:\/\/imagazine.it\/home_desk\/wp-json\/wp\/v2\/types\/post"}],"author":[{"embeddable":true,"href":"https:\/\/imagazine.it\/home_desk\/wp-json\/wp\/v2\/users\/28"}],"replies":[{"embeddable":true,"href":"https:\/\/imagazine.it\/home_desk\/wp-json\/wp\/v2\/comments?post=34526"}],"version-history":[{"count":0,"href":"https:\/\/imagazine.it\/home_desk\/wp-json\/wp\/v2\/posts\/34526\/revisions"}],"wp:featuredmedia":[{"embeddable":true,"href":"https:\/\/imagazine.it\/home_desk\/wp-json\/wp\/v2\/media\/34527"}],"wp:attachment":[{"href":"https:\/\/imagazine.it\/home_desk\/wp-json\/wp\/v2\/media?parent=34526"}],"wp:term":[{"taxonomy":"category","embeddable":true,"href":"https:\/\/imagazine.it\/home_desk\/wp-json\/wp\/v2\/categories?post=34526"},{"taxonomy":"post_tag","embeddable":true,"href":"https:\/\/imagazine.it\/home_desk\/wp-json\/wp\/v2\/tags?post=34526"}],"curies":[{"name":"wp","href":"https:\/\/api.w.org\/{rel}","templated":true}]}}