{"id":34522,"date":"2020-09-16T00:00:00","date_gmt":"2020-09-15T23:00:00","guid":{"rendered":"https:\/\/imagazine.it\/?p=34522"},"modified":"2020-09-16T00:00:00","modified_gmt":"2020-09-15T23:00:00","slug":"cividale-trasporto-gratuito-ai-seggi","status":"publish","type":"post","link":"https:\/\/imagazine.it\/home_desk\/cividale-trasporto-gratuito-ai-seggi\/","title":{"rendered":"Cividale, trasporto gratuito ai seggi"},"content":{"rendered":"<p>Attivati a Cividale del Friuli due servizi di trasporto gratuiti per le elezioni che si svolgeranno domenica 20 e luned\u00ec 21 settembre.<\/p>\n<p>Un servizio riguarder\u00e0 gli <strong>elettori con disabilit\u00e0<\/strong> e sar\u00e0 effettuato mediante automezzi abilitati al trasporto di carrozzine da parte della associazione AVOS Onlus contattabile ai recapiti 339 5280190,\u00a0 0432 730452,\u00a0 avos.onlus@virgilio.it, a partire da venerd\u00ec 18 settembre.<\/p>\n<p>Un <strong>bus navetta<\/strong> sar\u00e0 inoltre <strong>a disposizione di tutti gli elettori<\/strong>.<\/p>\n<p>Le fermate saranno le seguenti:<\/p>\n<p>Via Carraria, 91 \u2010 INGRESSO SEGGI; Rotonda Al Gallo, Via A.G. Cavarzerani, 8; Grupignano \u2010 Via Premariacco, 96; Autostazione \u2010 Banchina 1; Rubignacco \u2010 Via della Croce, 43; Piazza Alberto Picco (fronte negozio Arteni); Viale Liberta&#39;, 74 (direzione Sanguarzo); Via Sanguarzo, 46 (direzione Sanguarzo); Sanguarzo \u2010 Via Valli Del Natisone; Purgessimo \u2010 Via Ugo Foscolo, 85 (Chiesa); Purgessimo \u2010 Via Ugo Foscolo, 23; Madriolo \u2010 Via Purgessimo, 45; Via Carraria, 91 \u2010 INGRESSO SEGGI; Spessa \u2010 Strada di Spessa (Chiesa); Gagliano \u2010 Via Gagliano, 55 (fronte ex scuola); Rualis \u2010 Viale Trieste fronte civico,168 (incrocio via Ratchis); Rualis \u2010 Via Rualis, 62; Rualis \u2010 incrocio Via San Giorgio \/ Via Friuli; Rualis \u2010 Via Tombe Romane, 1 (Casa per Anziani); Via Giacomo Leopardi, fronte civico 79; Via Carraria, 22; Via Carraria, 91 \u2010 INGRESSO SEGGI\u00a0 (e viceversa).<\/p>\n<p><img decoding=\"async\" alt=\"\" src=\"\/ckeditor_assets\/pictures\/1053\/content_bus1.jpg\" style=\"width: 500px; height: 321px;\" title=\"\"><\/p>\n<p><img decoding=\"async\" alt=\"\" src=\"\/ckeditor_assets\/pictures\/1054\/content_bus2.jpg\" style=\"width: 500px; height: 349px;\" title=\"\"><\/p>\n<p>L\u2019Ufficio Elettorale ricorda a tutti gli elettori che per il <strong>rilascio del duplicato della Tessera Elettorale<\/strong> \u00e8 necessario prenotare tempestivamente il servizio, telefonando al numero 0432.710212.<\/p>\n<p>L\u2019Ufficio Elettorale Comunale sar\u00e0 aperto al pubblico, oltre agli attuali orari ordinari gi\u00e0 in essere, con prenotazione telefonica obbligatoria fino a tutto venerd\u00ec 18 settembre 2020, nelle seguenti fasce orarie:\u00a0venerd\u00ec 18 e sabato 19 settembre dalle 9 alle 18, domenica 20 settembre dalle 7 alle 23, \u00a0luned\u00ec 21 settembre dalle 7 alle 15.<\/p>\n<p><img decoding=\"async\" alt=\"\" src=\"\/ckeditor_assets\/pictures\/1055\/content_mappa_sezioni_carraria.jpg\" style=\"width: 500px; height: 339px;\" title=\"\"><\/p>\n<p>Per i Protocolli Sanitari COVID-2019 in essere, l\u2019accesso all\u2019Ufficio Elettorale \u00e8 contingentato e, pertanto, si invitano gli utenti a non attendere gli ultimi giorni per il rilascio del duplicato della Tessera Elettorale.<\/p>\n","protected":false},"excerpt":{"rendered":"<p>Ecco tutti gli orari<\/p>\n","protected":false},"author":28,"featured_media":34523,"comment_status":"closed","ping_status":"closed","sticky":false,"template":"","format":"standard","meta":{"dwc-title":[],"dwc-content":[],"footnotes":""},"categories":[5],"tags":[],"class_list":["post-34522","post","type-post","status-publish","format-standard","has-post-thumbnail","hentry","category-attualita"],"rttpg_featured_image_url":{"full":["https:\/\/imagazine.it\/wp-content\/uploads\/2024\/01\/36049-1.webp",750,500,false],"landscape":["https:\/\/imagazine.it\/wp-content\/uploads\/2024\/01\/36049-1.webp",750,500,false],"portraits":["https:\/\/imagazine.it\/wp-content\/uploads\/2024\/01\/36049-1.webp",750,500,false],"thumbnail":["https:\/\/imagazine.it\/wp-content\/uploads\/2024\/01\/36049-1-150x150.webp",150,150,true],"medium":["https:\/\/imagazine.it\/wp-content\/uploads\/2024\/01\/36049-1-300x200.webp",300,200,true],"large":["https:\/\/imagazine.it\/wp-content\/uploads\/2024\/01\/36049-1.webp",640,427,false],"thumblist":["https:\/\/imagazine.it\/wp-content\/uploads\/2024\/01\/36049-1.webp",300,200,false],"thumbrelated":["https:\/\/imagazine.it\/wp-content\/uploads\/2024\/01\/36049-1.webp",500,333,false],"meccarouselthumb":["https:\/\/imagazine.it\/wp-content\/uploads\/2024\/01\/36049-1.webp",474,316,false],"gridsquare":["https:\/\/imagazine.it\/wp-content\/uploads\/2024\/01\/36049-1.webp",391,260,false],"tileview":["https:\/\/imagazine.it\/wp-content\/uploads\/2024\/01\/36049-1.webp",300,200,false],"1536x1536":["https:\/\/imagazine.it\/wp-content\/uploads\/2024\/01\/36049-1.webp",750,500,false],"2048x2048":["https:\/\/imagazine.it\/wp-content\/uploads\/2024\/01\/36049-1.webp",750,500,false],"newsup-slider-full":["https:\/\/imagazine.it\/wp-content\/uploads\/2024\/01\/36049-1.webp",750,500,false],"newsup-featured":["https:\/\/imagazine.it\/wp-content\/uploads\/2024\/01\/36049-1.webp",750,500,false],"newsup-medium":["https:\/\/imagazine.it\/wp-content\/uploads\/2024\/01\/36049-1-720x380.webp",720,380,true],"tptn_thumbnail":["https:\/\/imagazine.it\/wp-content\/uploads\/2024\/01\/36049-1.webp",250,167,false],"sow-carousel-default":["https:\/\/imagazine.it\/wp-content\/uploads\/2024\/01\/36049-1-272x182.webp",272,182,true]},"rttpg_author":{"display_name":"redazione","author_link":"https:\/\/imagazine.it\/home_desk\/author\/redazione\/"},"rttpg_comment":0,"rttpg_category":"<a href=\"https:\/\/imagazine.it\/home_desk\/category\/attualita\/\" rel=\"category tag\">ATTUALIT\u00c0<\/a>","rttpg_excerpt":"Ecco tutti gli orari","_links":{"self":[{"href":"https:\/\/imagazine.it\/home_desk\/wp-json\/wp\/v2\/posts\/34522","targetHints":{"allow":["GET"]}}],"collection":[{"href":"https:\/\/imagazine.it\/home_desk\/wp-json\/wp\/v2\/posts"}],"about":[{"href":"https:\/\/imagazine.it\/home_desk\/wp-json\/wp\/v2\/types\/post"}],"author":[{"embeddable":true,"href":"https:\/\/imagazine.it\/home_desk\/wp-json\/wp\/v2\/users\/28"}],"replies":[{"embeddable":true,"href":"https:\/\/imagazine.it\/home_desk\/wp-json\/wp\/v2\/comments?post=34522"}],"version-history":[{"count":0,"href":"https:\/\/imagazine.it\/home_desk\/wp-json\/wp\/v2\/posts\/34522\/revisions"}],"wp:featuredmedia":[{"embeddable":true,"href":"https:\/\/imagazine.it\/home_desk\/wp-json\/wp\/v2\/media\/34523"}],"wp:attachment":[{"href":"https:\/\/imagazine.it\/home_desk\/wp-json\/wp\/v2\/media?parent=34522"}],"wp:term":[{"taxonomy":"category","embeddable":true,"href":"https:\/\/imagazine.it\/home_desk\/wp-json\/wp\/v2\/categories?post=34522"},{"taxonomy":"post_tag","embeddable":true,"href":"https:\/\/imagazine.it\/home_desk\/wp-json\/wp\/v2\/tags?post=34522"}],"curies":[{"name":"wp","href":"https:\/\/api.w.org\/{rel}","templated":true}]}}