{"id":34518,"date":"2020-09-15T00:00:00","date_gmt":"2020-09-14T23:00:00","guid":{"rendered":"https:\/\/imagazine.it\/?p=34518"},"modified":"2020-09-15T00:00:00","modified_gmt":"2020-09-14T23:00:00","slug":"frecce-tricolori-simbolo-della-ripartenza","status":"publish","type":"post","link":"https:\/\/imagazine.it\/home_desk\/frecce-tricolori-simbolo-della-ripartenza\/","title":{"rendered":"&#8220;Frecce Tricolori simbolo della ripartenza&#8221;"},"content":{"rendered":"<p>Per il Sottosegretario alla Difesa, <strong>Angelo Tofalo<\/strong>, \u00e8 iniziata una settimana di incontri e visite presso i reparti della Difesa in Friuli Venezia Giulia e in Veneto.<\/p>\n<p>Prima tappa, insieme al Generale di Divisione Aerea <strong>Francesco Vestito<\/strong>, Comandante delle Forze da Combattimento dell\u2019Aeronautica Militare, nella <strong>Base Aerea di Rivolto<\/strong> dove hanno sede il <strong>2\u00b0 stormo<\/strong>, guidato dal Colonnello <strong>Andrea Amadori<\/strong>, e il 313esimo Gruppo Addestramento Acrobatico dell\u2019Aeronautica Militare, denominazione ufficiale della <strong>Pattuglia Acrobatica Nazionale<\/strong> (PAN), al cui comando c\u2019\u00e8 il Tenente Colonnello <strong>Gaetano Farina<\/strong> (Pony 0).<\/p>\n<p>\u201cDue realt\u00e0 di punta della nostra Aeronautica Militare\u201d, sono state le parole di Tofalo. \u201cDalla difesa aerea dei nostri cieli alle nostre Frecce Tricolori, alfieri della storia, dei valori, delle tradizioni italiane\u201d.<\/p>\n<p>Il 2\u00b0 stormo rappresenta infatti il punto di riferimento missilistico del sistema di difesa aerea nazionale e inoltre assicura i servizi aeroportuali e il mantenimento delle infrastrutture e degli impianti, anche a favore del 313\u00b0 Gruppo Addestramento Acrobatico.<\/p>\n<p>\u201cLa PAN non ha bisogno di presentazioni. \u00c8 simbolo di speranza e della ripartenza dell\u2019Italia durante la pandemia Covid-19, avvolgendo la penisola nel suo abbraccio tricolore. Tutti conosciamo e amiamo le nostre Frecce Tricolori che da 60 anni colorano di verde, bianco e rosso i cieli di tutto il mondo e sono ambasciatori della storia, dei valori, delle tradizioni italiane. Oggi ho voluto salutare e ringraziare tutto il personale per l\u2019importante lavoro che continuano a svolgere con impegno e dedizione\u201d, ha detto il Sottosegretario incontrando il personale dell\u2019Aeronautica Militare, \u201cHo visto in azione, da molto vicino, questi straordinari piloti e specialisti. Posso affermare con certezza che sono l\u2019espressione pi\u00f9 alta del lavoro squadra. A loro dobbiamo ispirarci per lavorare insieme per il bene dell\u2019Italia\u201d.<\/p>\n<p><a href=\"http:\/\/imagazinevideotruck.it\/outlet\/relink.html\" target=\"_top\" rel=\"noopener\"><img loading=\"lazy\" decoding=\"async\" align=\"LEFT\" height=\"250\" src=\"http:\/\/imagazinevideotruck.it\/outlet\/outlet30.gif\" width=\"300\" alt=\"\" title=\"\"><\/a><\/p>\n<p>\u00a0<\/p>\n<p>\u00a0<\/p>\n<p>\u00a0<\/p>\n<p>\u00a0<\/p>\n<p>\u00a0<\/p>\n<p>\u00a0<\/p>\n<p>\u00a0<\/p>\n<p>\u00a0<\/p>\n<p>\u00a0<\/p>\n<p>Quest\u2019anno inoltre ricorre il 60esimo anniversario delle Frecce Tricolori, <u><a href=\"http:\/\/www.imagazine.it\/notizie-trieste-gorizia-udine-friuli\/7910\" target=\"_blank\" rel=\"noopener\">le celebrazioni previste a settembre sono state rinviate a causa dell\u2019emergenza.<\/a><\/u> La PAN rappresenta un\u2019eccellenza del Paese che, dal 1961, regala uno degli spettacoli pi\u00f9 emozionanti e unici al mondo e che, con le sue esibizioni a livello internazionale, esprime in maniera spettacolare le capacit\u00e0 e la tecnologia del nostro Paese e dell\u2019Aeronautica militare.<\/p>\n<p>La Pattuglia \u00e8 composta da dieci aerei dei quali nove in formazione e un solista, i suoi piloti sono selezionati tra quelli dei reparti operativi dell\u2019Aeronautica Militare.<\/p>\n<p>In genere le esibizioni della PAN si svolgono principalmente in primavera e in estate, mentre il periodo invernale \u00e8 dedicato all\u2019addestramento. Quest\u2019anno purtroppo, a causa dell\u2019emergenza sanitaria Covid-19, molte delle manifestazioni aeree che erano in programma sono state cancellate. \u201cOggi, con la mia visita &#8211; ha sottolineato Tofalo &#8211; ho voluto portare il mio augurio al personale che ho avuto il piacere di incontrare, affinch\u00e9 tutti possano tornare presto a essere il prima possibile ambasciatori dei valori di unit\u00e0 nazionale, solidariet\u00e0 e ripresa\u201d.<\/p>\n<p>Nel corso della visita il Sottosegretario Tofalo ha poi reso omaggio alla sacra effige della Madonna di Loreto che proprio in questi giorni si trova nell\u2019aeroporto di Rivolto in occasione delle celebrazioni del Centenario della proclamazione della Madonna di Loreto quale \u201cSanta Patrona degli Aeronauti\u201d. La statua rimarr\u00e0 presso la Circoscrizione Aeroportuale di Udine-Rivolto fino al 23 settembre; durante il periodo di permanenza sono stati programmati, in collaborazione con l\u2019Associazione Arma Aeronautica e la Diocesi di Udine, una serie di eventi nel rispetto delle prescrizioni dettate dalla situazione emergenziale da COVID-19. Gli eventi toccheranno diverse localit\u00e0 del Friuli Venezia Giulia a voler rinsaldare ulteriormente la sinergia e la profonda unione che lega il personale dell\u2019Arma Azzurra al territorio che lo ospita.<\/p>\n","protected":false},"excerpt":{"rendered":"<p>Angelo Tofalo in visita a Rivolto<\/p>\n","protected":false},"author":28,"featured_media":34519,"comment_status":"closed","ping_status":"closed","sticky":false,"template":"","format":"standard","meta":{"dwc-title":[],"dwc-content":[],"footnotes":""},"categories":[5],"tags":[],"class_list":["post-34518","post","type-post","status-publish","format-standard","has-post-thumbnail","hentry","category-attualita"],"rttpg_featured_image_url":{"full":["https:\/\/imagazine.it\/wp-content\/uploads\/2024\/01\/36046-1.webp",1000,667,false],"landscape":["https:\/\/imagazine.it\/wp-content\/uploads\/2024\/01\/36046-1.webp",1000,667,false],"portraits":["https:\/\/imagazine.it\/wp-content\/uploads\/2024\/01\/36046-1.webp",1000,667,false],"thumbnail":["https:\/\/imagazine.it\/wp-content\/uploads\/2024\/01\/36046-1-150x150.webp",150,150,true],"medium":["https:\/\/imagazine.it\/wp-content\/uploads\/2024\/01\/36046-1-300x200.webp",300,200,true],"large":["https:\/\/imagazine.it\/wp-content\/uploads\/2024\/01\/36046-1.webp",640,427,false],"thumblist":["https:\/\/imagazine.it\/wp-content\/uploads\/2024\/01\/36046-1.webp",300,200,false],"thumbrelated":["https:\/\/imagazine.it\/wp-content\/uploads\/2024\/01\/36046-1.webp",500,334,false],"meccarouselthumb":["https:\/\/imagazine.it\/wp-content\/uploads\/2024\/01\/36046-1.webp",474,316,false],"gridsquare":["https:\/\/imagazine.it\/wp-content\/uploads\/2024\/01\/36046-1.webp",391,260,false],"tileview":["https:\/\/imagazine.it\/wp-content\/uploads\/2024\/01\/36046-1.webp",300,200,false],"1536x1536":["https:\/\/imagazine.it\/wp-content\/uploads\/2024\/01\/36046-1.webp",1000,667,false],"2048x2048":["https:\/\/imagazine.it\/wp-content\/uploads\/2024\/01\/36046-1.webp",1000,667,false],"newsup-slider-full":["https:\/\/imagazine.it\/wp-content\/uploads\/2024\/01\/36046-1.webp",1000,667,false],"newsup-featured":["https:\/\/imagazine.it\/wp-content\/uploads\/2024\/01\/36046-1.webp",1000,667,false],"newsup-medium":["https:\/\/imagazine.it\/wp-content\/uploads\/2024\/01\/36046-1-720x380.webp",720,380,true],"tptn_thumbnail":["https:\/\/imagazine.it\/wp-content\/uploads\/2024\/01\/36046-1.webp",250,167,false],"sow-carousel-default":["https:\/\/imagazine.it\/wp-content\/uploads\/2024\/01\/36046-1-272x182.webp",272,182,true]},"rttpg_author":{"display_name":"redazione","author_link":"https:\/\/imagazine.it\/home_desk\/author\/redazione\/"},"rttpg_comment":0,"rttpg_category":"<a href=\"https:\/\/imagazine.it\/home_desk\/category\/attualita\/\" rel=\"category tag\">ATTUALIT\u00c0<\/a>","rttpg_excerpt":"Angelo Tofalo in visita a Rivolto","_links":{"self":[{"href":"https:\/\/imagazine.it\/home_desk\/wp-json\/wp\/v2\/posts\/34518","targetHints":{"allow":["GET"]}}],"collection":[{"href":"https:\/\/imagazine.it\/home_desk\/wp-json\/wp\/v2\/posts"}],"about":[{"href":"https:\/\/imagazine.it\/home_desk\/wp-json\/wp\/v2\/types\/post"}],"author":[{"embeddable":true,"href":"https:\/\/imagazine.it\/home_desk\/wp-json\/wp\/v2\/users\/28"}],"replies":[{"embeddable":true,"href":"https:\/\/imagazine.it\/home_desk\/wp-json\/wp\/v2\/comments?post=34518"}],"version-history":[{"count":0,"href":"https:\/\/imagazine.it\/home_desk\/wp-json\/wp\/v2\/posts\/34518\/revisions"}],"wp:featuredmedia":[{"embeddable":true,"href":"https:\/\/imagazine.it\/home_desk\/wp-json\/wp\/v2\/media\/34519"}],"wp:attachment":[{"href":"https:\/\/imagazine.it\/home_desk\/wp-json\/wp\/v2\/media?parent=34518"}],"wp:term":[{"taxonomy":"category","embeddable":true,"href":"https:\/\/imagazine.it\/home_desk\/wp-json\/wp\/v2\/categories?post=34518"},{"taxonomy":"post_tag","embeddable":true,"href":"https:\/\/imagazine.it\/home_desk\/wp-json\/wp\/v2\/tags?post=34518"}],"curies":[{"name":"wp","href":"https:\/\/api.w.org\/{rel}","templated":true}]}}