{"id":34508,"date":"2020-09-15T00:00:00","date_gmt":"2020-09-14T23:00:00","guid":{"rendered":"https:\/\/imagazine.it\/?p=34508"},"modified":"2020-09-15T00:00:00","modified_gmt":"2020-09-14T23:00:00","slug":"gorizia-insegnante-dasilo-positivo-al-covid-19","status":"publish","type":"post","link":"https:\/\/imagazine.it\/home_desk\/gorizia-insegnante-dasilo-positivo-al-covid-19\/","title":{"rendered":"Gorizia, insegnante d&#8217;asilo positivo al Covid-19"},"content":{"rendered":"<p>Lo screening sierologico avviato sul personale scolastico ha consentito di individuare tempestivamente un caso di Covid-19 tra gli insegnanti d&#39;asilo di <strong>Gorizia<\/strong>, quella di via Max Fabiani.<\/p>\n<p>Il docente, che risiede a <strong>Manzano<\/strong>, dopo essere risultato positivo al test sierologico per il coronavirus \u00e8 stato sottoposto, come da protocollo, a tampone. Quando anche quest&#39;ultimo esame ha dato esito positivo sono state attivate dall&#39;Azienda sanitaria universitaria Giuliano Isontina, in forma precauzionale, le misure di contenimento del virus: la scuola \u00e8 stata quindi chiusa per la sanificazione di tutti gli ambienti e tutto il personale, i bambini delle due classi coinvolte e loro genitori, per un totale di 50 persone, verranno ora sottoposti a tampone.<\/p>\n<p>Lo ha comunicato il vicegovernatore con delega alla Salute, <strong>Riccardo Riccardi<\/strong>, il quale ha confermato che gli esami inizieranno dagli adulti per proseguire poi sui bimbi in base all&#39;indagine epidemiologica, poich\u00e9 le probabilit\u00e0 di contagio dei bambini sono molto scarse. I tamponi verranno eseguiti questa settimana, a partire da quattro giorni dopo l&#39;ipotetico contatto, in modo da ridurre la possibilit\u00e0 di falsi negativi e ottenere risultati attendibili.<\/p>\n<p>\u201cEravamo consapevoli che sarebbe potuto accadere, ma ugualmente mi dispiace, soprattutto per le famiglie che, ovviamente, si ritrovano a dover affrontare nuovi disagi proprio nel momento in cui speravano di poter recuperare i ritmi di vita normali, anche con le scuole. Ci sar\u00e0 la massima disponibilit\u00e0, da parte del Comune a risolvere, ove possibile,\u00a0\u00a0eventuali problematiche legate alla situazione venutasi a creare\u201d, dichiara il sindaco di Gorizia, <strong>Rodolfo Ziberna<\/strong>.\u00a0<\/p>\n<p>\u201cDa quanto risulta la persona contagiata\u00a0sta bene e l\u2019Azienda sanitaria ha comunicato che saranno effettuati i tamponi non solo a chi \u00e8 venuto in contatto diretto con lei ma a tutti il personale e a bambini e genitori delle due classi coinvolte &#8211; spiegano Ziberna e l\u2019assessore al welfare, <strong>Silvana Romano\u00a0<\/strong>-. Se non ci saranno casi positivi la scuola, sottoposta nel frattempo a sanificazione, sar\u00e0 riaperto marted\u00ec prossimo\u201d.<\/p>\n<p>Il sindaco esprima la sua gratitudine al personale del Comune \u201cche da settimane sta lavorando senza tregua per consentire la riapertura delle scuole con meno disagi possibili per le famiglie e che, quando si \u00e8 avuta la notizia del caso positivo, nel tardo pomeriggio di luned\u00ec, \u00e8 rientrato in servizio per avvertire le famiglie ed effettuare tutte le procedure previste dagli specifici protocolli\u201d.<\/p>\n<p>Il sindaco ritiene che si debba comunque andare avanti. \u201cCasi come questo, pur con genesi diverse, stanno accadendo in tutte le citt\u00e0 e si deve imparare ad affrontarli perch\u00e9 questa situazione durer\u00e0 sicuramente ancora per diversi mesi. Quindi, dobbiamo cercare di capire come gestirli al meglio e aiutare le famiglie che ne rimangono coinvolte. Chiedo quindi a tutti di tenere duro e, se ci sono problemi, rivolgersi al Comune per risolverli. Ancora una volta la collaborazione sar\u00e0 l\u2019arma vincente per uscire in tempi brevi da situazioni come questa\u201d.<\/p>\n<p><a href=\"http:\/\/imagazinevideotruck.it\/outlet\/relink.html\" target=\"_top\" rel=\"noopener\"><img loading=\"lazy\" decoding=\"async\" align=\"LEFT\" height=\"250\" src=\"http:\/\/imagazinevideotruck.it\/outlet\/outlet30.gif\" width=\"300\" alt=\"\" title=\"\"><\/a><\/p>\n<p>\u00a0<\/p>\n<p>\u00a0<\/p>\n<p>\u00a0<\/p>\n<p>\u00a0<\/p>\n<p>\u00a0<\/p>\n<p>\u00a0<\/p>\n<p>\u00a0<\/p>\n<p>\u00a0<\/p>\n<p>\u00a0<\/p>\n<p>Asugi sta, inoltre, continuando a monitorare con attenzione la situazione della residenza polifunzionale &#8220;Hotel Fernetti&#8221; di Trieste: ai 13 casi gi\u00e0 segnalati (11 ospiti e 2 operatori in isolamento fiduciario) si sono aggiunti 3 ospiti positivi. Per quanto riguarda i nuovi casi, due sono in via di trasferimento alla Rsa San Giusto, mentre l&#39;altro verr\u00e0 ricoverato nella Struttura complessa Malattie Infettive dell&#39;Ospedale Maggiore di Trieste. I sanitari stanno, inoltre, valutando un ulteriore caso sospetto di Covid-19 tra gli ospiti della struttura, quindi se la diagnosi sar\u00e0 confermata anche tale soggetto verr\u00e0 trasferito alla Rsa San Giusto.<\/p>\n","protected":false},"excerpt":{"rendered":"<p>Coinvolta la struttura di via Fabiani<\/p>\n","protected":false},"author":28,"featured_media":34509,"comment_status":"closed","ping_status":"closed","sticky":false,"template":"","format":"standard","meta":{"dwc-title":[],"dwc-content":[],"footnotes":""},"categories":[5],"tags":[],"class_list":["post-34508","post","type-post","status-publish","format-standard","has-post-thumbnail","hentry","category-attualita"],"rttpg_featured_image_url":{"full":["https:\/\/imagazine.it\/wp-content\/uploads\/2024\/01\/36030-1.webp",800,501,false],"landscape":["https:\/\/imagazine.it\/wp-content\/uploads\/2024\/01\/36030-1.webp",800,501,false],"portraits":["https:\/\/imagazine.it\/wp-content\/uploads\/2024\/01\/36030-1.webp",800,501,false],"thumbnail":["https:\/\/imagazine.it\/wp-content\/uploads\/2024\/01\/36030-1-150x150.webp",150,150,true],"medium":["https:\/\/imagazine.it\/wp-content\/uploads\/2024\/01\/36030-1-300x188.webp",300,188,true],"large":["https:\/\/imagazine.it\/wp-content\/uploads\/2024\/01\/36030-1.webp",640,401,false],"thumblist":["https:\/\/imagazine.it\/wp-content\/uploads\/2024\/01\/36030-1.webp",300,188,false],"thumbrelated":["https:\/\/imagazine.it\/wp-content\/uploads\/2024\/01\/36030-1.webp",500,313,false],"meccarouselthumb":["https:\/\/imagazine.it\/wp-content\/uploads\/2024\/01\/36030-1.webp",474,297,false],"gridsquare":["https:\/\/imagazine.it\/wp-content\/uploads\/2024\/01\/36030-1.webp",391,245,false],"tileview":["https:\/\/imagazine.it\/wp-content\/uploads\/2024\/01\/36030-1.webp",300,188,false],"1536x1536":["https:\/\/imagazine.it\/wp-content\/uploads\/2024\/01\/36030-1.webp",800,501,false],"2048x2048":["https:\/\/imagazine.it\/wp-content\/uploads\/2024\/01\/36030-1.webp",800,501,false],"newsup-slider-full":["https:\/\/imagazine.it\/wp-content\/uploads\/2024\/01\/36030-1.webp",800,501,false],"newsup-featured":["https:\/\/imagazine.it\/wp-content\/uploads\/2024\/01\/36030-1.webp",800,501,false],"newsup-medium":["https:\/\/imagazine.it\/wp-content\/uploads\/2024\/01\/36030-1-720x380.webp",720,380,true],"tptn_thumbnail":["https:\/\/imagazine.it\/wp-content\/uploads\/2024\/01\/36030-1.webp",250,157,false],"sow-carousel-default":["https:\/\/imagazine.it\/wp-content\/uploads\/2024\/01\/36030-1-272x182.webp",272,182,true]},"rttpg_author":{"display_name":"redazione","author_link":"https:\/\/imagazine.it\/home_desk\/author\/redazione\/"},"rttpg_comment":0,"rttpg_category":"<a href=\"https:\/\/imagazine.it\/home_desk\/category\/attualita\/\" rel=\"category tag\">ATTUALIT\u00c0<\/a>","rttpg_excerpt":"Coinvolta la struttura di via Fabiani","_links":{"self":[{"href":"https:\/\/imagazine.it\/home_desk\/wp-json\/wp\/v2\/posts\/34508","targetHints":{"allow":["GET"]}}],"collection":[{"href":"https:\/\/imagazine.it\/home_desk\/wp-json\/wp\/v2\/posts"}],"about":[{"href":"https:\/\/imagazine.it\/home_desk\/wp-json\/wp\/v2\/types\/post"}],"author":[{"embeddable":true,"href":"https:\/\/imagazine.it\/home_desk\/wp-json\/wp\/v2\/users\/28"}],"replies":[{"embeddable":true,"href":"https:\/\/imagazine.it\/home_desk\/wp-json\/wp\/v2\/comments?post=34508"}],"version-history":[{"count":0,"href":"https:\/\/imagazine.it\/home_desk\/wp-json\/wp\/v2\/posts\/34508\/revisions"}],"wp:featuredmedia":[{"embeddable":true,"href":"https:\/\/imagazine.it\/home_desk\/wp-json\/wp\/v2\/media\/34509"}],"wp:attachment":[{"href":"https:\/\/imagazine.it\/home_desk\/wp-json\/wp\/v2\/media?parent=34508"}],"wp:term":[{"taxonomy":"category","embeddable":true,"href":"https:\/\/imagazine.it\/home_desk\/wp-json\/wp\/v2\/categories?post=34508"},{"taxonomy":"post_tag","embeddable":true,"href":"https:\/\/imagazine.it\/home_desk\/wp-json\/wp\/v2\/tags?post=34508"}],"curies":[{"name":"wp","href":"https:\/\/api.w.org\/{rel}","templated":true}]}}