{"id":34500,"date":"2020-09-14T00:00:00","date_gmt":"2020-09-13T23:00:00","guid":{"rendered":"https:\/\/imagazine.it\/?p=34500"},"modified":"2020-09-14T00:00:00","modified_gmt":"2020-09-13T23:00:00","slug":"gorizia-partenza-regolare-per-nidi-e-istituti-dinfanzia","status":"publish","type":"post","link":"https:\/\/imagazine.it\/home_desk\/gorizia-partenza-regolare-per-nidi-e-istituti-dinfanzia\/","title":{"rendered":"Gorizia, partenza regolare per nidi e istituti d&#8217;infanzia"},"content":{"rendered":"<p>Iniziate questa mattina a Gorizia le attivit\u00e0 delle scuole per l\u2019infanzia: \u201cSiamo molto soddisfatti perch\u00e9 ognuno ha fatto la sua parte con grande senso di responsabilit\u00e0 e tutto \u00e8 filato liscio. Ottimo inizio\u201d, ha affermato il sindaco, <strong>Rodolfo Ziberna<\/strong>.<\/p>\n<p>Mercoled\u00ec sar\u00e0 la volta delle scuole primarie e secondarie. \u201cInsieme all\u2019assessore ai servizi educativi, Silvana Romano, ho fatto un sopralluogo stamattina, per verificare la situazione e capire se il protocollo anti Covid 19 avesse funzionato bene o se ci fosse stato qualche problema. Siamo rimasti davvero molto soddisfatti perch\u00e9 abbiamo trovato insegnanti molto preparati,\u00a0genitori sereni e molto collaborativi e bambini con tanta voglia di giocare. Non ci sono stati problemi e il patto di corresponsabilit\u00e0 fra famiglie e Comune, in cui si sono definiti ruoli e cose da fare per ognuno,\u00a0sembra aver funzionato perfettamente\u201d, ha aggiunto il primo cittadino.<\/p>\n<p>Il sindaco, ovviamente, \u00e8 consapevole che, come gi\u00e0 accaduto altrove,\u00a0\u00a0il possibile caso di contagio potrebbe verificarsi anche nelle scuole goriziane.<\/p>\n<p>L\u2019assessore Romano ha confermato che sono gi\u00e0 aperti i tre nidi di viale Virgilio, via Rocca e via Max Fabiani e le due materne di via Romagna e Corte Sant\u2019Ilario mentre mercoled\u00ec apriranno i quattro istituti scolastici che gestiscono elementari e medie.<\/p>\n<p>\u201cIl Comune di Gorizia non ha risparmiato su nulla per poter aprire nella massima sicurezza e garantire la qualit\u00e0 di sempre \u2013 ha sottolineato Romano \u2013, abbiamo anche assunto nuovo personale e stipulato nuove convenzioni per ulteriori sanificazioni di autobus e scuole. Finora \u00e8 andato tutto bene ma voglio lanciare un messaggio che, per quanto riguarda la nostra citt\u00e0 \u00e8 diventato lo slogan dall\u2019inizio dell\u2019epidemia: per qualsiasi problema, chiarimento o segnalazioni si chiami il Comune di Gorizia, anche il sindaco o l\u2019assessore se necessario. In questi momenti l\u2019unico obiettivo deve essere quello di sostenere le famiglie, di non farle sentire sole, cercando di risolvere le eventuali criticit\u00e0, usando anche il buon senso per superare gli ostacoli\u201d.<\/p>\n<p>Per quanto concerne le scuole medie ed elementari, diverse realt\u00e0 hanno subito dei lavori di adeguamento per consentire l\u2019ospitalit\u00e0 degli alunni in sicurezza. \u201cTutto \u00e8 stato predisposto \u2013 assicura l\u2019assessore alle manutenzioni, <strong>Francesco Del Sordi<\/strong> \u2013 affinch\u00e9\u00a0le lezioni possano avvenire nella massima sicurezza in ambienti adeguati\u201d.<\/p>\n","protected":false},"excerpt":{"rendered":"<p>Sopralluogo del sindaco e dell&#8217;assessore all&#8217;istruzione<\/p>\n","protected":false},"author":28,"featured_media":34501,"comment_status":"closed","ping_status":"closed","sticky":false,"template":"","format":"standard","meta":{"dwc-title":[],"dwc-content":[],"footnotes":""},"categories":[5],"tags":[],"class_list":["post-34500","post","type-post","status-publish","format-standard","has-post-thumbnail","hentry","category-attualita"],"rttpg_featured_image_url":{"full":["https:\/\/imagazine.it\/wp-content\/uploads\/2024\/01\/36025-1.webp",1000,594,false],"landscape":["https:\/\/imagazine.it\/wp-content\/uploads\/2024\/01\/36025-1.webp",1000,594,false],"portraits":["https:\/\/imagazine.it\/wp-content\/uploads\/2024\/01\/36025-1.webp",1000,594,false],"thumbnail":["https:\/\/imagazine.it\/wp-content\/uploads\/2024\/01\/36025-1-150x150.webp",150,150,true],"medium":["https:\/\/imagazine.it\/wp-content\/uploads\/2024\/01\/36025-1-300x178.webp",300,178,true],"large":["https:\/\/imagazine.it\/wp-content\/uploads\/2024\/01\/36025-1.webp",640,380,false],"thumblist":["https:\/\/imagazine.it\/wp-content\/uploads\/2024\/01\/36025-1.webp",300,178,false],"thumbrelated":["https:\/\/imagazine.it\/wp-content\/uploads\/2024\/01\/36025-1.webp",500,297,false],"meccarouselthumb":["https:\/\/imagazine.it\/wp-content\/uploads\/2024\/01\/36025-1.webp",474,282,false],"gridsquare":["https:\/\/imagazine.it\/wp-content\/uploads\/2024\/01\/36025-1.webp",391,232,false],"tileview":["https:\/\/imagazine.it\/wp-content\/uploads\/2024\/01\/36025-1.webp",300,178,false],"1536x1536":["https:\/\/imagazine.it\/wp-content\/uploads\/2024\/01\/36025-1.webp",1000,594,false],"2048x2048":["https:\/\/imagazine.it\/wp-content\/uploads\/2024\/01\/36025-1.webp",1000,594,false],"newsup-slider-full":["https:\/\/imagazine.it\/wp-content\/uploads\/2024\/01\/36025-1.webp",1000,594,false],"newsup-featured":["https:\/\/imagazine.it\/wp-content\/uploads\/2024\/01\/36025-1.webp",1000,594,false],"newsup-medium":["https:\/\/imagazine.it\/wp-content\/uploads\/2024\/01\/36025-1-720x380.webp",720,380,true],"tptn_thumbnail":["https:\/\/imagazine.it\/wp-content\/uploads\/2024\/01\/36025-1.webp",250,149,false],"sow-carousel-default":["https:\/\/imagazine.it\/wp-content\/uploads\/2024\/01\/36025-1-272x182.webp",272,182,true]},"rttpg_author":{"display_name":"redazione","author_link":"https:\/\/imagazine.it\/home_desk\/author\/redazione\/"},"rttpg_comment":0,"rttpg_category":"<a href=\"https:\/\/imagazine.it\/home_desk\/category\/attualita\/\" rel=\"category tag\">ATTUALIT\u00c0<\/a>","rttpg_excerpt":"Sopralluogo del sindaco e dell'assessore all'istruzione","_links":{"self":[{"href":"https:\/\/imagazine.it\/home_desk\/wp-json\/wp\/v2\/posts\/34500","targetHints":{"allow":["GET"]}}],"collection":[{"href":"https:\/\/imagazine.it\/home_desk\/wp-json\/wp\/v2\/posts"}],"about":[{"href":"https:\/\/imagazine.it\/home_desk\/wp-json\/wp\/v2\/types\/post"}],"author":[{"embeddable":true,"href":"https:\/\/imagazine.it\/home_desk\/wp-json\/wp\/v2\/users\/28"}],"replies":[{"embeddable":true,"href":"https:\/\/imagazine.it\/home_desk\/wp-json\/wp\/v2\/comments?post=34500"}],"version-history":[{"count":0,"href":"https:\/\/imagazine.it\/home_desk\/wp-json\/wp\/v2\/posts\/34500\/revisions"}],"wp:featuredmedia":[{"embeddable":true,"href":"https:\/\/imagazine.it\/home_desk\/wp-json\/wp\/v2\/media\/34501"}],"wp:attachment":[{"href":"https:\/\/imagazine.it\/home_desk\/wp-json\/wp\/v2\/media?parent=34500"}],"wp:term":[{"taxonomy":"category","embeddable":true,"href":"https:\/\/imagazine.it\/home_desk\/wp-json\/wp\/v2\/categories?post=34500"},{"taxonomy":"post_tag","embeddable":true,"href":"https:\/\/imagazine.it\/home_desk\/wp-json\/wp\/v2\/tags?post=34500"}],"curies":[{"name":"wp","href":"https:\/\/api.w.org\/{rel}","templated":true}]}}