{"id":34492,"date":"2020-09-14T00:00:00","date_gmt":"2020-09-13T23:00:00","guid":{"rendered":"https:\/\/imagazine.it\/?p=34492"},"modified":"2020-09-14T00:00:00","modified_gmt":"2020-09-13T23:00:00","slug":"testimoni-della-storia-trieste-premia-giovanni-minoli","status":"publish","type":"post","link":"https:\/\/imagazine.it\/home_desk\/testimoni-della-storia-trieste-premia-giovanni-minoli\/","title":{"rendered":"Testimoni della Storia, Trieste premia Giovanni Minoli"},"content":{"rendered":"<p>Va a\u00a0<strong>Giovanni Minoli\u00a0<\/strong>la\u00a0<strong>9^ edizione\u00a0<\/strong>del\u00a0<strong>Premio Cr\u00e9dit Agricole FriulAdria Testimoni della Storia<\/strong>, promosso dal\u00a0<strong>Premio Giornalistico internazionale Marco Luchetta\u00a0<\/strong>su impulso di\u00a0<strong>Cr\u00e9dit Agricole FriulAdria<\/strong>, d\u2019intesa con il festival\u00a0<strong>pordenonelegge<\/strong>.<\/p>\n<p>\u00abCome giornalista, autore e conduttore \u2013\u00a0<strong>spiegano le motivazioni<\/strong>\u00a0\u2013\u00a0<strong>ha scritto pagine indelebili nella storia della televisione italiana in cinquant\u2019anni di carriera<\/strong>: un percorso professionale che lo ha poi portato anche a ricoprire ruoli dirigenziali nel servizio pubblico e a occuparsi, con sensibilit\u00e0 e impegno, delle cruciali questioni della sostenibilit\u00e0, di cui la Banca \u00e8\u00a0promotrice\u00bb.\u00a0<\/p>\n<p><strong>Il premio<\/strong>, assegnato nelle scorse edizioni a Gianni Min\u00e0, Giovanni Floris, Lilli Gruber, Ferruccio De Bortoli, Ezio Mauro, Corrado Formigli, Vittorio Zucconi e Gian Antonio Stella,\u00a0sar\u00e0 consegnato a Trieste<strong> gioved\u00ec primo ottobre, alle 19<\/strong>, in occasione della Serata di anteprima della VII edizione di <strong>Link Festival del giornalismo 2020, <\/strong>in programma fino a domenica 4 ottobre nella Fincantieri Newsroom di piazza Unit\u00e0 a Trieste.<\/p>\n<p><a href=\"http:\/\/imagazinevideotruck.it\/outlet\/relink.html\" target=\"_top\" rel=\"noopener\"><img loading=\"lazy\" decoding=\"async\" align=\"LEFT\" height=\"250\" src=\"http:\/\/imagazinevideotruck.it\/outlet\/outlet30.gif\" width=\"300\" alt=\"\" title=\"\"><\/a><\/p>\n<p>\u00a0<\/p>\n<p>\u00a0<\/p>\n<p>\u00a0<\/p>\n<p>\u00a0<\/p>\n<p>\u00a0<\/p>\n<p>\u00a0<\/p>\n<p>\u00a0<\/p>\n<p>\u00a0<\/p>\n<p>\u00a0<\/p>\n<p>Subito dopo Minoli sar\u00e0 protagonista di un<strong>\u00a0dialogo\u00a0<\/strong>con il giornalista\u00a0<strong>Roberto Papetti<\/strong>,\u00a0sui temi dell\u2019attualit\u00e0, introdotto dalla curatrice di pordenonelegge\u00a0<strong>Valentina Gasparet. \u00a0<\/strong><\/p>\n<p>\u00abNelle ultime stagioni \u2013 recitano ancora le motivazioni \u2013 l\u2019i<strong>nconfondibile verve giornalistica di Giovanni Minoli si \u00e8 declinata nella sensibilizzazione sui temi della sostenibilit\u00e0, grazie al programma\u00a0\u2018Green Leader \u2013 Le aziende e il pianeta\u2019,<\/strong>\u00a0su National Geographic: ritmo incalzante e domande serrate, Miinoli ha incontrato i leader delle maggiori aziende italiane protagoniste dell\u2019economia sostenibile attraverso faccia a faccia da dieci minuti sulle ultime innovazioni e le prospettive legate allo sviluppo sostenibile, offrendo spunti importanti al mondo dell\u2019imprenditoria nazionale\u00bb.\u00a0\u00a0<\/p>\n<p>Giornalista ed autore, saggista e dirigente pubblico, classe 1945,\u00a0<strong>Minoli \u00e8 voce di Rai Radio1 con il programma \u201cIl mix delle 5\u201d, \u00e8 stato direttore di Rai2, Format, RaiT3 e di Rai Educational, di Rai Scuola e Rai Storia<\/strong>, ha condotto a lungo \u201cLa storia siamo noi\u201d (Rai3) e su Radio 24 il programma Mix 24. Minoli esordiva in Rai nel 1971 come produttore nel 1980 gli veniva assegnata la rubrica Mixer che, grazie allo stile giornalistico di Minoli, \u00e8 diventato programma di riferimento e popolarissimo modello di giornalismo televisivo moderno, attraverso grintose interviste\u00a0<em>one to one<\/em>\u00a0all\u2019americana. Successivamente Minoli \u00e8 stato ideatore di programmi cult della TV italiana, come Blitz, Quelli della notte e Aboccaperta, oltre alle fiction di lunga serialit\u00e0 \u201cUn posto al sole\u201d e \u201cAgrodolce\u201d. Come direttore di rete ha poi avuto il merito di portare in prima serata programmi di grande spessore culturale, propri del servizio pubblico televisivo, dirigendo inoltre i canali tematici della RAI dedicati alla storia e alla scuola.<\/p>\n","protected":false},"excerpt":{"rendered":"<p>La consegna al Link Festival<\/p>\n","protected":false},"author":28,"featured_media":34493,"comment_status":"closed","ping_status":"closed","sticky":false,"template":"","format":"standard","meta":{"dwc-title":[],"dwc-content":[],"footnotes":""},"categories":[37],"tags":[],"class_list":["post-34492","post","type-post","status-publish","format-standard","has-post-thumbnail","hentry","category-cultura-e-spettacolo"],"rttpg_featured_image_url":{"full":["https:\/\/imagazine.it\/wp-content\/uploads\/2024\/01\/36016-1.webp",1000,667,false],"landscape":["https:\/\/imagazine.it\/wp-content\/uploads\/2024\/01\/36016-1.webp",1000,667,false],"portraits":["https:\/\/imagazine.it\/wp-content\/uploads\/2024\/01\/36016-1.webp",1000,667,false],"thumbnail":["https:\/\/imagazine.it\/wp-content\/uploads\/2024\/01\/36016-1-150x150.webp",150,150,true],"medium":["https:\/\/imagazine.it\/wp-content\/uploads\/2024\/01\/36016-1-300x200.webp",300,200,true],"large":["https:\/\/imagazine.it\/wp-content\/uploads\/2024\/01\/36016-1.webp",640,427,false],"thumblist":["https:\/\/imagazine.it\/wp-content\/uploads\/2024\/01\/36016-1.webp",300,200,false],"thumbrelated":["https:\/\/imagazine.it\/wp-content\/uploads\/2024\/01\/36016-1.webp",500,334,false],"meccarouselthumb":["https:\/\/imagazine.it\/wp-content\/uploads\/2024\/01\/36016-1.webp",474,316,false],"gridsquare":["https:\/\/imagazine.it\/wp-content\/uploads\/2024\/01\/36016-1.webp",391,260,false],"tileview":["https:\/\/imagazine.it\/wp-content\/uploads\/2024\/01\/36016-1.webp",300,200,false],"1536x1536":["https:\/\/imagazine.it\/wp-content\/uploads\/2024\/01\/36016-1.webp",1000,667,false],"2048x2048":["https:\/\/imagazine.it\/wp-content\/uploads\/2024\/01\/36016-1.webp",1000,667,false],"newsup-slider-full":["https:\/\/imagazine.it\/wp-content\/uploads\/2024\/01\/36016-1.webp",1000,667,false],"newsup-featured":["https:\/\/imagazine.it\/wp-content\/uploads\/2024\/01\/36016-1.webp",1000,667,false],"newsup-medium":["https:\/\/imagazine.it\/wp-content\/uploads\/2024\/01\/36016-1-720x380.webp",720,380,true],"tptn_thumbnail":["https:\/\/imagazine.it\/wp-content\/uploads\/2024\/01\/36016-1.webp",250,167,false],"sow-carousel-default":["https:\/\/imagazine.it\/wp-content\/uploads\/2024\/01\/36016-1-272x182.webp",272,182,true]},"rttpg_author":{"display_name":"redazione","author_link":"https:\/\/imagazine.it\/home_desk\/author\/redazione\/"},"rttpg_comment":0,"rttpg_category":"<a href=\"https:\/\/imagazine.it\/home_desk\/category\/cultura-e-spettacolo\/\" rel=\"category tag\">CULTURA&amp;SPETTACOLO<\/a>","rttpg_excerpt":"La consegna al Link Festival","_links":{"self":[{"href":"https:\/\/imagazine.it\/home_desk\/wp-json\/wp\/v2\/posts\/34492","targetHints":{"allow":["GET"]}}],"collection":[{"href":"https:\/\/imagazine.it\/home_desk\/wp-json\/wp\/v2\/posts"}],"about":[{"href":"https:\/\/imagazine.it\/home_desk\/wp-json\/wp\/v2\/types\/post"}],"author":[{"embeddable":true,"href":"https:\/\/imagazine.it\/home_desk\/wp-json\/wp\/v2\/users\/28"}],"replies":[{"embeddable":true,"href":"https:\/\/imagazine.it\/home_desk\/wp-json\/wp\/v2\/comments?post=34492"}],"version-history":[{"count":0,"href":"https:\/\/imagazine.it\/home_desk\/wp-json\/wp\/v2\/posts\/34492\/revisions"}],"wp:featuredmedia":[{"embeddable":true,"href":"https:\/\/imagazine.it\/home_desk\/wp-json\/wp\/v2\/media\/34493"}],"wp:attachment":[{"href":"https:\/\/imagazine.it\/home_desk\/wp-json\/wp\/v2\/media?parent=34492"}],"wp:term":[{"taxonomy":"category","embeddable":true,"href":"https:\/\/imagazine.it\/home_desk\/wp-json\/wp\/v2\/categories?post=34492"},{"taxonomy":"post_tag","embeddable":true,"href":"https:\/\/imagazine.it\/home_desk\/wp-json\/wp\/v2\/tags?post=34492"}],"curies":[{"name":"wp","href":"https:\/\/api.w.org\/{rel}","templated":true}]}}