{"id":34484,"date":"2020-09-11T00:00:00","date_gmt":"2020-09-10T23:00:00","guid":{"rendered":"https:\/\/imagazine.it\/?p=34484"},"modified":"2020-09-11T00:00:00","modified_gmt":"2020-09-10T23:00:00","slug":"intesa-tra-comune-e-ministero-a-gorizia-un-carcere-modello","status":"publish","type":"post","link":"https:\/\/imagazine.it\/home_desk\/intesa-tra-comune-e-ministero-a-gorizia-un-carcere-modello\/","title":{"rendered":"Intesa tra Comune e Ministero, a Gorizia un &#8220;carcere modello&#8221;"},"content":{"rendered":"<p>Maggiori spazi per guardie e detenuti ma anche laboratori e nuovi servizi. Sono le novit\u00e0 che riguarderanno la Casa circondariale di Gorizia con l\u2019accorpamento dell\u2019ex scuola elementare \u201cPitteri\u201d che sar\u00e0 venduta dal Comune al Ministero di Grazia e Giustizia per 490 mila euro. Un atto che consentir\u00e0 alla prigione di via Barzellini di allargarsi e di realizzare una struttura complementare con nuovi ambienti destinati a migliorare l\u2019attuale situazione carceraria, con una spesa complessiva di 4.500.000 euro.<\/p>\n<p>\u201cDovremmo essere arrivati all\u2019atto finale di questo progetto avviato gi\u00e0 nel precedente mandato dall\u2019amico Ettore Romoli \u2013 spiega il sindaco, <strong>Rodolfo Ziberna<\/strong> \u2013. Si tratta di un\u2019opera che abbiamo perseguito con grande tenacia perch\u00e8 porta benefici molteplici\u00a0per la nostra citt\u00e0 a partire dal fatto che con questo potenziamento si scongiura la chiusura dell\u2019attuale carcere e del tribunale pi\u00f9 volte paventata in passato. Poi si recuperer\u00e0 un edificio \u201cstorico\u201d, in cui sono cresciute generazioni di goriziani, salvandolo dall\u2019abbandono e dal degrado per recuperare un ruolo importante al servizio della comunit\u00e0. Infatti al suo interno saranno reperiti spazi che miglioreranno la vita degli agenti e dei detenuti attraverso il potenziamento di servizi ma anche con la realizzazione di laboratori e altre aree attrezzate. In sostanza si fornisce all\u2019attuale Casa circondariale quell\u2019ampliamento tanto ricercato che le permetter\u00e0 di trasformarsi in un carcere modello di cui Gorizia potr\u00e0 essere orgogliosa e, contestualmente, recuperare un\u2019area e una struttura in forte degrado\u201d.<\/p>\n<p><a href=\"http:\/\/imagazinevideotruck.it\/outlet\/relink.html\" target=\"_top\" rel=\"noopener\"><img loading=\"lazy\" decoding=\"async\" align=\"LEFT\" height=\"250\" src=\"http:\/\/imagazinevideotruck.it\/outlet\/outlet30.gif\" width=\"300\" alt=\"\" title=\"\"><\/a><\/p>\n<p>\u00a0<\/p>\n<p>\u00a0<\/p>\n<p>\u00a0<\/p>\n<p>\u00a0<\/p>\n<p>\u00a0<\/p>\n<p>\u00a0<\/p>\n<p>\u00a0<\/p>\n<p>\u00a0<\/p>\n<p>\u00a0<\/p>\n<p>L\u2019ex scuola elementare maschile Pitteri fu\u00a0costruita dal Comune di Gorizia negli anni 1909\/1910\u00a0con moderni criteri architettonici per l&#39;epoca. Nel corso della Grande Guerra lo stabile sub\u00ec danni ingenti dovuti ai numerosi colpi di proiettili che intaccarono anche le strutture portanti; furono inoltre divelti i pavimenti, asportati i serramenti, devastati i bagni e l&#39;impianto di riscaldamento, gli intonaci e le coloriture delle facciate furono gravemente compromesse. Con un progetto dell&#39;Ufficio Tecnico Municipale del 1919 venne eseguito un recupero generale dello stabile che a parte qualche piccola variazione riport\u00f2 il fabbricato allo stato originale e ospit\u00f2 ancora per molti anni tantissimi scolari goriziani fino alla sua chiusura per inagibilit\u00e0.<\/p>\n","protected":false},"excerpt":{"rendered":"<p>Lavori per 4.500.000 euro<\/p>\n","protected":false},"author":28,"featured_media":34485,"comment_status":"closed","ping_status":"closed","sticky":false,"template":"","format":"standard","meta":{"dwc-title":[],"dwc-content":[],"footnotes":""},"categories":[5],"tags":[],"class_list":["post-34484","post","type-post","status-publish","format-standard","has-post-thumbnail","hentry","category-attualita"],"rttpg_featured_image_url":{"full":["https:\/\/imagazine.it\/wp-content\/uploads\/2024\/01\/35998-1.webp",1000,706,false],"landscape":["https:\/\/imagazine.it\/wp-content\/uploads\/2024\/01\/35998-1.webp",1000,706,false],"portraits":["https:\/\/imagazine.it\/wp-content\/uploads\/2024\/01\/35998-1.webp",1000,706,false],"thumbnail":["https:\/\/imagazine.it\/wp-content\/uploads\/2024\/01\/35998-1-150x150.webp",150,150,true],"medium":["https:\/\/imagazine.it\/wp-content\/uploads\/2024\/01\/35998-1-300x212.webp",300,212,true],"large":["https:\/\/imagazine.it\/wp-content\/uploads\/2024\/01\/35998-1.webp",640,452,false],"thumblist":["https:\/\/imagazine.it\/wp-content\/uploads\/2024\/01\/35998-1.webp",300,212,false],"thumbrelated":["https:\/\/imagazine.it\/wp-content\/uploads\/2024\/01\/35998-1.webp",500,353,false],"meccarouselthumb":["https:\/\/imagazine.it\/wp-content\/uploads\/2024\/01\/35998-1.webp",459,324,false],"gridsquare":["https:\/\/imagazine.it\/wp-content\/uploads\/2024\/01\/35998-1.webp",368,260,false],"tileview":["https:\/\/imagazine.it\/wp-content\/uploads\/2024\/01\/35998-1.webp",300,212,false],"1536x1536":["https:\/\/imagazine.it\/wp-content\/uploads\/2024\/01\/35998-1.webp",1000,706,false],"2048x2048":["https:\/\/imagazine.it\/wp-content\/uploads\/2024\/01\/35998-1.webp",1000,706,false],"newsup-slider-full":["https:\/\/imagazine.it\/wp-content\/uploads\/2024\/01\/35998-1.webp",1000,706,false],"newsup-featured":["https:\/\/imagazine.it\/wp-content\/uploads\/2024\/01\/35998-1.webp",1000,706,false],"newsup-medium":["https:\/\/imagazine.it\/wp-content\/uploads\/2024\/01\/35998-1-720x380.webp",720,380,true],"tptn_thumbnail":["https:\/\/imagazine.it\/wp-content\/uploads\/2024\/01\/35998-1.webp",250,177,false],"sow-carousel-default":["https:\/\/imagazine.it\/wp-content\/uploads\/2024\/01\/35998-1-272x182.webp",272,182,true]},"rttpg_author":{"display_name":"redazione","author_link":"https:\/\/imagazine.it\/home_desk\/author\/redazione\/"},"rttpg_comment":0,"rttpg_category":"<a href=\"https:\/\/imagazine.it\/home_desk\/category\/attualita\/\" rel=\"category tag\">ATTUALIT\u00c0<\/a>","rttpg_excerpt":"Lavori per 4.500.000 euro","_links":{"self":[{"href":"https:\/\/imagazine.it\/home_desk\/wp-json\/wp\/v2\/posts\/34484","targetHints":{"allow":["GET"]}}],"collection":[{"href":"https:\/\/imagazine.it\/home_desk\/wp-json\/wp\/v2\/posts"}],"about":[{"href":"https:\/\/imagazine.it\/home_desk\/wp-json\/wp\/v2\/types\/post"}],"author":[{"embeddable":true,"href":"https:\/\/imagazine.it\/home_desk\/wp-json\/wp\/v2\/users\/28"}],"replies":[{"embeddable":true,"href":"https:\/\/imagazine.it\/home_desk\/wp-json\/wp\/v2\/comments?post=34484"}],"version-history":[{"count":0,"href":"https:\/\/imagazine.it\/home_desk\/wp-json\/wp\/v2\/posts\/34484\/revisions"}],"wp:featuredmedia":[{"embeddable":true,"href":"https:\/\/imagazine.it\/home_desk\/wp-json\/wp\/v2\/media\/34485"}],"wp:attachment":[{"href":"https:\/\/imagazine.it\/home_desk\/wp-json\/wp\/v2\/media?parent=34484"}],"wp:term":[{"taxonomy":"category","embeddable":true,"href":"https:\/\/imagazine.it\/home_desk\/wp-json\/wp\/v2\/categories?post=34484"},{"taxonomy":"post_tag","embeddable":true,"href":"https:\/\/imagazine.it\/home_desk\/wp-json\/wp\/v2\/tags?post=34484"}],"curies":[{"name":"wp","href":"https:\/\/api.w.org\/{rel}","templated":true}]}}