{"id":34478,"date":"2020-09-11T00:00:00","date_gmt":"2020-09-10T23:00:00","guid":{"rendered":"https:\/\/imagazine.it\/?p=34478"},"modified":"2020-09-11T00:00:00","modified_gmt":"2020-09-10T23:00:00","slug":"lignano-boom-di-cicloturisti-prorogato-il-passo-barca","status":"publish","type":"post","link":"https:\/\/imagazine.it\/home_desk\/lignano-boom-di-cicloturisti-prorogato-il-passo-barca\/","title":{"rendered":"Lignano, boom di cicloturisti. Prorogato il Passo Barca"},"content":{"rendered":"<p>Quasi 51 mila passeggeri in poco pi\u00f9 di due mesi. Un servizio turistico che la Regione FVG ha inteso, in accordo con la Regione Veneto, la Citt\u00e0 di Lignano Sabbiadoro, il Comune di San Michele al Tagliamento, gli operatori turistici lignanesi e bibionesi e il gestore dell\u2019approdo, la societ\u00e0 Lignano Pineta, di prorogare.<\/p>\n<p>Il Passo Barca che dallo scorso 27 giugno collega \u2013 via Tagliamento \u2013Lignano a Bibione andr\u00e0 avanti per tutto il mese di settembre e tutti i fine settimana del mese di ottobre, per concludere il servizio domenica 1 novembre.<\/p>\n<p>X River \u2013 com\u2019\u00e8 chiamato il servizio \u2013 si concretizza in un collegamento via acqua, garantito da una barca messa a disposizione dalla societ\u00e0 TPL FVG, con una capienza massima di 25 persone con al seguito altrettante biciclette, che per l\u2019intera giornata trasporta i turisti dalla sponda friulana del fiume Tagliamento (dove oltre alla biglietteria si trovano un servizio di noleggio-riparazione biciclette, un punto di ristoro automatico e delle toilette) a quella veneta.<\/p>\n<p>\u00abUna piacevole conferma e una grande opportunit\u00e0 per i cicloturisti, perch\u00e9 \u2013 commenta <strong>Giorgio Ardito<\/strong>, presidente della societ\u00e0 Lignano Pineta \u2013 scelgano come meta le due citt\u00e0 gemelle sul delta del fiume Tagliamento anche nei mesi di bassa stagione, dando cos\u00ec un\u2019opportunit\u00e0 alle strutture ricettive, ai pubblici esercizi e alle attivit\u00e0 commerciali, di restare aperti per periodi pi\u00f9 lunghi. Per l\u2019estate 2021 auspichiamo l\u2019avvio del traghetto Lignano-Grado, che andrebbe ad aggiungersi al servizio di linea Lignano-Marano e dall\u2019altra parte del Tagliamento al collegamento su prenotazione Bibione &#8211; Porto Baseleghe &#8211; Brussa\u00bb.<\/p>\n<p><a href=\"http:\/\/imagazinevideotruck.it\/outlet\/relink.html\" target=\"_top\" rel=\"noopener\"><img loading=\"lazy\" decoding=\"async\" align=\"LEFT\" height=\"250\" src=\"http:\/\/imagazinevideotruck.it\/outlet\/outlet30.gif\" width=\"300\" alt=\"\" title=\"\"><\/a><\/p>\n<p>\u00a0<\/p>\n<p>\u00a0<\/p>\n<p>\u00a0<\/p>\n<p>\u00a0<\/p>\n<p>\u00a0<\/p>\n<p>\u00a0<\/p>\n<p>\u00a0<\/p>\n<p>\u00a0<\/p>\n<p>\u00a0<\/p>\n<p>\u00abIl cicloturismo \u2013 sottolinea l\u2019assessore alla viabilit\u00e0 del Comune di Lignano Sabbiadoro, <strong>Marina Bidin<\/strong> \u2013 e la riscoperta dei nostri meravigliosi territori sono molto sentiti dalle diverse fasce d\u2019et\u00e0 ed \u00e8 per questo motivo oltre ai numeri straordinari registrati che abbiamo deciso di prolungare il servizio\u00bb.<\/p>\n<p>Soddisfatto anche il sindaco di San Michele al Tagliamento\/Bibione, <strong>Pasqualino Codognotto<\/strong>: \u00abQuella del Passo Barca rappresenta una nuova formula di proposta turistica che sta riscuotendo sempre pi\u00f9 consensi. Il collegamento di turisti per le vie d\u2019acqua, anche tra regioni, \u00e8 riconosciuto come un nuovo modo di trasporto ecologico e il turismo fluviale \u00e8 un fenomeno in crescita in tutta Europa, perch\u00e9 permette ai visitatori di arrivare in zone o angoli del territorio, a volte isolate, ma di valore ambientale unico\u00bb.<\/p>\n","protected":false},"excerpt":{"rendered":"<p>Quasi 51 mila passeggeri in poco pi\u00f9 di due mesi<\/p>\n","protected":false},"author":28,"featured_media":34479,"comment_status":"closed","ping_status":"closed","sticky":false,"template":"","format":"standard","meta":{"dwc-title":[],"dwc-content":[],"footnotes":""},"categories":[8],"tags":[],"class_list":["post-34478","post","type-post","status-publish","format-standard","has-post-thumbnail","hentry","category-turismo"],"rttpg_featured_image_url":{"full":["https:\/\/imagazine.it\/wp-content\/uploads\/2024\/01\/35994-1.webp",1000,649,false],"landscape":["https:\/\/imagazine.it\/wp-content\/uploads\/2024\/01\/35994-1.webp",1000,649,false],"portraits":["https:\/\/imagazine.it\/wp-content\/uploads\/2024\/01\/35994-1.webp",1000,649,false],"thumbnail":["https:\/\/imagazine.it\/wp-content\/uploads\/2024\/01\/35994-1-150x150.webp",150,150,true],"medium":["https:\/\/imagazine.it\/wp-content\/uploads\/2024\/01\/35994-1-300x195.webp",300,195,true],"large":["https:\/\/imagazine.it\/wp-content\/uploads\/2024\/01\/35994-1.webp",640,415,false],"thumblist":["https:\/\/imagazine.it\/wp-content\/uploads\/2024\/01\/35994-1.webp",300,195,false],"thumbrelated":["https:\/\/imagazine.it\/wp-content\/uploads\/2024\/01\/35994-1.webp",500,325,false],"meccarouselthumb":["https:\/\/imagazine.it\/wp-content\/uploads\/2024\/01\/35994-1.webp",474,308,false],"gridsquare":["https:\/\/imagazine.it\/wp-content\/uploads\/2024\/01\/35994-1.webp",391,254,false],"tileview":["https:\/\/imagazine.it\/wp-content\/uploads\/2024\/01\/35994-1.webp",300,195,false],"1536x1536":["https:\/\/imagazine.it\/wp-content\/uploads\/2024\/01\/35994-1.webp",1000,649,false],"2048x2048":["https:\/\/imagazine.it\/wp-content\/uploads\/2024\/01\/35994-1.webp",1000,649,false],"newsup-slider-full":["https:\/\/imagazine.it\/wp-content\/uploads\/2024\/01\/35994-1.webp",1000,649,false],"newsup-featured":["https:\/\/imagazine.it\/wp-content\/uploads\/2024\/01\/35994-1.webp",1000,649,false],"newsup-medium":["https:\/\/imagazine.it\/wp-content\/uploads\/2024\/01\/35994-1-720x380.webp",720,380,true],"tptn_thumbnail":["https:\/\/imagazine.it\/wp-content\/uploads\/2024\/01\/35994-1.webp",250,162,false],"sow-carousel-default":["https:\/\/imagazine.it\/wp-content\/uploads\/2024\/01\/35994-1-272x182.webp",272,182,true]},"rttpg_author":{"display_name":"redazione","author_link":"https:\/\/imagazine.it\/home_desk\/author\/redazione\/"},"rttpg_comment":0,"rttpg_category":"<a href=\"https:\/\/imagazine.it\/home_desk\/category\/turismo\/\" rel=\"category tag\">TURISMO<\/a>","rttpg_excerpt":"Quasi 51 mila passeggeri in poco pi\u00f9 di due mesi","_links":{"self":[{"href":"https:\/\/imagazine.it\/home_desk\/wp-json\/wp\/v2\/posts\/34478","targetHints":{"allow":["GET"]}}],"collection":[{"href":"https:\/\/imagazine.it\/home_desk\/wp-json\/wp\/v2\/posts"}],"about":[{"href":"https:\/\/imagazine.it\/home_desk\/wp-json\/wp\/v2\/types\/post"}],"author":[{"embeddable":true,"href":"https:\/\/imagazine.it\/home_desk\/wp-json\/wp\/v2\/users\/28"}],"replies":[{"embeddable":true,"href":"https:\/\/imagazine.it\/home_desk\/wp-json\/wp\/v2\/comments?post=34478"}],"version-history":[{"count":0,"href":"https:\/\/imagazine.it\/home_desk\/wp-json\/wp\/v2\/posts\/34478\/revisions"}],"wp:featuredmedia":[{"embeddable":true,"href":"https:\/\/imagazine.it\/home_desk\/wp-json\/wp\/v2\/media\/34479"}],"wp:attachment":[{"href":"https:\/\/imagazine.it\/home_desk\/wp-json\/wp\/v2\/media?parent=34478"}],"wp:term":[{"taxonomy":"category","embeddable":true,"href":"https:\/\/imagazine.it\/home_desk\/wp-json\/wp\/v2\/categories?post=34478"},{"taxonomy":"post_tag","embeddable":true,"href":"https:\/\/imagazine.it\/home_desk\/wp-json\/wp\/v2\/tags?post=34478"}],"curies":[{"name":"wp","href":"https:\/\/api.w.org\/{rel}","templated":true}]}}