{"id":34472,"date":"2020-09-09T00:00:00","date_gmt":"2020-09-08T23:00:00","guid":{"rendered":"https:\/\/imagazine.it\/?p=34472"},"modified":"2020-09-09T00:00:00","modified_gmt":"2020-09-08T23:00:00","slug":"calcio-san-vito-al-torre-raddoppia","status":"publish","type":"post","link":"https:\/\/imagazine.it\/home_desk\/calcio-san-vito-al-torre-raddoppia\/","title":{"rendered":"Calcio, San Vito al Torre raddoppia"},"content":{"rendered":"<p>L&#39;emergenza Covid-19 ha interrotto e annullato bruscamente la corsa dell\u2019ASD San Vito al Torre nel girone B del campionato di Terza categoria, caratterizzato dal duello di vertice con il Villesse.<\/p>\n<p>\u00abLa scorsa stagione \u2013 spiega <strong>Nicola Panese<\/strong>, consigliere con delega allo sport del Comune di San Vito al Torre \u2013 a San Vito si sono avvicinati numerosi ragazzi autoctoni, ragazzi giovani e di indubbie qualit\u00e0 agonistiche. Questo ha portato ad abbassare drasticamente l&#39;et\u00e0 media della squadra\u00bb.<\/p>\n<p>Ciononostante non si \u00e8 voluta abbandonare l\u2019esperienza die giocatori pi\u00f9 anziani e cos\u00ec si \u00e8 deciso di iscrivere al campionato due compagini.<\/p>\n<p>All\u2019allenatore <strong>Luciano Serpi <\/strong>sar\u00e0 affidata la squadra geretti, mentre mister <strong>Denis Bergamin <\/strong>continuer\u00e0 l&#39;esperienza con i giovani.<\/p>\n<p>Le squadre dovranno rispettivamente creare un bel gruppo per i primi, puntare alla promozione per i pi\u00f9 giovani. Anche se l&#39;obbiettivo primario che da sempre caratterizza la societ\u00e0 resta il &#8220;terzo tempo&#8221;.<\/p>\n","protected":false},"excerpt":{"rendered":"<p>In Terza categoria<\/p>\n","protected":false},"author":22,"featured_media":34473,"comment_status":"closed","ping_status":"closed","sticky":false,"template":"","format":"standard","meta":{"dwc-title":[],"dwc-content":[],"footnotes":""},"categories":[38],"tags":[],"class_list":["post-34472","post","type-post","status-publish","format-standard","has-post-thumbnail","hentry","category-sport"],"rttpg_featured_image_url":{"full":["https:\/\/imagazine.it\/wp-content\/uploads\/2024\/01\/35990-1.webp",800,572,false],"landscape":["https:\/\/imagazine.it\/wp-content\/uploads\/2024\/01\/35990-1.webp",800,572,false],"portraits":["https:\/\/imagazine.it\/wp-content\/uploads\/2024\/01\/35990-1.webp",800,572,false],"thumbnail":["https:\/\/imagazine.it\/wp-content\/uploads\/2024\/01\/35990-1-150x150.webp",150,150,true],"medium":["https:\/\/imagazine.it\/wp-content\/uploads\/2024\/01\/35990-1-300x215.webp",300,215,true],"large":["https:\/\/imagazine.it\/wp-content\/uploads\/2024\/01\/35990-1.webp",640,458,false],"thumblist":["https:\/\/imagazine.it\/wp-content\/uploads\/2024\/01\/35990-1.webp",300,215,false],"thumbrelated":["https:\/\/imagazine.it\/wp-content\/uploads\/2024\/01\/35990-1.webp",500,358,false],"meccarouselthumb":["https:\/\/imagazine.it\/wp-content\/uploads\/2024\/01\/35990-1.webp",453,324,false],"gridsquare":["https:\/\/imagazine.it\/wp-content\/uploads\/2024\/01\/35990-1.webp",364,260,false],"tileview":["https:\/\/imagazine.it\/wp-content\/uploads\/2024\/01\/35990-1.webp",300,215,false],"1536x1536":["https:\/\/imagazine.it\/wp-content\/uploads\/2024\/01\/35990-1.webp",800,572,false],"2048x2048":["https:\/\/imagazine.it\/wp-content\/uploads\/2024\/01\/35990-1.webp",800,572,false],"newsup-slider-full":["https:\/\/imagazine.it\/wp-content\/uploads\/2024\/01\/35990-1.webp",800,572,false],"newsup-featured":["https:\/\/imagazine.it\/wp-content\/uploads\/2024\/01\/35990-1.webp",800,572,false],"newsup-medium":["https:\/\/imagazine.it\/wp-content\/uploads\/2024\/01\/35990-1-720x380.webp",720,380,true],"tptn_thumbnail":["https:\/\/imagazine.it\/wp-content\/uploads\/2024\/01\/35990-1.webp",250,179,false],"sow-carousel-default":["https:\/\/imagazine.it\/wp-content\/uploads\/2024\/01\/35990-1-272x182.webp",272,182,true]},"rttpg_author":{"display_name":"Livio Nonis","author_link":"https:\/\/imagazine.it\/home_desk\/author\/nonis\/"},"rttpg_comment":0,"rttpg_category":"<a href=\"https:\/\/imagazine.it\/home_desk\/category\/sport\/\" rel=\"category tag\">SPORT<\/a>","rttpg_excerpt":"In Terza categoria","_links":{"self":[{"href":"https:\/\/imagazine.it\/home_desk\/wp-json\/wp\/v2\/posts\/34472","targetHints":{"allow":["GET"]}}],"collection":[{"href":"https:\/\/imagazine.it\/home_desk\/wp-json\/wp\/v2\/posts"}],"about":[{"href":"https:\/\/imagazine.it\/home_desk\/wp-json\/wp\/v2\/types\/post"}],"author":[{"embeddable":true,"href":"https:\/\/imagazine.it\/home_desk\/wp-json\/wp\/v2\/users\/22"}],"replies":[{"embeddable":true,"href":"https:\/\/imagazine.it\/home_desk\/wp-json\/wp\/v2\/comments?post=34472"}],"version-history":[{"count":0,"href":"https:\/\/imagazine.it\/home_desk\/wp-json\/wp\/v2\/posts\/34472\/revisions"}],"wp:featuredmedia":[{"embeddable":true,"href":"https:\/\/imagazine.it\/home_desk\/wp-json\/wp\/v2\/media\/34473"}],"wp:attachment":[{"href":"https:\/\/imagazine.it\/home_desk\/wp-json\/wp\/v2\/media?parent=34472"}],"wp:term":[{"taxonomy":"category","embeddable":true,"href":"https:\/\/imagazine.it\/home_desk\/wp-json\/wp\/v2\/categories?post=34472"},{"taxonomy":"post_tag","embeddable":true,"href":"https:\/\/imagazine.it\/home_desk\/wp-json\/wp\/v2\/tags?post=34472"}],"curies":[{"name":"wp","href":"https:\/\/api.w.org\/{rel}","templated":true}]}}