{"id":34468,"date":"2020-09-10T00:00:00","date_gmt":"2020-09-09T23:00:00","guid":{"rendered":"https:\/\/imagazine.it\/?p=34468"},"modified":"2020-09-10T00:00:00","modified_gmt":"2020-09-09T23:00:00","slug":"a-monfalcone-le-coreografie-di-fabrizio-prolli","status":"publish","type":"post","link":"https:\/\/imagazine.it\/home_desk\/a-monfalcone-le-coreografie-di-fabrizio-prolli\/","title":{"rendered":"A Monfalcone le coreografie di Fabrizio Prolli"},"content":{"rendered":"<p>Il Comune di Monfalcone organizza la sesta edizione del <strong>Festival della Danza<\/strong>, venerd\u00ec 18 e sabato 19 settembre, nelle piazze e in altri luoghi della citt\u00e0, appositamente attrezzati con palchi e altre strutture, nel pieno rispetto delle prescrizioni anti Covid e della sicurezza. Il Festival della Danza \u00e8 un evento organizzato dall\u2019Assessorato alla Cultura, insieme alla Consulta cultura, ai Comitati di rione, alle trenta Scuole di Danza del territorio regionale, alle Associazioni culturali, alle Associazioni di categoria Ascom, Viva Centro, Confartigianato e CNA e ai professionisti del settore.<\/p>\n<p>Ospite speciale quest\u2019anno sar\u00e0 <strong>Fabrizio Prolli<\/strong>, famoso ballerino italiano, insegnante e coreografo. Ha lavorato con artisti del calibro di Kylie Minogue, Tiziano Ferro, Claudio Baglioni, Elisa, Alessandra Amoroso, Giorgia e molti altri. Ballerino professionista per varie edizioni di \u201cAmici\u201d di Maria de Filippi e per il musical \u201cRomeo e Giulietta &#8211; Ama e cambia il mondo\u201d, si \u00e8 esibito in tutto il mondo facendo parte per anni del \u201cCirque Du Soleil\u201d. <strong>Fabrizio Prolli si esibir\u00e0 in pubblico sabato 19 settembre<\/strong>, alle ore 20, sul palco in piazza della Repubblica: per prenotare il posto a sedere nel parterre \u00e8 necessario inviare i nominativi entro il giorno 11\/09\/20 alla mail info@ele-dance.com; in caso di maltempo la serata si terr\u00e0 nel Teatro comunale e verranno assegnati dei posti numerati alle prenotazioni gi\u00e0 registrate per la piazza, con la medesima capienza di max 200 sedute.<\/p>\n<p><a href=\"http:\/\/imagazinevideotruck.it\/outlet\/relink.html\" target=\"_top\" rel=\"noopener\"><img loading=\"lazy\" decoding=\"async\" align=\"LEFT\" height=\"250\" src=\"http:\/\/imagazinevideotruck.it\/outlet\/outlet30.gif\" width=\"300\" alt=\"\" title=\"\"><\/a><\/p>\n<p>\u00a0<\/p>\n<p>\u00a0<\/p>\n<p>\u00a0<\/p>\n<p>\u00a0<\/p>\n<p>\u00a0<\/p>\n<p>\u00a0<\/p>\n<p>\u00a0<\/p>\n<p>\u00a0<\/p>\n<p>\u00a0<\/p>\n<p><strong>L\u2019apertura del Festival della Danza<\/strong> avr\u00e0 luogo venerd\u00ec 18 settembre, in piazzetta Unit\u00e0 d\u2019Italia, alle ore 18, con i saluti istituzionali e spettacoli di danza. A seguire \u201cBack to the 80s &#8211; Cosa rester\u00e0 degli anni \u201980?\u201d a cura del Club Diamante. Seguiranno le esibizioni di Tango Argentino, a cura della Dance Accademy Nueva Clave.<br \/> <strong>Le Masterclass<\/strong>, riservate ai ballerini (con iscrizione) e non aperte al pubblico, si svolgeranno al Palazzetto dello sport e alla Sala Polifunzionale don Foschian in Largo Isonzo.<\/p>\n<p><u><strong><a href=\"http:\/\/www.imagazine.it\/eventi\/festival-della-danza-717e620f-0300-432a-8dc0-c08d58f4c73b\" target=\"_blank\" rel=\"noopener\">Ecco il programma completo<\/a><\/strong><\/u><\/p>\n","protected":false},"excerpt":{"rendered":"<p>Per il Festival della Danza<\/p>\n","protected":false},"author":28,"featured_media":34469,"comment_status":"closed","ping_status":"closed","sticky":false,"template":"","format":"standard","meta":{"dwc-title":[],"dwc-content":[],"footnotes":""},"categories":[37],"tags":[],"class_list":["post-34468","post","type-post","status-publish","format-standard","has-post-thumbnail","hentry","category-cultura-e-spettacolo"],"rttpg_featured_image_url":{"full":["https:\/\/imagazine.it\/wp-content\/uploads\/2024\/01\/35988-1.webp",800,574,false],"landscape":["https:\/\/imagazine.it\/wp-content\/uploads\/2024\/01\/35988-1.webp",800,574,false],"portraits":["https:\/\/imagazine.it\/wp-content\/uploads\/2024\/01\/35988-1.webp",800,574,false],"thumbnail":["https:\/\/imagazine.it\/wp-content\/uploads\/2024\/01\/35988-1-150x150.webp",150,150,true],"medium":["https:\/\/imagazine.it\/wp-content\/uploads\/2024\/01\/35988-1-300x215.webp",300,215,true],"large":["https:\/\/imagazine.it\/wp-content\/uploads\/2024\/01\/35988-1.webp",640,459,false],"thumblist":["https:\/\/imagazine.it\/wp-content\/uploads\/2024\/01\/35988-1.webp",300,215,false],"thumbrelated":["https:\/\/imagazine.it\/wp-content\/uploads\/2024\/01\/35988-1.webp",500,359,false],"meccarouselthumb":["https:\/\/imagazine.it\/wp-content\/uploads\/2024\/01\/35988-1.webp",452,324,false],"gridsquare":["https:\/\/imagazine.it\/wp-content\/uploads\/2024\/01\/35988-1.webp",362,260,false],"tileview":["https:\/\/imagazine.it\/wp-content\/uploads\/2024\/01\/35988-1.webp",300,215,false],"1536x1536":["https:\/\/imagazine.it\/wp-content\/uploads\/2024\/01\/35988-1.webp",800,574,false],"2048x2048":["https:\/\/imagazine.it\/wp-content\/uploads\/2024\/01\/35988-1.webp",800,574,false],"newsup-slider-full":["https:\/\/imagazine.it\/wp-content\/uploads\/2024\/01\/35988-1.webp",800,574,false],"newsup-featured":["https:\/\/imagazine.it\/wp-content\/uploads\/2024\/01\/35988-1.webp",800,574,false],"newsup-medium":["https:\/\/imagazine.it\/wp-content\/uploads\/2024\/01\/35988-1-720x380.webp",720,380,true],"tptn_thumbnail":["https:\/\/imagazine.it\/wp-content\/uploads\/2024\/01\/35988-1.webp",250,179,false],"sow-carousel-default":["https:\/\/imagazine.it\/wp-content\/uploads\/2024\/01\/35988-1-272x182.webp",272,182,true]},"rttpg_author":{"display_name":"redazione","author_link":"https:\/\/imagazine.it\/home_desk\/author\/redazione\/"},"rttpg_comment":0,"rttpg_category":"<a href=\"https:\/\/imagazine.it\/home_desk\/category\/cultura-e-spettacolo\/\" rel=\"category tag\">CULTURA&amp;SPETTACOLO<\/a>","rttpg_excerpt":"Per il Festival della Danza","_links":{"self":[{"href":"https:\/\/imagazine.it\/home_desk\/wp-json\/wp\/v2\/posts\/34468","targetHints":{"allow":["GET"]}}],"collection":[{"href":"https:\/\/imagazine.it\/home_desk\/wp-json\/wp\/v2\/posts"}],"about":[{"href":"https:\/\/imagazine.it\/home_desk\/wp-json\/wp\/v2\/types\/post"}],"author":[{"embeddable":true,"href":"https:\/\/imagazine.it\/home_desk\/wp-json\/wp\/v2\/users\/28"}],"replies":[{"embeddable":true,"href":"https:\/\/imagazine.it\/home_desk\/wp-json\/wp\/v2\/comments?post=34468"}],"version-history":[{"count":0,"href":"https:\/\/imagazine.it\/home_desk\/wp-json\/wp\/v2\/posts\/34468\/revisions"}],"wp:featuredmedia":[{"embeddable":true,"href":"https:\/\/imagazine.it\/home_desk\/wp-json\/wp\/v2\/media\/34469"}],"wp:attachment":[{"href":"https:\/\/imagazine.it\/home_desk\/wp-json\/wp\/v2\/media?parent=34468"}],"wp:term":[{"taxonomy":"category","embeddable":true,"href":"https:\/\/imagazine.it\/home_desk\/wp-json\/wp\/v2\/categories?post=34468"},{"taxonomy":"post_tag","embeddable":true,"href":"https:\/\/imagazine.it\/home_desk\/wp-json\/wp\/v2\/tags?post=34468"}],"curies":[{"name":"wp","href":"https:\/\/api.w.org\/{rel}","templated":true}]}}