{"id":34464,"date":"2020-09-10T00:00:00","date_gmt":"2020-09-09T23:00:00","guid":{"rendered":"https:\/\/imagazine.it\/?p=34464"},"modified":"2020-09-10T00:00:00","modified_gmt":"2020-09-09T23:00:00","slug":"trieste-unaltra-casa-per-le-famiglie-dei-pazienti-del-burlo","status":"publish","type":"post","link":"https:\/\/imagazine.it\/home_desk\/trieste-unaltra-casa-per-le-famiglie-dei-pazienti-del-burlo\/","title":{"rendered":"Trieste, un&#8217;altra casa per le famiglie dei pazienti del Burlo"},"content":{"rendered":"<p>\u00c8 arrivata al termine la ristrutturazione dell\u2019abitazione in via della Sorgente 7 a Trieste, che diventa la <strong>quarta casa<\/strong> che <strong>A.B.C. &#8211; Associazione per i Bambini Chirurgici del Burlo onlus<\/strong> mette <strong>a disposizione gratuitamente<\/strong> delle famiglie dei piccoli ricoverati all\u2019IRCCS Materno Infantile Burlo Garofolo a Trieste.<\/p>\n<p>L\u2019inaugurazione si \u00e8 tenuta <strong>oggi <\/strong>all\u2019interno della sede triestina di Confindustria Alto Adriatico per assicurare il rispetto della normativa vigente ai partecipanti, che &#8211; grazie alle moderne tecnologie &#8211; hanno avuto comunque la possibilit\u00e0 di effettuare una visita virtuale dell\u2019immobile e rendersi conto in maniera tangibile dell\u2019entit\u00e0 dei lavori svolti considerata anche la situazione contingente.<\/p>\n<p>Alla presenza delle autorit\u00e0 \u2013 il vicepresidente della Regione Friuli Venezia Giulia e assessore alla Salute <strong>Riccardo Riccardi<\/strong>,\u00a0 il sindaco <strong>Roberto Dipiazza <\/strong>e l\u2019assessore al Sociale del Comune di Trieste<strong> Carlo Grilli<\/strong> \u2013 e delle principali realt\u00e0 sostenitrici delle progettualit\u00e0 di A.B.C., la <strong>direttrice Giusy Battain<\/strong> ha ripercorso la storia dell\u2019Associazione e dei lavori di questa quarta casa e ha ringraziato tutti coloro che hanno reso possibile questo traguardo confermando come la <strong>responsabilit\u00e0 sociale d\u2019impresa<\/strong> sia diventato un elemento centrale delle realt\u00e0 del territorio, che con il loro impegno sostengono la comunit\u00e0 e creano un circolo virtuoso che ha ricadute positive su tutta la comunit\u00e0.<\/p>\n<p>L\u2019azione di <strong>A.B.C. &#8211; Associazione per i Bambini Chirurgici del Burlo onlus<\/strong> attraverso il progetto <strong>\u201cSentirsi a casa\u201d<\/strong> permette di sgravare i genitori da un impegno non solo economico e organizzativo, ma soprattutto emotivo, dando loro ospitalit\u00e0 gratuita nelle \u201cCase A.B.C.\u201d che sono pensate per essere uno spazio sereno in cui trascorrere il periodo del ricovero dei loro bambini, <strong>un luogo in cui sentirsi accuditi e sostenuti per potersi ricaricare. <\/strong><\/p>\n<p>Questa quarta abitazione permetter\u00e0 all\u2019Associazione di rispondere ai bisogni di ospitalit\u00e0 di <strong>ulteriori<\/strong> <strong>30 famiglie<\/strong> &#8211; in aggiunta alle 70 che gi\u00e0 sostiene grazie agli altri tre alloggi a Trieste (in via del Toro aperta nel 2006, via dell\u2019Istria aperta nel 2007 e via Tiepolo aperta nel 2017) per un totale di 120 accoglienze annuali &#8211; provenienti da tutta Italia e che si rivolgono a essa perch\u00e9 i loro piccoli, nati con patologie malformative, devono affrontare complessi e lunghi percorsi chirurgici all\u2019interno dell\u2019IRCCS Materno Infantile Burlo Garofolo.<\/p>\n<p>La struttura \u00e8 stata donata all\u2019associazione da un signora triestina, grazie a un<strong> lascito solidale<\/strong>, mentre per gli <strong>interventi strutturali<\/strong> <strong>e di arredo<\/strong> sono intervenute diverse <strong>realt\u00e0 economiche, istituzioni ed enti<\/strong> del Triveneto &#8211; che non hanno esitato a sostenere questo progetto e fare rete anche in un periodo complesso come quello che stiamo vivendo &#8211; insieme a numerosi <strong>donatori privati<\/strong>, a cui si aggiunge il ricavato proveniente dalla raccolta fondi dell\u2019edizione 2019\/2020 della campagna \u201cOffri un caff\u00e8 buonissimo\u201d realizzata per il secondo anno consecutivo e che ha visto la mobilitazione di oltre 180 esercizi pubblici della nostra citt\u00e0.<\/p>\n<p>Sono 14 le realt\u00e0 che, insieme, hanno permesso la ristrutturazione della \u201cQuarta Casa A.B.C.\u201d: alcune sono sostenitrici dei progetti dell\u2019Associazione per i Bambini Chirurgici del Burlo gi\u00e0 da diversi anni, mentre altre hanno scelto di sposare questo progetto proprio per iniziare la collaborazione; tutte sentono forte il legame con i <strong>valori di accoglienza, supporto e solidariet\u00e0<\/strong>.<\/p>\n<p>Eccole elencate in ordine alfabetico: <strong>AcegasApsAmga,\u00a0 Aidda FVG, Barazza srl, Calligaris e Ditre, Cr\u00e9dit Agricole Friuladria, Formindustria, Fondazione Banca d\u2019Italia, Fondazione Benefica Alberto e Kathleen Casali,\u00a0 &#8211; Fondazione CRTrieste, New Eco, Solidariet\u00e0 Trieste, U-Blox, W\u00e4rtsil\u00e4 Italia e Zinelli&#038;Perizzi<\/strong>. Una menzione particolare va al progetto \u201c<em>Offri un caff\u00e8 buonissimo<\/em>\u201d che vede rinnovata la collaborazione con <strong>Fipe Trieste, Confcommercio Trieste, Federalberghi Trieste e Associazione Caff\u00e8 Trieste<\/strong> oltre a <strong>RadioAttivit\u00e0<\/strong> e <strong>Radio Punto Zero<\/strong> come media partner, e al supporto dato da Confindustria Alto Adriatico che ha raccolto l\u2019eredit\u00e0 di Confindustria Venezia Giulia e ospita l\u2019Associazione sia per questa inaugurazione sia per l\u2019operativit\u00e0 quotidiana (<em>scheda allegata<\/em>).<\/p>\n<p>\u00a0<\/p>\n<p><a href=\"http:\/\/imagazinevideotruck.it\/outlet\/relink.html\" target=\"_top\" rel=\"noopener\"><img loading=\"lazy\" decoding=\"async\" align=\"LEFT\" height=\"250\" src=\"http:\/\/imagazinevideotruck.it\/outlet\/outlet30.gif\" width=\"300\" alt=\"\" title=\"\"><\/a><\/p>\n<p>\u00a0<\/p>\n<p>\u00a0<\/p>\n<p>\u00a0<\/p>\n<p>\u00a0<\/p>\n<p>\u00a0<\/p>\n<p>\u00a0<\/p>\n<p>\u00a0<\/p>\n<p>\u00a0<\/p>\n<p>\u00a0<\/p>\n<p><strong>Le caratteristiche e le particolarit\u00e0 della quarta casa<\/strong><\/p>\n<p>Il progetto di ristrutturazione \u00e8 stato seguito dall<strong>\u2019architetto Carlotta Ghiliano<\/strong>, che ne ha curato il concept fin dall\u2019inizio.<\/p>\n<p>L\u2019obiettivo principale su cui ha lavorato \u00e8 stato quello di creare un luogo dove ritrovare la sicurezza e il conforto di \u201ccasa\u201d e in cui i genitori e gli altri membri della famiglia possano riposarsi e ricaricarsi, uno spazio in cui elaborare anche le intense emozioni vissute in momento difficile come quello che \u00e8 il ricovero dei bambini.<\/p>\n<p>La casa ha una metratura di <strong>circa 45 mq<\/strong> e per renderla adatta ad accogliere le famiglie \u00e8 stata necessaria una ristrutturazione importante che ha coinvolto un rifacimento degli impianti di riscaldamento, elettrico e idraulico, oltre a un ripensamento globale degli spazi affinch\u00e9 questo possano essere pi\u00f9 confortevoli per accogliere nuclei familiari di massimo 4 persone.<\/p>\n<p><strong>Il disegno dell\u2019alloggio \u00e8 stato studiato nel dettaglio<\/strong> per usare al meglio lo spazio a disposizione nel rispetto della normativa e permettere una sorta di flessibilit\u00e0 nell\u2019occupazione a seconda del legame tra le persone presenti. Prevede due stanze agli estremi, di cui una da letto e una living con divano letto, mentre nel blocco centrale sono stati posizionati il disimpegno, i servizi e l\u2019area cottura.\u00a0<\/p>\n<p>Particolare cura \u00e8 stata posta alle rifiniture, dai pavimenti ai serramenti, anche grazie ai partner che hanno donato <strong>materie prime, accessori e componenti di alto livello<\/strong>. Si \u00e8 cercato di valorizzare il pi\u00f9 possibile i <strong>punti luce<\/strong> presenti, in particolare le finestre che danno su via della Sorgente, anche attraverso l\u2019apertura di porte di passaggio tra le stanze. Le finiture sono contemporanee, ma allo stesso tempo in stile con l\u2019epoca del palazzo che ospita l\u2019appartamento.<\/p>\n<p>Grande attenzione \u00e8 stata posta al concetto di praticit\u00e0 senza dimenticare che non si tratta n\u00e9 di una foresteria n\u00e9 di una casa vacanze, ma di un ambiente in cui la bellezza data dalla cura dei dettagli aiuta a renderlo un luogo confortevole. Anche la <strong>scelta dei colori, dei decori e dei tessili<\/strong> fatta dall\u2019architetto va proprio in questa direzione.<\/p>\n","protected":false},"excerpt":{"rendered":"<p>In via della Sorgente<\/p>\n","protected":false},"author":28,"featured_media":34465,"comment_status":"closed","ping_status":"closed","sticky":false,"template":"","format":"standard","meta":{"dwc-title":[],"dwc-content":[],"footnotes":""},"categories":[5],"tags":[],"class_list":["post-34464","post","type-post","status-publish","format-standard","has-post-thumbnail","hentry","category-attualita"],"rttpg_featured_image_url":{"full":["https:\/\/imagazine.it\/wp-content\/uploads\/2024\/01\/35977-1.webp",1000,750,false],"landscape":["https:\/\/imagazine.it\/wp-content\/uploads\/2024\/01\/35977-1.webp",1000,750,false],"portraits":["https:\/\/imagazine.it\/wp-content\/uploads\/2024\/01\/35977-1.webp",1000,750,false],"thumbnail":["https:\/\/imagazine.it\/wp-content\/uploads\/2024\/01\/35977-1-150x150.webp",150,150,true],"medium":["https:\/\/imagazine.it\/wp-content\/uploads\/2024\/01\/35977-1-300x225.webp",300,225,true],"large":["https:\/\/imagazine.it\/wp-content\/uploads\/2024\/01\/35977-1.webp",640,480,false],"thumblist":["https:\/\/imagazine.it\/wp-content\/uploads\/2024\/01\/35977-1.webp",300,225,false],"thumbrelated":["https:\/\/imagazine.it\/wp-content\/uploads\/2024\/01\/35977-1.webp",500,375,false],"meccarouselthumb":["https:\/\/imagazine.it\/wp-content\/uploads\/2024\/01\/35977-1.webp",432,324,false],"gridsquare":["https:\/\/imagazine.it\/wp-content\/uploads\/2024\/01\/35977-1.webp",347,260,false],"tileview":["https:\/\/imagazine.it\/wp-content\/uploads\/2024\/01\/35977-1.webp",300,225,false],"1536x1536":["https:\/\/imagazine.it\/wp-content\/uploads\/2024\/01\/35977-1.webp",1000,750,false],"2048x2048":["https:\/\/imagazine.it\/wp-content\/uploads\/2024\/01\/35977-1.webp",1000,750,false],"newsup-slider-full":["https:\/\/imagazine.it\/wp-content\/uploads\/2024\/01\/35977-1-1000x720.webp",1000,720,true],"newsup-featured":["https:\/\/imagazine.it\/wp-content\/uploads\/2024\/01\/35977-1.webp",1000,750,false],"newsup-medium":["https:\/\/imagazine.it\/wp-content\/uploads\/2024\/01\/35977-1-720x380.webp",720,380,true],"tptn_thumbnail":["https:\/\/imagazine.it\/wp-content\/uploads\/2024\/01\/35977-1.webp",250,188,false],"sow-carousel-default":["https:\/\/imagazine.it\/wp-content\/uploads\/2024\/01\/35977-1-272x182.webp",272,182,true]},"rttpg_author":{"display_name":"redazione","author_link":"https:\/\/imagazine.it\/home_desk\/author\/redazione\/"},"rttpg_comment":0,"rttpg_category":"<a href=\"https:\/\/imagazine.it\/home_desk\/category\/attualita\/\" rel=\"category tag\">ATTUALIT\u00c0<\/a>","rttpg_excerpt":"In via della Sorgente","_links":{"self":[{"href":"https:\/\/imagazine.it\/home_desk\/wp-json\/wp\/v2\/posts\/34464","targetHints":{"allow":["GET"]}}],"collection":[{"href":"https:\/\/imagazine.it\/home_desk\/wp-json\/wp\/v2\/posts"}],"about":[{"href":"https:\/\/imagazine.it\/home_desk\/wp-json\/wp\/v2\/types\/post"}],"author":[{"embeddable":true,"href":"https:\/\/imagazine.it\/home_desk\/wp-json\/wp\/v2\/users\/28"}],"replies":[{"embeddable":true,"href":"https:\/\/imagazine.it\/home_desk\/wp-json\/wp\/v2\/comments?post=34464"}],"version-history":[{"count":0,"href":"https:\/\/imagazine.it\/home_desk\/wp-json\/wp\/v2\/posts\/34464\/revisions"}],"wp:featuredmedia":[{"embeddable":true,"href":"https:\/\/imagazine.it\/home_desk\/wp-json\/wp\/v2\/media\/34465"}],"wp:attachment":[{"href":"https:\/\/imagazine.it\/home_desk\/wp-json\/wp\/v2\/media?parent=34464"}],"wp:term":[{"taxonomy":"category","embeddable":true,"href":"https:\/\/imagazine.it\/home_desk\/wp-json\/wp\/v2\/categories?post=34464"},{"taxonomy":"post_tag","embeddable":true,"href":"https:\/\/imagazine.it\/home_desk\/wp-json\/wp\/v2\/tags?post=34464"}],"curies":[{"name":"wp","href":"https:\/\/api.w.org\/{rel}","templated":true}]}}