{"id":34446,"date":"2020-09-05T00:00:00","date_gmt":"2020-09-04T23:00:00","guid":{"rendered":"https:\/\/imagazine.it\/?p=34446"},"modified":"2020-09-05T00:00:00","modified_gmt":"2020-09-04T23:00:00","slug":"monfalcone-ripartono-i-corsi-cam","status":"publish","type":"post","link":"https:\/\/imagazine.it\/home_desk\/monfalcone-ripartono-i-corsi-cam\/","title":{"rendered":"Monfalcone, ripartono i corsi CAM"},"content":{"rendered":"<p>Si avvia l\u2019anno scolastico della CAM Arte Musica a Monfalcone. Dal 2000 la scuola organizza corsi di musica, sia a livello amatoriale che a livello professionale, per tutti gli strumenti, di stile classico e moderno, di propedeutica per bambini, di Dj, di produzione e di music business.<\/p>\n<p>La scuola manterr\u00e0 nel corso dell\u2019intero anno scolastico le normative di sicurezza e di distanziamento che aveva gi\u00e0 adottato in maggio quando aveva ripreso le sue attivit\u00e0 musicali. I ragazzi non si incroceranno mai, ma ci sar\u00e0 una pausa di almeno dieci minuti tra una lezione e l\u2019altra per evitare gli assembramenti nei locali della scuola e per igienizzare di volta in volta le postazioni. La didattica sar\u00e0 quest\u2019anno mista, ovvero i corsi si terranno sia online che in presenza, cercando di garantire sempre una formazione musicale di qualit\u00e0.<\/p>\n<p>Le lezioni di teoria saranno online e sul canale YouTube del direttore della scuola <strong>Gabriele Medeot<\/strong>, che ha raggiunto 7.000 iscritti; \u00e8 possibile inoltre trovare video su tutta la teoria musicale e l\u2019armonica.<\/p>\n<p>Anche quest\u2019anno ci saranno i corsi di pianoforte, di violino, di chitarra, di batteria, di canto, ma anche di basso, flauto traverso e dj mixing. Si porr\u00e0 particolare attenzione al Piano Academy, ovvero i corsi di pianoforte legati alla preparazione e specializzazione pianistica con gli insegnanti <strong>Luisa Scattarregia<\/strong>, <strong>Angelica Minetto<\/strong> e Gabriele Medeot.<\/p>\n<p>Il fiore all\u2019occhiello dell\u2019anno scolastico CAM sar\u00e0 un corso online di podcasting con un\u2019esperta internazionale che vive a Bruxelles. In seguito al lockdown e alla diffusione e produzione sempre pi\u00f9 cospicua di podcast, la CAM ha ritenuto opportuno ampliare la sua offerta formativa e inserire un corso online con un\u2019esperta nel settore: i partecipanti impareranno dunque cos&#39;\u00e8 un podcast, come si realizza, quali sono gli strumenti per farlo, come si struttura e come si veicola e si trasmette poi sulla rete.<\/p>\n<p>L\u2019anno scolastico incomincer\u00e0 ufficialmente a ottobre ma in questo momento i corsi CAM sono gi\u00e0 tutti aperti ed \u00e8 gi\u00e0 possibile fare delle lezioni di prova o iscriversi per incominciare subito una delle offerte musicali della scuola monfalconese. Per maggiori informazioni si pu\u00f2 contattare la scuola telefonicamente al 339 173 5535 o all\u2019indirizzo mail camartemusica@gmail.com.<\/p>\n","protected":false},"excerpt":{"rendered":"<p>A partire da ottobre<\/p>\n","protected":false},"author":22,"featured_media":34447,"comment_status":"closed","ping_status":"closed","sticky":false,"template":"","format":"standard","meta":{"dwc-title":[],"dwc-content":[],"footnotes":""},"categories":[37],"tags":[],"class_list":["post-34446","post","type-post","status-publish","format-standard","has-post-thumbnail","hentry","category-cultura-e-spettacolo"],"rttpg_featured_image_url":{"full":["https:\/\/imagazine.it\/wp-content\/uploads\/2024\/01\/35931-1.webp",1000,762,false],"landscape":["https:\/\/imagazine.it\/wp-content\/uploads\/2024\/01\/35931-1.webp",1000,762,false],"portraits":["https:\/\/imagazine.it\/wp-content\/uploads\/2024\/01\/35931-1.webp",1000,762,false],"thumbnail":["https:\/\/imagazine.it\/wp-content\/uploads\/2024\/01\/35931-1-150x150.webp",150,150,true],"medium":["https:\/\/imagazine.it\/wp-content\/uploads\/2024\/01\/35931-1-300x229.webp",300,229,true],"large":["https:\/\/imagazine.it\/wp-content\/uploads\/2024\/01\/35931-1.webp",640,488,false],"thumblist":["https:\/\/imagazine.it\/wp-content\/uploads\/2024\/01\/35931-1.webp",300,229,false],"thumbrelated":["https:\/\/imagazine.it\/wp-content\/uploads\/2024\/01\/35931-1.webp",500,381,false],"meccarouselthumb":["https:\/\/imagazine.it\/wp-content\/uploads\/2024\/01\/35931-1.webp",425,324,false],"gridsquare":["https:\/\/imagazine.it\/wp-content\/uploads\/2024\/01\/35931-1.webp",341,260,false],"tileview":["https:\/\/imagazine.it\/wp-content\/uploads\/2024\/01\/35931-1.webp",300,229,false],"1536x1536":["https:\/\/imagazine.it\/wp-content\/uploads\/2024\/01\/35931-1.webp",1000,762,false],"2048x2048":["https:\/\/imagazine.it\/wp-content\/uploads\/2024\/01\/35931-1.webp",1000,762,false],"newsup-slider-full":["https:\/\/imagazine.it\/wp-content\/uploads\/2024\/01\/35931-1-1000x720.webp",1000,720,true],"newsup-featured":["https:\/\/imagazine.it\/wp-content\/uploads\/2024\/01\/35931-1.webp",1000,762,false],"newsup-medium":["https:\/\/imagazine.it\/wp-content\/uploads\/2024\/01\/35931-1-720x380.webp",720,380,true],"tptn_thumbnail":["https:\/\/imagazine.it\/wp-content\/uploads\/2024\/01\/35931-1.webp",250,191,false],"sow-carousel-default":["https:\/\/imagazine.it\/wp-content\/uploads\/2024\/01\/35931-1-272x182.webp",272,182,true]},"rttpg_author":{"display_name":"Livio Nonis","author_link":"https:\/\/imagazine.it\/home_desk\/author\/nonis\/"},"rttpg_comment":0,"rttpg_category":"<a href=\"https:\/\/imagazine.it\/home_desk\/category\/cultura-e-spettacolo\/\" rel=\"category tag\">CULTURA&amp;SPETTACOLO<\/a>","rttpg_excerpt":"A partire da ottobre","_links":{"self":[{"href":"https:\/\/imagazine.it\/home_desk\/wp-json\/wp\/v2\/posts\/34446","targetHints":{"allow":["GET"]}}],"collection":[{"href":"https:\/\/imagazine.it\/home_desk\/wp-json\/wp\/v2\/posts"}],"about":[{"href":"https:\/\/imagazine.it\/home_desk\/wp-json\/wp\/v2\/types\/post"}],"author":[{"embeddable":true,"href":"https:\/\/imagazine.it\/home_desk\/wp-json\/wp\/v2\/users\/22"}],"replies":[{"embeddable":true,"href":"https:\/\/imagazine.it\/home_desk\/wp-json\/wp\/v2\/comments?post=34446"}],"version-history":[{"count":0,"href":"https:\/\/imagazine.it\/home_desk\/wp-json\/wp\/v2\/posts\/34446\/revisions"}],"wp:featuredmedia":[{"embeddable":true,"href":"https:\/\/imagazine.it\/home_desk\/wp-json\/wp\/v2\/media\/34447"}],"wp:attachment":[{"href":"https:\/\/imagazine.it\/home_desk\/wp-json\/wp\/v2\/media?parent=34446"}],"wp:term":[{"taxonomy":"category","embeddable":true,"href":"https:\/\/imagazine.it\/home_desk\/wp-json\/wp\/v2\/categories?post=34446"},{"taxonomy":"post_tag","embeddable":true,"href":"https:\/\/imagazine.it\/home_desk\/wp-json\/wp\/v2\/tags?post=34446"}],"curies":[{"name":"wp","href":"https:\/\/api.w.org\/{rel}","templated":true}]}}