{"id":34438,"date":"2020-09-07T00:00:00","date_gmt":"2020-09-06T23:00:00","guid":{"rendered":"https:\/\/imagazine.it\/?p=34438"},"modified":"2020-09-07T00:00:00","modified_gmt":"2020-09-06T23:00:00","slug":"aneurisma-aortico-a-trieste-riuscito-un-raro-intervento","status":"publish","type":"post","link":"https:\/\/imagazine.it\/home_desk\/aneurisma-aortico-a-trieste-riuscito-un-raro-intervento\/","title":{"rendered":"Aneurisma aortico, a Trieste riuscito un raro intervento"},"content":{"rendered":"<p>L\u2019equipe della chirurgia vascolare dell\u2019Ospedale di Cattinara, diretta dal prof. <strong>Sandro Lepidi<\/strong>, grazie a una innovativa tecnica mini-invasiva endovascolare, tratta con esito molto positivo un paziente 85enne, affetto da un grave aneurisma dell\u2019aorta addominale.<\/p>\n<p>&#8220;Un plauso all&#39;equipe della chirurgia vascolare del nosocomio triestino: ringrazio uno a uno i professionisti che hanno partecipato a questo importante e innovativo intervento. Dimostrazione della costante ricerca scientifica, impegno, dedizione al lavoro e grande professionalit\u00e0 dei nostri medici&#8221;, dichiara il vicegovernatore con delega alla Sanit\u00e0, <strong>Riccardo Riccardi<\/strong>.<\/p>\n<p>Il paziente si era recato per dolore addominale acuto al Pronto soccorso dove gli \u00e8 stato diagnosticato un voluminoso aneurisma dell\u2019aorta addominale, sintomatico (quindi con un rischio pi\u00f9 elevato di rottura), di oltre 10 cm di diametro (il calibro normale \u00e8 di 2 cm circa). Dopo attenta valutazione si \u00e8 deciso di procedere all\u2019intervento perch\u00e9 diversamente il paziente sarebbe andato incontro a morte certa per rottura dell\u2019aneurisma ed emorragia massiva.<\/p>\n<p><a href=\"http:\/\/imagazinevideotruck.it\/outlet\/relink.html\" target=\"_top\" rel=\"noopener\"><img loading=\"lazy\" decoding=\"async\" align=\"LEFT\" height=\"250\" src=\"http:\/\/imagazinevideotruck.it\/outlet\/outlet30.gif\" width=\"300\" alt=\"\" title=\"\"><\/a><\/p>\n<p>\u00a0<\/p>\n<p>\u00a0<\/p>\n<p>\u00a0<\/p>\n<p>\u00a0<\/p>\n<p>\u00a0<\/p>\n<p>\u00a0<\/p>\n<p>\u00a0<\/p>\n<p>\u00a0<\/p>\n<p>\u00a0<\/p>\n<p>Un intervento per via chirurgica tradizionale, vista anche l\u2019et\u00e0 e la conformazione del grosso aneurisma, poteva esporre il paziente a un rischio elevato di complicanze (anche di morte) e a una lunga degenza ospedaliera. \u00c8 stato deciso di eseguire l\u2019intervento per via mini-invasiva endovascolare, utilizzando una protesi gi\u00e0 disponibile in commercio, chiamata T-Branch, senza attendere i tempi di una protesi costruita su misura per il caso specifico.<\/p>\n<p>L\u2019intervento \u00e8 stato eseguito lo scorso 1 settembre in anestesia generale, con un accesso dalle arterie femorali, attraverso una semplice puntura. Questo tipo di interventi richiedono normalmente anche un accesso dal braccio sinistro, attraverso l\u2019arteria omerale con un\u2019incisione chirurgica. Questo accesso pu\u00f2 essere gravato da un rischio di ictus cerebrale perch\u00e9 bisogna attraversare delle arterie che portano il sangue al cervello; per evitare ci\u00f2 si \u00e8 deciso di adottare una tecnica innovativa, realizzando l\u2019intervento con il solo accesso femorale e l\u2019utilizzo di cateteri specifici. Questo ha consentito di ridurre ancora di pi\u00f9 l\u2019invasivit\u00e0 dell\u2019intervento, permettendo di effettuare la procedura completa senza alcuna ferita chirurgica.<\/p>\n<p>Questa tecnica \u00e8 stata messa a punto in alcuni grandi centri vascolari all\u2019avanguardia in Europa e negli Stati Uniti, con cui il reparto di Chirurgia Vascolare di ASUGI \u00e8 in stretto contatto, ed \u00e8 stata eseguita a Trieste per la prima volta nel Nord-Est e tra i primi centri in Italia. L\u2019intervento \u00e8 stato complesso, \u00e8 durato 8 ore ed \u00e8 andato bene dal punto di vista sia tecnico che clinico. Il paziente non ha avuto nessuna complicanza, \u00e8 rimasto 24 ore terapia intensiva ed \u00e8 tornato in reparto, da dove potr\u00e0 rientrare a domicilio nelle prossime ore.<\/p>\n<p>Questi i nomi dei professionisti che hanno partecipato all\u2019intervento; Equipe di Chirurgia Vascolare: Prof. Sandro Lepidi, Dott. Filippo Griselli, Dott.ssa Pela Bisatti. Equipe Anestesiologica: Dott.ssa Moira Milevoj e Giada Quarantotto. Equipe Infermieristico di Sala: Martini Fazzini, Pamela Marassi, Federico Abbiatici e\u00a0 Michele Belci. Tecnico Radiologo: Fabio Sigaglia.<\/p>\n","protected":false},"excerpt":{"rendered":"<p>Tra i primi centri in Italia a realizzarlo<\/p>\n","protected":false},"author":28,"featured_media":34439,"comment_status":"closed","ping_status":"closed","sticky":false,"template":"","format":"standard","meta":{"dwc-title":[],"dwc-content":[],"footnotes":""},"categories":[5],"tags":[],"class_list":["post-34438","post","type-post","status-publish","format-standard","has-post-thumbnail","hentry","category-attualita"],"rttpg_featured_image_url":{"full":["https:\/\/imagazine.it\/wp-content\/uploads\/2024\/01\/35901-1.webp",1024,768,false],"landscape":["https:\/\/imagazine.it\/wp-content\/uploads\/2024\/01\/35901-1.webp",1024,768,false],"portraits":["https:\/\/imagazine.it\/wp-content\/uploads\/2024\/01\/35901-1.webp",1024,768,false],"thumbnail":["https:\/\/imagazine.it\/wp-content\/uploads\/2024\/01\/35901-1-150x150.webp",150,150,true],"medium":["https:\/\/imagazine.it\/wp-content\/uploads\/2024\/01\/35901-1-300x225.webp",300,225,true],"large":["https:\/\/imagazine.it\/wp-content\/uploads\/2024\/01\/35901-1.webp",640,480,false],"thumblist":["https:\/\/imagazine.it\/wp-content\/uploads\/2024\/01\/35901-1.webp",300,225,false],"thumbrelated":["https:\/\/imagazine.it\/wp-content\/uploads\/2024\/01\/35901-1.webp",500,375,false],"meccarouselthumb":["https:\/\/imagazine.it\/wp-content\/uploads\/2024\/01\/35901-1.webp",432,324,false],"gridsquare":["https:\/\/imagazine.it\/wp-content\/uploads\/2024\/01\/35901-1.webp",347,260,false],"tileview":["https:\/\/imagazine.it\/wp-content\/uploads\/2024\/01\/35901-1.webp",300,225,false],"1536x1536":["https:\/\/imagazine.it\/wp-content\/uploads\/2024\/01\/35901-1.webp",1024,768,false],"2048x2048":["https:\/\/imagazine.it\/wp-content\/uploads\/2024\/01\/35901-1.webp",1024,768,false],"newsup-slider-full":["https:\/\/imagazine.it\/wp-content\/uploads\/2024\/01\/35901-1-1024x720.webp",1024,720,true],"newsup-featured":["https:\/\/imagazine.it\/wp-content\/uploads\/2024\/01\/35901-1.webp",1024,768,false],"newsup-medium":["https:\/\/imagazine.it\/wp-content\/uploads\/2024\/01\/35901-1-720x380.webp",720,380,true],"tptn_thumbnail":["https:\/\/imagazine.it\/wp-content\/uploads\/2024\/01\/35901-1.webp",250,188,false],"sow-carousel-default":["https:\/\/imagazine.it\/wp-content\/uploads\/2024\/01\/35901-1-272x182.webp",272,182,true]},"rttpg_author":{"display_name":"redazione","author_link":"https:\/\/imagazine.it\/home_desk\/author\/redazione\/"},"rttpg_comment":0,"rttpg_category":"<a href=\"https:\/\/imagazine.it\/home_desk\/category\/attualita\/\" rel=\"category tag\">ATTUALIT\u00c0<\/a>","rttpg_excerpt":"Tra i primi centri in Italia a realizzarlo","_links":{"self":[{"href":"https:\/\/imagazine.it\/home_desk\/wp-json\/wp\/v2\/posts\/34438","targetHints":{"allow":["GET"]}}],"collection":[{"href":"https:\/\/imagazine.it\/home_desk\/wp-json\/wp\/v2\/posts"}],"about":[{"href":"https:\/\/imagazine.it\/home_desk\/wp-json\/wp\/v2\/types\/post"}],"author":[{"embeddable":true,"href":"https:\/\/imagazine.it\/home_desk\/wp-json\/wp\/v2\/users\/28"}],"replies":[{"embeddable":true,"href":"https:\/\/imagazine.it\/home_desk\/wp-json\/wp\/v2\/comments?post=34438"}],"version-history":[{"count":0,"href":"https:\/\/imagazine.it\/home_desk\/wp-json\/wp\/v2\/posts\/34438\/revisions"}],"wp:featuredmedia":[{"embeddable":true,"href":"https:\/\/imagazine.it\/home_desk\/wp-json\/wp\/v2\/media\/34439"}],"wp:attachment":[{"href":"https:\/\/imagazine.it\/home_desk\/wp-json\/wp\/v2\/media?parent=34438"}],"wp:term":[{"taxonomy":"category","embeddable":true,"href":"https:\/\/imagazine.it\/home_desk\/wp-json\/wp\/v2\/categories?post=34438"},{"taxonomy":"post_tag","embeddable":true,"href":"https:\/\/imagazine.it\/home_desk\/wp-json\/wp\/v2\/tags?post=34438"}],"curies":[{"name":"wp","href":"https:\/\/api.w.org\/{rel}","templated":true}]}}