{"id":34426,"date":"2020-09-03T00:00:00","date_gmt":"2020-09-02T23:00:00","guid":{"rendered":"https:\/\/imagazine.it\/?p=34426"},"modified":"2020-09-03T00:00:00","modified_gmt":"2020-09-02T23:00:00","slug":"campolongo-festeggia-i-250-anni-del-campanile","status":"publish","type":"post","link":"https:\/\/imagazine.it\/home_desk\/campolongo-festeggia-i-250-anni-del-campanile\/","title":{"rendered":"Campolongo festeggia i 250 anni del campanile"},"content":{"rendered":"<p>Sabato 5 settembre sar\u00e0 una giornata particolare per Campolongo che ricorder\u00e0 i 250 anni dal termine dei lavori di costruzione del suo imponente campanile (1770-2020).<\/p>\n<p>La storia del campanile \u00e8 raccontata in un libro da don Parmeggiani; si legge: \u201c<em>La prima cosa si fece istanza al luogotenente della Patria Giacomo Miani, il quale in data 28 marzo 1752 rispose &#8220;che all&#39;esposto bisogno di tali fabbriche (campanile e sacristia) a miglior gloria di Dio Signore \u2026 Infatti tosto che fu raggiunta la somma adeguata alle spese del primo lotto di lavori prestabiliti, il Cardinale Patriarca Daniele Delfino ne diede gioioso il consenso, era il 18 febbraio 1755. Ultimate con ci\u00f2 le pratiche, volute dalla burocrazia di quei tempi, il conte Girolamo Antonini, quale procuratore della V.<sup>a<\/sup> Chiesa, stipul\u00f2 un primo contratto di lavoro, indi un secondo col capo mistro Martinuzzi e l&#39;ultimo definitivo con Giorgio Lazzaro, milanese, residente in Saciletto, di modo che, in tre riprese, il campanile nel 1770 era bell&#39;e ultimato. La spesa fu di lire 33698 prelevate delle Chiese di San Giorgio e San Leonardo e altri provenienti dalla carit\u00e0 pubblica e da contributi di alcuni benefattori<\/em>\u201d.<\/p>\n<p>La costruzione rispecchia la tipologia dei campanili veneti ma anche quello di Aquileia, con terminazione a cuspide piramidale impostata su un tamburo ottagonale, alto 45 metri ed \u00e8 sovente ricordata perch\u00e9 sulle sue scale lignee sal\u00ec svariate volte Vittorio Emanuele III. Dopo l\u2019occupazione del 24 maggio 1915, il Re nel giugno del 1916 osserv\u00f2 da lass\u00f9 le operazioni militari sul Carso.<\/p>\n<p>Il pomeriggio delle celebrazioni \u00e8 cos\u00ec organizzato: dalle ore 14.30 il concerto di campane con la presenza delle squadre del Goriziano. Successivamente, alle 17 presso la chiesa parrocchiale (sino a esaurimento dei posti nel rispetto del distanziamento), sar\u00e0 possibile partecipare all\u2019orazione per i 250 anni del campanile, che sar\u00e0 tenuta dal professor <strong>Giulio Tavian<\/strong>, seguita dalla premiazione dei nuovi campanari, e alla presentazione dei corsi per l\u2019anno 2020\/2021.<\/p>\n<p>Alle ore 18 seguir\u00e0 la messa, sempre presso la chiesa parrocchiale, con letture e canti nelle lingue del territorio, che sar\u00e0 presieduta da <strong>don Lorenzo Magarelli<\/strong>, canonico del Capitolo Cattedrale di S. Giusto a Trieste e segretario dello Studio Teologico interdiocesano. Il canto sar\u00e0 sostenuto dai <strong>Sacri Cantores Theresiani<\/strong>.<\/p>\n<p>La manifestazione \u00e8 organizzata con la collaborazione e il sostegno della Parrocchia S. Giorgio Martire, dell\u2019Amministrazione comunale di Campolongo Tapogliano, del Gruppo Alpini \u201cMartin Amelio\u201d di Campolongo Tapogliano e del Gruppo storico culturale \u201ci Grigioverdi del Carso\u201d.<\/p>\n","protected":false},"excerpt":{"rendered":"<p>Sabato 5 settembre<\/p>\n","protected":false},"author":22,"featured_media":34427,"comment_status":"closed","ping_status":"closed","sticky":false,"template":"","format":"standard","meta":{"dwc-title":[],"dwc-content":[],"footnotes":""},"categories":[5],"tags":[],"class_list":["post-34426","post","type-post","status-publish","format-standard","has-post-thumbnail","hentry","category-attualita"],"rttpg_featured_image_url":{"full":["https:\/\/imagazine.it\/wp-content\/uploads\/2024\/01\/35877-1.webp",1000,808,false],"landscape":["https:\/\/imagazine.it\/wp-content\/uploads\/2024\/01\/35877-1.webp",1000,808,false],"portraits":["https:\/\/imagazine.it\/wp-content\/uploads\/2024\/01\/35877-1.webp",1000,808,false],"thumbnail":["https:\/\/imagazine.it\/wp-content\/uploads\/2024\/01\/35877-1-150x150.webp",150,150,true],"medium":["https:\/\/imagazine.it\/wp-content\/uploads\/2024\/01\/35877-1-300x242.webp",300,242,true],"large":["https:\/\/imagazine.it\/wp-content\/uploads\/2024\/01\/35877-1.webp",640,517,false],"thumblist":["https:\/\/imagazine.it\/wp-content\/uploads\/2024\/01\/35877-1.webp",300,242,false],"thumbrelated":["https:\/\/imagazine.it\/wp-content\/uploads\/2024\/01\/35877-1.webp",500,404,false],"meccarouselthumb":["https:\/\/imagazine.it\/wp-content\/uploads\/2024\/01\/35877-1.webp",401,324,false],"gridsquare":["https:\/\/imagazine.it\/wp-content\/uploads\/2024\/01\/35877-1.webp",322,260,false],"tileview":["https:\/\/imagazine.it\/wp-content\/uploads\/2024\/01\/35877-1.webp",300,242,false],"1536x1536":["https:\/\/imagazine.it\/wp-content\/uploads\/2024\/01\/35877-1.webp",1000,808,false],"2048x2048":["https:\/\/imagazine.it\/wp-content\/uploads\/2024\/01\/35877-1.webp",1000,808,false],"newsup-slider-full":["https:\/\/imagazine.it\/wp-content\/uploads\/2024\/01\/35877-1-1000x720.webp",1000,720,true],"newsup-featured":["https:\/\/imagazine.it\/wp-content\/uploads\/2024\/01\/35877-1.webp",1000,808,false],"newsup-medium":["https:\/\/imagazine.it\/wp-content\/uploads\/2024\/01\/35877-1-720x380.webp",720,380,true],"tptn_thumbnail":["https:\/\/imagazine.it\/wp-content\/uploads\/2024\/01\/35877-1.webp",250,202,false],"sow-carousel-default":["https:\/\/imagazine.it\/wp-content\/uploads\/2024\/01\/35877-1-272x182.webp",272,182,true]},"rttpg_author":{"display_name":"Livio Nonis","author_link":"https:\/\/imagazine.it\/home_desk\/author\/nonis\/"},"rttpg_comment":0,"rttpg_category":"<a href=\"https:\/\/imagazine.it\/home_desk\/category\/attualita\/\" rel=\"category tag\">ATTUALIT\u00c0<\/a>","rttpg_excerpt":"Sabato 5 settembre","_links":{"self":[{"href":"https:\/\/imagazine.it\/home_desk\/wp-json\/wp\/v2\/posts\/34426","targetHints":{"allow":["GET"]}}],"collection":[{"href":"https:\/\/imagazine.it\/home_desk\/wp-json\/wp\/v2\/posts"}],"about":[{"href":"https:\/\/imagazine.it\/home_desk\/wp-json\/wp\/v2\/types\/post"}],"author":[{"embeddable":true,"href":"https:\/\/imagazine.it\/home_desk\/wp-json\/wp\/v2\/users\/22"}],"replies":[{"embeddable":true,"href":"https:\/\/imagazine.it\/home_desk\/wp-json\/wp\/v2\/comments?post=34426"}],"version-history":[{"count":0,"href":"https:\/\/imagazine.it\/home_desk\/wp-json\/wp\/v2\/posts\/34426\/revisions"}],"wp:featuredmedia":[{"embeddable":true,"href":"https:\/\/imagazine.it\/home_desk\/wp-json\/wp\/v2\/media\/34427"}],"wp:attachment":[{"href":"https:\/\/imagazine.it\/home_desk\/wp-json\/wp\/v2\/media?parent=34426"}],"wp:term":[{"taxonomy":"category","embeddable":true,"href":"https:\/\/imagazine.it\/home_desk\/wp-json\/wp\/v2\/categories?post=34426"},{"taxonomy":"post_tag","embeddable":true,"href":"https:\/\/imagazine.it\/home_desk\/wp-json\/wp\/v2\/tags?post=34426"}],"curies":[{"name":"wp","href":"https:\/\/api.w.org\/{rel}","templated":true}]}}