{"id":34412,"date":"2020-09-02T00:00:00","date_gmt":"2020-09-01T23:00:00","guid":{"rendered":"https:\/\/imagazine.it\/?p=34412"},"modified":"2020-09-02T00:00:00","modified_gmt":"2020-09-01T23:00:00","slug":"piazza-transalpina-56-progetti-per-la-riqualificazione","status":"publish","type":"post","link":"https:\/\/imagazine.it\/home_desk\/piazza-transalpina-56-progetti-per-la-riqualificazione\/","title":{"rendered":"Piazza Transalpina, 56 progetti per la riqualificazione"},"content":{"rendered":"<p>Il concorso internazionale di idee per la riqualificazione della Piazza Transalpina tra Gorizia e Nova Gorica e la ricucitura urbanistica dell&#39;area di confine \u00e8 arrivato alle battute finali e, a breve, si conoscer\u00e0 il progetto che avr\u00e0 il compito di aprire una nuova pagina di storia nella frontiera goriziana.<\/p>\n<p>Il 31 agosto scadevano i termini per la presentazione delle domande di partecipazione al bando, corredate degli elaborati progettuali ed entro i tempi indicati ne sono arrivate 56 in forma completamente anonima, come prevede\u00a0la normativa UNESCO con cui si sta gestendo l&#39;iniziativa.\u00a0Mercoled\u00ec 9 settembre arriver\u00e0 la giuria internazionale che visioner\u00e0 e valuter\u00e0 i progetti e decider\u00e0 il vincitore che sar\u00e0 ufficializzato nel corso di una conferenza stampa fra il 16 e il 18 settembre.\u00a0<\/p>\n<p>&#8220;La riqualificazione della Piazza Transalpina e la ricucitura dell\u2019area di confine \u2013 ricordano i sindaci di Gorizia, <strong>Rodolfo Ziberna<\/strong>, e di Nova Gorica, <strong>Klemen Miklavic<\/strong>\u00a0\u2013 rivestono un ruolo fondamentale per la candidatura delle due citt\u00e0 a Capitale europea della cultura 2025 (ECOC 2025) e si \u00e8 quindi cercato di\u00a0dare particolare risalto internazionale allo sviluppo infrastrutturale, economico e culturale di questa area unica al centro dell\u2019Europa tramite un concorso internazionale di idee&#8221;.<\/p>\n<p>Il concorso \u00e8 stato indetto e gestito dal GECT GO, ente transfrontaliero per eccellenza, con l\u2019appoggio dell\u2019UIA (Union internationale des architectes).<\/p>\n<p><u><a href=\"https:\/\/euro-go.eu\/it\/programmi-e-progetti\/international-architecture-competiton-ecoc-2025\/ https:\/\/competition.uia-architectes.org\/en\/what\" target=\"_blank\" rel=\"noopener\">Lo scopo del concorso internazionale \u00e8 trovare una soluzione progettuale per un&#39;area frammentata e riunificare le citt\u00e0<\/a><\/u>, un tempo divise da un confine che non costituisce pi\u00f9 una barriera fisica nell&#39;odierna Unione europea. Il concorso \u00e8 diviso in due parti, che includono due aree, per le quali l\u2019ammontare dell\u2019investimento \u00e8 stato valutato in 7.500.000 euro.<\/p>\n<p>L\u2019Area 1 prevede proposte progettuali per la riqualificazione della Piazza Transalpina e per la realizzazione del centro transculturale EPICenter, una nuova costruzione simbolica destinata agli incontri e alle attivit\u00e0 turistico-culturali per gli abitanti di entrambe le citt\u00e0 che aspirano al titolo di Capitale europea della cultura 2025.<\/p>\n<p><a href=\"http:\/\/imagazinevideotruck.it\/outlet\/relink.html\" target=\"_top\" rel=\"noopener\"><img loading=\"lazy\" decoding=\"async\" align=\"LEFT\" height=\"250\" src=\"http:\/\/imagazinevideotruck.it\/outlet\/outlet30.gif\" width=\"300\" alt=\"\" title=\"\"><\/a><\/p>\n<p>\u00a0<\/p>\n<p>\u00a0<\/p>\n<p>\u00a0<\/p>\n<p>\u00a0<\/p>\n<p>\u00a0<\/p>\n<p>\u00a0<\/p>\n<p>\u00a0<\/p>\n<p>\u00a0<\/p>\n<p>\u00a0<\/p>\n<p>L\u2019Area 2 prevede proposte e idee per la riqualificazione e ricucitura della fascia transfrontaliera da Salcano a Casa Rossa<\/p>\n<p>La giuria internazionale per la valutazione che si riunir\u00e0 a Gorizia e Nova Gorica dal 9 al 13 settembre \u00e8 composta da sette esperti internazionali fra cui <strong>Roger Riewe<\/strong>, presidente della giuria (Austria), <strong>Sa\u0161a Randi\u0107<\/strong> (Croazia), <strong>Polona Filipi\u010d<\/strong> (Slovenia), <strong>Giovanni Fraziano<\/strong> (Italia), <strong>Nathalie Rozencwajg<\/strong> (Regno unito) e <strong>Vojko Pav\u010di\u010d<\/strong> (Slovenia). I lavori della giuria vengono organizzati\u00a0da uno staff di esperti composto da <strong>Toma\u017e Kancler<\/strong> (competition manager), <strong>Uro\u0161 Lobnik<\/strong> e <strong>Luciano Lazzari<\/strong>, da uno staff tecnico di tre architetti\u00a0e dal personale del GECT GO.<\/p>\n<p>Il totale dei premi del concorso ammonta a 48.000 euro (25.000 euro per il primo premio, 15.000 euro per il secondo e 8.000 euro per il terzo). La giuria potr\u00e0 decidere di assegnare fino a tre menzioni onorarie per i progetti di speciale interesse.<\/p>\n","protected":false},"excerpt":{"rendered":"<p>Una giuria internazionale sceglier\u00e0 il progetto vincitore<\/p>\n","protected":false},"author":28,"featured_media":34413,"comment_status":"closed","ping_status":"closed","sticky":false,"template":"","format":"standard","meta":{"dwc-title":[],"dwc-content":[],"footnotes":""},"categories":[5],"tags":[],"class_list":["post-34412","post","type-post","status-publish","format-standard","has-post-thumbnail","hentry","category-attualita"],"rttpg_featured_image_url":{"full":["https:\/\/imagazine.it\/wp-content\/uploads\/2024\/01\/35818-1.webp",1000,560,false],"landscape":["https:\/\/imagazine.it\/wp-content\/uploads\/2024\/01\/35818-1.webp",1000,560,false],"portraits":["https:\/\/imagazine.it\/wp-content\/uploads\/2024\/01\/35818-1.webp",1000,560,false],"thumbnail":["https:\/\/imagazine.it\/wp-content\/uploads\/2024\/01\/35818-1-150x150.webp",150,150,true],"medium":["https:\/\/imagazine.it\/wp-content\/uploads\/2024\/01\/35818-1-300x168.webp",300,168,true],"large":["https:\/\/imagazine.it\/wp-content\/uploads\/2024\/01\/35818-1.webp",640,358,false],"thumblist":["https:\/\/imagazine.it\/wp-content\/uploads\/2024\/01\/35818-1.webp",300,168,false],"thumbrelated":["https:\/\/imagazine.it\/wp-content\/uploads\/2024\/01\/35818-1.webp",500,280,false],"meccarouselthumb":["https:\/\/imagazine.it\/wp-content\/uploads\/2024\/01\/35818-1.webp",474,265,false],"gridsquare":["https:\/\/imagazine.it\/wp-content\/uploads\/2024\/01\/35818-1.webp",391,219,false],"tileview":["https:\/\/imagazine.it\/wp-content\/uploads\/2024\/01\/35818-1.webp",300,168,false],"1536x1536":["https:\/\/imagazine.it\/wp-content\/uploads\/2024\/01\/35818-1.webp",1000,560,false],"2048x2048":["https:\/\/imagazine.it\/wp-content\/uploads\/2024\/01\/35818-1.webp",1000,560,false],"newsup-slider-full":["https:\/\/imagazine.it\/wp-content\/uploads\/2024\/01\/35818-1.webp",1000,560,false],"newsup-featured":["https:\/\/imagazine.it\/wp-content\/uploads\/2024\/01\/35818-1.webp",1000,560,false],"newsup-medium":["https:\/\/imagazine.it\/wp-content\/uploads\/2024\/01\/35818-1-720x380.webp",720,380,true],"tptn_thumbnail":["https:\/\/imagazine.it\/wp-content\/uploads\/2024\/01\/35818-1.webp",250,140,false],"sow-carousel-default":["https:\/\/imagazine.it\/wp-content\/uploads\/2024\/01\/35818-1-272x182.webp",272,182,true]},"rttpg_author":{"display_name":"redazione","author_link":"https:\/\/imagazine.it\/home_desk\/author\/redazione\/"},"rttpg_comment":0,"rttpg_category":"<a href=\"https:\/\/imagazine.it\/home_desk\/category\/attualita\/\" rel=\"category tag\">ATTUALIT\u00c0<\/a>","rttpg_excerpt":"Una giuria internazionale sceglier\u00e0 il progetto vincitore","_links":{"self":[{"href":"https:\/\/imagazine.it\/home_desk\/wp-json\/wp\/v2\/posts\/34412","targetHints":{"allow":["GET"]}}],"collection":[{"href":"https:\/\/imagazine.it\/home_desk\/wp-json\/wp\/v2\/posts"}],"about":[{"href":"https:\/\/imagazine.it\/home_desk\/wp-json\/wp\/v2\/types\/post"}],"author":[{"embeddable":true,"href":"https:\/\/imagazine.it\/home_desk\/wp-json\/wp\/v2\/users\/28"}],"replies":[{"embeddable":true,"href":"https:\/\/imagazine.it\/home_desk\/wp-json\/wp\/v2\/comments?post=34412"}],"version-history":[{"count":0,"href":"https:\/\/imagazine.it\/home_desk\/wp-json\/wp\/v2\/posts\/34412\/revisions"}],"wp:featuredmedia":[{"embeddable":true,"href":"https:\/\/imagazine.it\/home_desk\/wp-json\/wp\/v2\/media\/34413"}],"wp:attachment":[{"href":"https:\/\/imagazine.it\/home_desk\/wp-json\/wp\/v2\/media?parent=34412"}],"wp:term":[{"taxonomy":"category","embeddable":true,"href":"https:\/\/imagazine.it\/home_desk\/wp-json\/wp\/v2\/categories?post=34412"},{"taxonomy":"post_tag","embeddable":true,"href":"https:\/\/imagazine.it\/home_desk\/wp-json\/wp\/v2\/tags?post=34412"}],"curies":[{"name":"wp","href":"https:\/\/api.w.org\/{rel}","templated":true}]}}