{"id":34406,"date":"2020-09-01T00:00:00","date_gmt":"2020-08-31T23:00:00","guid":{"rendered":"https:\/\/imagazine.it\/?p=34406"},"modified":"2020-09-01T00:00:00","modified_gmt":"2020-08-31T23:00:00","slug":"da-cervignano-a-udine-uniti-contro-la-sla","status":"publish","type":"post","link":"https:\/\/imagazine.it\/home_desk\/da-cervignano-a-udine-uniti-contro-la-sla\/","title":{"rendered":"Da Cervignano a Udine, uniti contro la SLA"},"content":{"rendered":"<p>Sesta edizione per Uniti Contro la Sla, che l\u2019associazione Progetto Fururo ha deciso di riproporre dopo un primo periodo di incertezza dovuta alle restrizioni imposte dall&#39;emergenza per il Covid-19.<\/p>\n<p>Non ci saranno i consueti spettacoli e banchetti per la raccolta fondi, che hanno sempre caratterizzato le scorse edizioni, ma le offerte potranno essere lasciate nello stand del BackSheep Garage, che ospiter\u00e0 il corner di Uniti Contro la Sla, durante l&#39;evento Low Level 8.0 che si terr\u00e0 nel parcheggio multipiano del centro commerciale Citt\u00e0 Fiera di Martignacco, a partire dal pomeriggio del 5 settembre fino alla sera del 6.<\/p>\n<p>\u201cLa proposta di collaborazione \u2013 spiega il presidente di Progetto Futuro, <strong>Luca Furios<\/strong> \u2013 \u00e8 giunta all&#39;associazione ed \u00e8 subito accolta con entusiasmo dal gruppo di giovani della bassa friulana del BackSheep Garage, appassionati di motori, che saranno presenti durante la manifestazione\u201d.<\/p>\n<p>Si tratta di Gabriele Rizzato, Antonio Manna, Rudy Podda, Marco Puntin e Marco Violin.<\/p>\n<p>&#8220;La formula di quest&#39;anno \u2013 sottolinea <strong>Sandro Ciulla<\/strong>, consigliere di Progetto Futuro \u2013 \u00e8 sicuramente pi\u00f9 semplice ma noi confidiamo nella generosit\u00e0 di quanti vorranno sostenere questo progetto e combattere questa terribile malattia. A ogni offerta verr\u00e0 consegnato un simpatico gadget&#8221;.<\/p>\n<p>Progetto Futuro sar\u00e0 presente solo sabato 5 settembre e il ricavato verr\u00e0 devoluto ad AISLA FVG che si occupa di sostenere i malati di SLA, sclerosi laterale amiotrofica, e i loro familiari.<\/p>\n<p>L&#39;iniziativa, come nelle precedenti edizioni, verr\u00e0 dedicata a Mauro Zanchin e sostenuta dalla Cassa Rurale FVG. Per chi fosse impossibilitato a recarsi al Citt\u00e0 Fiera, trover\u00e0 le cassette per le donazioni al bar All&#39;Alpino e all&#39;Hostaria al Porto di Cervignano.<\/p>\n","protected":false},"excerpt":{"rendered":"<p>Sesta edizione dell&#8217;evento benefico<\/p>\n","protected":false},"author":28,"featured_media":34407,"comment_status":"closed","ping_status":"closed","sticky":false,"template":"","format":"standard","meta":{"dwc-title":[],"dwc-content":[],"footnotes":""},"categories":[5],"tags":[],"class_list":["post-34406","post","type-post","status-publish","format-standard","has-post-thumbnail","hentry","category-attualita"],"rttpg_featured_image_url":{"full":["https:\/\/imagazine.it\/wp-content\/uploads\/2024\/01\/35808-1.webp",800,533,false],"landscape":["https:\/\/imagazine.it\/wp-content\/uploads\/2024\/01\/35808-1.webp",800,533,false],"portraits":["https:\/\/imagazine.it\/wp-content\/uploads\/2024\/01\/35808-1.webp",800,533,false],"thumbnail":["https:\/\/imagazine.it\/wp-content\/uploads\/2024\/01\/35808-1-150x150.webp",150,150,true],"medium":["https:\/\/imagazine.it\/wp-content\/uploads\/2024\/01\/35808-1-300x200.webp",300,200,true],"large":["https:\/\/imagazine.it\/wp-content\/uploads\/2024\/01\/35808-1.webp",640,426,false],"thumblist":["https:\/\/imagazine.it\/wp-content\/uploads\/2024\/01\/35808-1.webp",300,200,false],"thumbrelated":["https:\/\/imagazine.it\/wp-content\/uploads\/2024\/01\/35808-1.webp",500,333,false],"meccarouselthumb":["https:\/\/imagazine.it\/wp-content\/uploads\/2024\/01\/35808-1.webp",474,316,false],"gridsquare":["https:\/\/imagazine.it\/wp-content\/uploads\/2024\/01\/35808-1.webp",391,260,false],"tileview":["https:\/\/imagazine.it\/wp-content\/uploads\/2024\/01\/35808-1.webp",300,200,false],"1536x1536":["https:\/\/imagazine.it\/wp-content\/uploads\/2024\/01\/35808-1.webp",800,533,false],"2048x2048":["https:\/\/imagazine.it\/wp-content\/uploads\/2024\/01\/35808-1.webp",800,533,false],"newsup-slider-full":["https:\/\/imagazine.it\/wp-content\/uploads\/2024\/01\/35808-1.webp",800,533,false],"newsup-featured":["https:\/\/imagazine.it\/wp-content\/uploads\/2024\/01\/35808-1.webp",800,533,false],"newsup-medium":["https:\/\/imagazine.it\/wp-content\/uploads\/2024\/01\/35808-1-720x380.webp",720,380,true],"tptn_thumbnail":["https:\/\/imagazine.it\/wp-content\/uploads\/2024\/01\/35808-1.webp",250,167,false],"sow-carousel-default":["https:\/\/imagazine.it\/wp-content\/uploads\/2024\/01\/35808-1-272x182.webp",272,182,true]},"rttpg_author":{"display_name":"redazione","author_link":"https:\/\/imagazine.it\/home_desk\/author\/redazione\/"},"rttpg_comment":0,"rttpg_category":"<a href=\"https:\/\/imagazine.it\/home_desk\/category\/attualita\/\" rel=\"category tag\">ATTUALIT\u00c0<\/a>","rttpg_excerpt":"Sesta edizione dell'evento benefico","_links":{"self":[{"href":"https:\/\/imagazine.it\/home_desk\/wp-json\/wp\/v2\/posts\/34406","targetHints":{"allow":["GET"]}}],"collection":[{"href":"https:\/\/imagazine.it\/home_desk\/wp-json\/wp\/v2\/posts"}],"about":[{"href":"https:\/\/imagazine.it\/home_desk\/wp-json\/wp\/v2\/types\/post"}],"author":[{"embeddable":true,"href":"https:\/\/imagazine.it\/home_desk\/wp-json\/wp\/v2\/users\/28"}],"replies":[{"embeddable":true,"href":"https:\/\/imagazine.it\/home_desk\/wp-json\/wp\/v2\/comments?post=34406"}],"version-history":[{"count":0,"href":"https:\/\/imagazine.it\/home_desk\/wp-json\/wp\/v2\/posts\/34406\/revisions"}],"wp:featuredmedia":[{"embeddable":true,"href":"https:\/\/imagazine.it\/home_desk\/wp-json\/wp\/v2\/media\/34407"}],"wp:attachment":[{"href":"https:\/\/imagazine.it\/home_desk\/wp-json\/wp\/v2\/media?parent=34406"}],"wp:term":[{"taxonomy":"category","embeddable":true,"href":"https:\/\/imagazine.it\/home_desk\/wp-json\/wp\/v2\/categories?post=34406"},{"taxonomy":"post_tag","embeddable":true,"href":"https:\/\/imagazine.it\/home_desk\/wp-json\/wp\/v2\/tags?post=34406"}],"curies":[{"name":"wp","href":"https:\/\/api.w.org\/{rel}","templated":true}]}}