{"id":34398,"date":"2020-09-01T00:00:00","date_gmt":"2020-08-31T23:00:00","guid":{"rendered":"https:\/\/imagazine.it\/?p=34398"},"modified":"2020-09-01T00:00:00","modified_gmt":"2020-08-31T23:00:00","slug":"cervignano-riparte-il-nido-comunale","status":"publish","type":"post","link":"https:\/\/imagazine.it\/home_desk\/cervignano-riparte-il-nido-comunale\/","title":{"rendered":"Cervignano, riparte il Nido comunale"},"content":{"rendered":"<p>Con oggi, marted\u00ec 1 settembre, riparte l\u2019attivit\u00e0 del Nido comunale di Cervignano, gestito dalla Cooperativa Itaca. Nel rispetto di una corretta informazione alle famiglie e permettendo ai piccoli fruitori della struttura di ambientarsi, saranno previsti degli inserimenti a scaglione.<\/p>\n<p>Si prevede di essere a regime con le attivit\u00e0 dal 21 settembre.<\/p>\n<p>Le famiglie sono state contattate singolarmente al fine di valutare i bisogni specifici di ognuna in termini di orari e fruizione del servizio, coordinando cos\u00ec i gruppi \u201cclasse\u201d tenendo conto di tutte le esigenze.<\/p>\n<p>La struttura per l\u2019anno 2020\/2021 ha attualmente 65 iscritti, arrivando cos\u00ec a una quasi completa capienza massima della struttura.<\/p>\n<p><a href=\"http:\/\/imagazinevideotruck.it\/outlet\/relink.html\" target=\"_top\" rel=\"noopener\"><img loading=\"lazy\" decoding=\"async\" align=\"LEFT\" height=\"250\" src=\"http:\/\/imagazinevideotruck.it\/outlet\/outlet30.gif\" width=\"300\" alt=\"\" title=\"\"><\/a><\/p>\n<p>\u00a0<\/p>\n<p>\u00a0<\/p>\n<p>\u00a0<\/p>\n<p>\u00a0<\/p>\n<p>\u00a0<\/p>\n<p>\u00a0<\/p>\n<p>\u00a0<\/p>\n<p>\u00a0<\/p>\n<p>\u00a0<\/p>\n<p><em>\u201cSono grata alla Cooperativa Itaca \u2013 <\/em>afferma l\u2019assessore comunale all\u2019istruzione, <strong>Federica Maule<\/strong><em> \u2013 che con professionalit\u00e0 ha agito subito e senza esitazioni per offrire una valida risposta in tempi veramente molto stretti. Le linee guide per la riapertura di queste strutture ci portano a rivalutare un intero sistema educativo ormai assodato, ma le educatrici hanno analizzato ogni singolo cambiamento in modo tale da organizzare il servizio rispettando le linee guida per la riapertura del nido, garantendo la qualit\u00e0 pedagogica. Per troppo tempo non ci \u00e8 stato permesso di poter avviare un progetto di apertura della struttura soddisfando tutte le iscrizioni e offrendo un servizio educativo di qualit\u00e0. Molto spesso alle tante famiglie che ci hanno contattato abbiamo dovuto rispondere, non nego senza imbarazzo, che non ci era consentita una riapertura o che le linee guida offerte non ci permettevano di garantire un servizio a tutti. Siamo molto felici e soddisfatti di poter finalmente riaprire le porte del nostro nido. Grazie anche al servizio scolastico del Comune di Cervignano che in tutti questi mesi ha operato con l\u2019obiettivo di questa riapertura e che ora si trover\u00e0 a condividere questa nuova avventura con l\u2019ente gestore\u201d.<\/em><\/p>\n<p>Da segnalare anche che la scuola materna paritaria Maria Immacolata ha attiva una sezione \u201cprimavera\u201d \u2013 dai 2 ai 3 anni \u2013 anch\u2019essa pronta alla riapertura. La sezione accoglie 15 bambini sotto i tre anni. In questo periodo di emergenza sanitaria la scuola garantisce spazi esclusivi per tutte le sezioni, con ingressi e uscite scaglionate, assicurando le misure di prevenzione e sicurezza covid nei vari momenti della giornata, progettando le attivit\u00e0 educative, usando spazi attrezzati con materiali idonei, privilegiando l\u2019utilizzo di aree esterne.<\/p>\n<p><em>\u201cL\u2019esperienza educativa ormai assodata della sezione primavera della scuola paritaria Maria Immacolata \u2013 <\/em>conclude l\u2019assessore Maule<em> \u2013 non ha tardato a offrire risposte ai propri iscritti. L\u2019impegno \u00e8 stato gravoso, ma la soddisfazione di poter finalmente ritornare a una doverosa normalit\u00e0 anche per i piccoli della nostra comunit\u00e0 \u00e8 grande. Complimenti\u201d.<\/em><\/p>\n","protected":false},"excerpt":{"rendered":"<p>Struttura gi\u00e0 operativa<\/p>\n","protected":false},"author":28,"featured_media":34399,"comment_status":"closed","ping_status":"closed","sticky":false,"template":"","format":"standard","meta":{"dwc-title":[],"dwc-content":[],"footnotes":""},"categories":[5],"tags":[],"class_list":["post-34398","post","type-post","status-publish","format-standard","has-post-thumbnail","hentry","category-attualita"],"rttpg_featured_image_url":{"full":["https:\/\/imagazine.it\/wp-content\/uploads\/2024\/01\/35797-1.webp",800,534,false],"landscape":["https:\/\/imagazine.it\/wp-content\/uploads\/2024\/01\/35797-1.webp",800,534,false],"portraits":["https:\/\/imagazine.it\/wp-content\/uploads\/2024\/01\/35797-1.webp",800,534,false],"thumbnail":["https:\/\/imagazine.it\/wp-content\/uploads\/2024\/01\/35797-1-150x150.webp",150,150,true],"medium":["https:\/\/imagazine.it\/wp-content\/uploads\/2024\/01\/35797-1-300x200.webp",300,200,true],"large":["https:\/\/imagazine.it\/wp-content\/uploads\/2024\/01\/35797-1.webp",640,427,false],"thumblist":["https:\/\/imagazine.it\/wp-content\/uploads\/2024\/01\/35797-1.webp",300,200,false],"thumbrelated":["https:\/\/imagazine.it\/wp-content\/uploads\/2024\/01\/35797-1.webp",500,334,false],"meccarouselthumb":["https:\/\/imagazine.it\/wp-content\/uploads\/2024\/01\/35797-1.webp",474,316,false],"gridsquare":["https:\/\/imagazine.it\/wp-content\/uploads\/2024\/01\/35797-1.webp",391,260,false],"tileview":["https:\/\/imagazine.it\/wp-content\/uploads\/2024\/01\/35797-1.webp",300,200,false],"1536x1536":["https:\/\/imagazine.it\/wp-content\/uploads\/2024\/01\/35797-1.webp",800,534,false],"2048x2048":["https:\/\/imagazine.it\/wp-content\/uploads\/2024\/01\/35797-1.webp",800,534,false],"newsup-slider-full":["https:\/\/imagazine.it\/wp-content\/uploads\/2024\/01\/35797-1.webp",800,534,false],"newsup-featured":["https:\/\/imagazine.it\/wp-content\/uploads\/2024\/01\/35797-1.webp",800,534,false],"newsup-medium":["https:\/\/imagazine.it\/wp-content\/uploads\/2024\/01\/35797-1-720x380.webp",720,380,true],"tptn_thumbnail":["https:\/\/imagazine.it\/wp-content\/uploads\/2024\/01\/35797-1.webp",250,167,false],"sow-carousel-default":["https:\/\/imagazine.it\/wp-content\/uploads\/2024\/01\/35797-1-272x182.webp",272,182,true]},"rttpg_author":{"display_name":"redazione","author_link":"https:\/\/imagazine.it\/home_desk\/author\/redazione\/"},"rttpg_comment":0,"rttpg_category":"<a href=\"https:\/\/imagazine.it\/home_desk\/category\/attualita\/\" rel=\"category tag\">ATTUALIT\u00c0<\/a>","rttpg_excerpt":"Struttura gi\u00e0 operativa","_links":{"self":[{"href":"https:\/\/imagazine.it\/home_desk\/wp-json\/wp\/v2\/posts\/34398","targetHints":{"allow":["GET"]}}],"collection":[{"href":"https:\/\/imagazine.it\/home_desk\/wp-json\/wp\/v2\/posts"}],"about":[{"href":"https:\/\/imagazine.it\/home_desk\/wp-json\/wp\/v2\/types\/post"}],"author":[{"embeddable":true,"href":"https:\/\/imagazine.it\/home_desk\/wp-json\/wp\/v2\/users\/28"}],"replies":[{"embeddable":true,"href":"https:\/\/imagazine.it\/home_desk\/wp-json\/wp\/v2\/comments?post=34398"}],"version-history":[{"count":0,"href":"https:\/\/imagazine.it\/home_desk\/wp-json\/wp\/v2\/posts\/34398\/revisions"}],"wp:featuredmedia":[{"embeddable":true,"href":"https:\/\/imagazine.it\/home_desk\/wp-json\/wp\/v2\/media\/34399"}],"wp:attachment":[{"href":"https:\/\/imagazine.it\/home_desk\/wp-json\/wp\/v2\/media?parent=34398"}],"wp:term":[{"taxonomy":"category","embeddable":true,"href":"https:\/\/imagazine.it\/home_desk\/wp-json\/wp\/v2\/categories?post=34398"},{"taxonomy":"post_tag","embeddable":true,"href":"https:\/\/imagazine.it\/home_desk\/wp-json\/wp\/v2\/tags?post=34398"}],"curies":[{"name":"wp","href":"https:\/\/api.w.org\/{rel}","templated":true}]}}