{"id":34388,"date":"2020-08-31T00:00:00","date_gmt":"2020-08-30T23:00:00","guid":{"rendered":"https:\/\/imagazine.it\/?p=34388"},"modified":"2020-08-31T00:00:00","modified_gmt":"2020-08-30T23:00:00","slug":"trieste-inaugurato-il-centro-congressi-in-porto-vecchio","status":"publish","type":"post","link":"https:\/\/imagazine.it\/home_desk\/trieste-inaugurato-il-centro-congressi-in-porto-vecchio\/","title":{"rendered":"Trieste, inaugurato il Centro Congressi in Porto Vecchio"},"content":{"rendered":"<p>Inaugurato il nuovo Centro Congressi nell\u2019area di Porto Vecchio a Trieste.<\/p>\n<p>Al taglio del nastro del Trieste Convention Center e alla conseguente apertura della nuova viabilit\u00e0 e delle infrastrutture della zona sono intervenuti il sindaco di Trieste, <strong>Roberto Dipiazza<\/strong>, il governatore del Friuli Venezia Giulia, <strong>Massimiliano Fedriga<\/strong>, il presidente di TCC, <strong>Paolo Marchesi<\/strong>, e l\u2019arcivescovo di Trieste <strong>monsignor Giampaolo Crepaldi<\/strong> che ha benedetto il nuovo Centro congressi.<\/p>\n<p>La struttura, costata oltre 13 milioni di euro, si sviluppa su una superficie complessiva di 9.000 mq con un auditorium principale di quasi 2.000 posti (che sar\u00e0 dedicato alla memoria dell\u2019ing. Pierpaolo Ferrante) senza scordare \u00f2e diverse opere di viabilit\u00e0 e urbanizzazione, del valore di 5 milioni di euro, che sono state ultimate nella zona.<\/p>\n<p>Il progetto ha visto la riqualificazione dei Magazzini 27 e 28 e la realizzazione di un Centro Congressi in ampliamento del Magazzino 28 con la creazione di una struttura polifunzionale e polivalente.<\/p>\n<p>I due edifici di propriet\u00e0 del Comune, situati nell&#39;area di Porto Vecchio, sono stati ristrutturati e uno (Magazzino 28) \u00e8 stato ampliato tramite una nuova edificazione. Il Magazzino 27 \u00e8 un capannone industriale a un piano, addossato e continuo alla storica facciata del magazzino 27 (ex magazzino Ford). Il Magazzino 28 \u00e8 un capannone industriale risalente agli anni 1970\/80 realizzato in pannelli prefabbricati di cemento. Il capannone ha una superficie di oltre 3.000 mq e una copertura piana; \u00e8 di nessun pregio architettonico e non presenta motivi di interesse n\u00e9 storico n\u00e9 architettonico. Anch\u2019esso (come nel caso del Magazzino 27) \u00e8 stato sottoposto a lavori riguardanti il cambio di destinazione d&#39;uso e opportune modifiche richieste per legge. Le sue funzioni saranno di spazi di esposizione, conferenze, catering. Adiacente all&#39;area centrale (zona riservata all&#39;esposizione) \u00e8 stata realizzata una sala polifunzionale da 500 posti cos\u00ec da poter essere utilizzata sia per esposizioni che per conferenze.<\/p>\n<p>Il Magazzino 28 \u00e8 stato ampliato tramite la realizzazione del nuovo edificio denominato \u201cMagazzino 28\/1\u201d che occupa una superficie di circa 3380 mq su un livello. Le funzioni al suo interno saranno di salone principale che occuper\u00e0 una superficie di 1640 mq, foyer, magazzini e impianti.<\/p>\n<p>\u00c8 stato abbattuto il muro divisorio tra il Magazzino 28 e il 28\/1 e all\u2019interno del Magazzino 28\/1 \u00e8 stata allestita una sala conferenze polifunzionale con un totale di 1.856 posti.<\/p>\n<p><a href=\"http:\/\/imagazinevideotruck.it\/outlet\/relink.html\" target=\"_top\" rel=\"noopener\"><img loading=\"lazy\" decoding=\"async\" align=\"LEFT\" height=\"250\" src=\"http:\/\/imagazinevideotruck.it\/outlet\/outlet30.gif\" width=\"300\" alt=\"\" title=\"\"><\/a><\/p>\n<p>\u00a0<\/p>\n<p>\u00a0<\/p>\n<p>\u00a0<\/p>\n<p>\u00a0<\/p>\n<p>\u00a0<\/p>\n<p>\u00a0<\/p>\n<p>\u00a0<\/p>\n<p>\u00a0<\/p>\n<p>\u00a0<\/p>\n<p>Complessivamente il Centro Congressi si estende su una superficie di oltre 9.000 mq comprendenti le aree dei magazzini 27, 28 e 28\/1, &#8211; messi in comunicazione attraverso un ponte di collegamento esterno lungo 30 metri. Esternamente \u00e8 stata realizzata un\u2019area di parcheggio di circa 4.500 mq con 200 posti auto a servizio del Centro Congressi.<\/p>\n<p>Oltre al nuovo Centro Congressi sono state inaugurate la viabilit\u00e0 e le opere del primo grande lotto di infrastrutturazione del Porto Vecchio. Il lotto di infrastrutturazione ha consentito di portare in una ampia area del Porto Vecchio tutti i servizi necessari al suo sviluppo. Il progetto ha visto la realizzazione di sottoservizi a rete (acqua, gas, rete energia, fognatura, servizi tecnologici), un nuovo impianto di illuminazione pubblica con pali decorativi e opere di viabilit\u00e0 su viale Miramare (nuova rotatoria stradale) e all\u2019interno del Porto Vecchio anche corsie ciclabili, percorsi e viali pedonali, comprensivi di allestimenti a verde con alberi e arbusti e la realizzazione di un\u2019opera pubblica disegnata dall\u2019artista Elisa Vladilo.<\/p>\n<p>In autunno partir\u00e0 il secondo lotto per realizzare infrastrutture in ulteriori aree del Porto Vecchio per altri 10 milioni di euro.\u00a0<\/p>\n","protected":false},"excerpt":{"rendered":"<p>Spesa di oltre 13 milioni di euro<\/p>\n","protected":false},"author":28,"featured_media":34389,"comment_status":"closed","ping_status":"closed","sticky":false,"template":"","format":"standard","meta":{"dwc-title":[],"dwc-content":[],"footnotes":""},"categories":[5],"tags":[],"class_list":["post-34388","post","type-post","status-publish","format-standard","has-post-thumbnail","hentry","category-attualita"],"rttpg_featured_image_url":{"full":["https:\/\/imagazine.it\/wp-content\/uploads\/2024\/01\/35779-1.webp",1000,667,false],"landscape":["https:\/\/imagazine.it\/wp-content\/uploads\/2024\/01\/35779-1.webp",1000,667,false],"portraits":["https:\/\/imagazine.it\/wp-content\/uploads\/2024\/01\/35779-1.webp",1000,667,false],"thumbnail":["https:\/\/imagazine.it\/wp-content\/uploads\/2024\/01\/35779-1-150x150.webp",150,150,true],"medium":["https:\/\/imagazine.it\/wp-content\/uploads\/2024\/01\/35779-1-300x200.webp",300,200,true],"large":["https:\/\/imagazine.it\/wp-content\/uploads\/2024\/01\/35779-1.webp",640,427,false],"thumblist":["https:\/\/imagazine.it\/wp-content\/uploads\/2024\/01\/35779-1.webp",300,200,false],"thumbrelated":["https:\/\/imagazine.it\/wp-content\/uploads\/2024\/01\/35779-1.webp",500,334,false],"meccarouselthumb":["https:\/\/imagazine.it\/wp-content\/uploads\/2024\/01\/35779-1.webp",474,316,false],"gridsquare":["https:\/\/imagazine.it\/wp-content\/uploads\/2024\/01\/35779-1.webp",391,260,false],"tileview":["https:\/\/imagazine.it\/wp-content\/uploads\/2024\/01\/35779-1.webp",300,200,false],"1536x1536":["https:\/\/imagazine.it\/wp-content\/uploads\/2024\/01\/35779-1.webp",1000,667,false],"2048x2048":["https:\/\/imagazine.it\/wp-content\/uploads\/2024\/01\/35779-1.webp",1000,667,false],"newsup-slider-full":["https:\/\/imagazine.it\/wp-content\/uploads\/2024\/01\/35779-1.webp",1000,667,false],"newsup-featured":["https:\/\/imagazine.it\/wp-content\/uploads\/2024\/01\/35779-1.webp",1000,667,false],"newsup-medium":["https:\/\/imagazine.it\/wp-content\/uploads\/2024\/01\/35779-1-720x380.webp",720,380,true],"tptn_thumbnail":["https:\/\/imagazine.it\/wp-content\/uploads\/2024\/01\/35779-1.webp",250,167,false],"sow-carousel-default":["https:\/\/imagazine.it\/wp-content\/uploads\/2024\/01\/35779-1-272x182.webp",272,182,true]},"rttpg_author":{"display_name":"redazione","author_link":"https:\/\/imagazine.it\/home_desk\/author\/redazione\/"},"rttpg_comment":0,"rttpg_category":"<a href=\"https:\/\/imagazine.it\/home_desk\/category\/attualita\/\" rel=\"category tag\">ATTUALIT\u00c0<\/a>","rttpg_excerpt":"Spesa di oltre 13 milioni di euro","_links":{"self":[{"href":"https:\/\/imagazine.it\/home_desk\/wp-json\/wp\/v2\/posts\/34388","targetHints":{"allow":["GET"]}}],"collection":[{"href":"https:\/\/imagazine.it\/home_desk\/wp-json\/wp\/v2\/posts"}],"about":[{"href":"https:\/\/imagazine.it\/home_desk\/wp-json\/wp\/v2\/types\/post"}],"author":[{"embeddable":true,"href":"https:\/\/imagazine.it\/home_desk\/wp-json\/wp\/v2\/users\/28"}],"replies":[{"embeddable":true,"href":"https:\/\/imagazine.it\/home_desk\/wp-json\/wp\/v2\/comments?post=34388"}],"version-history":[{"count":0,"href":"https:\/\/imagazine.it\/home_desk\/wp-json\/wp\/v2\/posts\/34388\/revisions"}],"wp:featuredmedia":[{"embeddable":true,"href":"https:\/\/imagazine.it\/home_desk\/wp-json\/wp\/v2\/media\/34389"}],"wp:attachment":[{"href":"https:\/\/imagazine.it\/home_desk\/wp-json\/wp\/v2\/media?parent=34388"}],"wp:term":[{"taxonomy":"category","embeddable":true,"href":"https:\/\/imagazine.it\/home_desk\/wp-json\/wp\/v2\/categories?post=34388"},{"taxonomy":"post_tag","embeddable":true,"href":"https:\/\/imagazine.it\/home_desk\/wp-json\/wp\/v2\/tags?post=34388"}],"curies":[{"name":"wp","href":"https:\/\/api.w.org\/{rel}","templated":true}]}}