{"id":34386,"date":"2020-08-29T00:00:00","date_gmt":"2020-08-28T23:00:00","guid":{"rendered":"https:\/\/imagazine.it\/?p=34386"},"modified":"2020-08-29T00:00:00","modified_gmt":"2020-08-28T23:00:00","slug":"il-mondo-del-giornalismo-si-incontra-a-ronchi","status":"publish","type":"post","link":"https:\/\/imagazine.it\/home_desk\/il-mondo-del-giornalismo-si-incontra-a-ronchi\/","title":{"rendered":"Il mondo del giornalismo si incontra a Ronchi"},"content":{"rendered":"<p>L\u2019associazione culturale Leali delle Notizie ha presentato la sesta edizione del <strong>Festival del Giornalismo a Ronchi dei Legionari.<\/strong><\/p>\n<p>Malgrado le difficolt\u00e0 causate dall\u2019emergenza Coronavirus, Leali delle Notizie non si \u00e8 mai fermata e ha continuato a lavorare alla realizzazione di un festival di qualit\u00e0: <strong>82 ospiti nazionali e internazionali, 23 incontri, 2 mostre, 2 masterclass e 7 presentazioni letterarie<\/strong>. Non mancher\u00e0 <strong>la terza edizione del &#8220;Premio Leali delle Notizie &#8211; in Memoria di Daphne Caruana Galizia&#8221; <\/strong>con cui l\u2019associazione vuole sostenere la famiglia della giornalista maltese uccisa in un attentato nel 2017 sia nella ricerca della verit\u00e0 sul tragico delitto, sia nella lotta per la libert\u00e0 di stampa nel mondo.<\/p>\n<p>Nel periodo di lockdown l\u2019associazione ronchese si \u00e8 messa alla prova e ha organizzato per la prima volta sul proprio canale YouTube degli appuntamenti di anticipazione al Festival del Giornalismo tra maggio e luglio, entrando direttamente nelle case delle persone proprio grazie ai canali web e social di Leali delle Notizie: libert\u00e0 di stampa, migrazioni e attivismo ai tempi del Coronavirus, le radici musicali del Friuli Venezia Giulia e il legame tra il Patriarcato di Aquileia e il Territorio sono stati i temi trattati dagli incontri online, raggiungendo in alcuni video anche le 225 visualizzazioni.<\/p>\n<p>\u00ab<em>Malgrado il successo raggiunto con gli incontri online noi di Leali delle Notizie continuiamo a prediligere gli incontri dal vivo con il pubblico e gli ospiti<\/em> \u2013 spiega la vicepresidente di Leali delle Notizie, <strong>Cristina Visintini<\/strong> \u2013 <em>e abbiamo quindi riprogrammato in forma tradizionale la sesta edizione del Festival del Giornalismo da marted\u00ec 22 a sabato 26 settembre<\/em>\u00bb.<\/p>\n<p><strong>Il Festival si svolger\u00e0 interamente a Ronchi dei Legionari: <\/strong>nel palatenda accanto all\u2019Auditorium comunale nella Piazzetta dell\u2019Emigrante, nel Consorzio Culturale del Monfalconese in Villa Miniussi, nella sede dell\u2019associazione in Piazzetta Francesco Giuseppe I e nel Giardino del Consorzio di Bonifica in Via Duca d\u2019Aosta. Verranno rispettate tutte le prescrizioni e normative Covid-19 per la sicurezza degli ospiti e del pubblico: verr\u00e0 misurata la febbre a tutti coloro i quali entreranno nel palatenda e sar\u00e0 obbligatorio indossare la mascherina finch\u00e9 lo spettatore non si sar\u00e0 sistemato nella propria postazione; ci sar\u00e0 una fila per gli ingressi e una per l\u2019 uscita in due lati differenti del palatenda; il pubblico sar\u00e0 costretto a lasciare il proprio nominativo e numero di telefono che l\u2019associazione conserver\u00e0 per quindici giorni nel caso in cui si presentasse qualche caso positivo di Coronavirus nei giorni seguenti al festival; i posti a sedere saranno distanziati almeno un metro l\u2019uno dall\u2019altro e si seguiranno tutte le norme di igienizzazione e sanificazione previste dal decreto anti-Covid.<\/p>\n<p>\u00ab<em>La cultura \u00e8 fondamentale nella crescita e socialit\u00e0 dell\u2019uomo e quindi abbiamo deciso di ripartire e di essere presenti sul territorio a settembre senza rinviare la manifestazione direttamente al 2021<\/em> \u2013 sottolinea il presidente di Leali delle Notizie, <strong>Luca Perrino<\/strong> \u2013. <em>Gli ospiti e gli incontri sono numerosi, siamo convinti che il Festival sia nato per crescere e per farlo \u00e8 necessario anche collaborare con le altre associazioni culturali, come \u00e8 successo quest\u2019anno con Vicino\/Lontano<\/em>\u00bb.<\/p>\n<p>Quest\u2019anno i volontari non saranno pi\u00f9 i ragazzi dell\u2019alternanza scuola-lavoro, ma una decina di persone volenterose si sono comunque offerte di aiutare l\u2019associazione nell\u2019organizzazione del Festival e nel garantire il rispetto delle norme anti-Covid nel corso dell\u2019intera manifestazione. Per la prima volta i volontari non sono solo di Ronchi dei Legionari e delle zone limitrofe ma arrivano anche dai comuni pi\u00f9 lontani del Friuli Venezia Giulia e da fuori regione.<\/p>\n<p><a href=\"http:\/\/imagazinevideotruck.it\/outlet\/relink.html\" target=\"_top\" rel=\"noopener\"><img loading=\"lazy\" decoding=\"async\" align=\"LEFT\" height=\"250\" src=\"http:\/\/imagazinevideotruck.it\/outlet\/outlet30.gif\" width=\"300\" alt=\"\" title=\"\"><\/a><\/p>\n<p>\u00a0<\/p>\n<p>\u00a0<\/p>\n<p>\u00a0<\/p>\n<p>\u00a0<\/p>\n<p>\u00a0<\/p>\n<p>\u00a0<\/p>\n<p>\u00a0<\/p>\n<p>\u00a0<\/p>\n<p>\u00a0<\/p>\n<p>\u00ab<em>Questa manifestazione non pu\u00f2 che riempire di orgoglio la nostra amministrazione<\/em> \u2013 ha affermato il sindaco di Ronchi dei Legionari, <strong>Livio Vecchiet<\/strong> \u2013<em>. Partito con pochi ospiti e con un pubblico ristretto cinque anni fa, il Festival si evolve, cresce e non \u00e8 pi\u00f9 solo un appuntamento locale ma \u00e8 diventato anche un punto di riferimento a livello nazionale<\/em>\u00bb.<\/p>\n<p>Vista la situazione straordinaria vissuta in primavera, <strong>il Festival affronter\u00e0 quest\u2019anno alcuni incontri di approfondimento legati al Coronavirus<\/strong>, oltre a trattare alcuni dei temi pi\u00f9 scottanti dell\u2019attualit\u00e0: dalla migrazione alla situazione politica italiana a 20 anni dalla morte di Craxi con ospite anche la figlia<strong> Stefania Craxi<\/strong>; non mancher\u00e0 la presenza di ospiti internazionali del The Times, della BBC e di molte altre testate e media che racconteranno come viene vista l\u2019Italia all\u2019estero, partendo proprio dagli stereotipi sul nostro Paese. Si affronteranno poi anche altri temi: i meccanismi della mente umana attraverso l\u2019analisi dei serial killer italiani, la strage di Ustica, la situazione delle carceri italiane, l\u2019evoluzione del femminismo, ma si parler\u00e0 anche della necessit\u00e0 delle buone notizie. Temi centrali rimarranno inoltre la lotta contro la mafia e la situazione della libert\u00e0 di stampa nel mondo, in quanto si legano al Premio Leali delle Notizie in memoria di Daphne Caruana Galizia e a tutte le attivit\u00e0 che l\u2019associazione svolge da anni nella difesa della libera informazione.<\/p>\n<p>\u00ab<em>Tutta la manifestazione nasce sul rispetto per la verit\u00e0, la giustizia e per il lavoro dei giornalisti<\/em> \u2013 spiega la presidente della Fondazione Carigo, <strong>Roberta Demartin<\/strong> \u2013. <em>Il Festival vive della presenza del pubblico e degli ospiti e noi della Fondazione ci teniamo a sostenere questa manifestazione e a condividere il progetto culturale di Leali delle Notizie<\/em>\u00bb.<\/p>\n<p>Non mancheranno il coinvolgimento del progetto <strong>\u201cBILL Biblioteca della Legalit\u00e0\u201d<\/strong>, promosso dalla <strong>Regione FVG<\/strong> e dalla <strong>cooperativa Damatr\u00e0<\/strong>, e le presentazioni editoriali con le due iniziative \u201cLibri Leali\u201d (nel palatenda) e l\u2019\u201cAperitivo letterario\u201d (nel Giardino del Consorzio Bonifica). Due le mostre fotografiche: una sulle migrazioni del Medioriente in Villa Miniussi di<strong> Paolo Youssef <\/strong>e, nella sede di Leali delle Notizie, la mostra di <strong>Greta Stella <\/strong>sui volontari della CRI durante l\u2019emergenza Covid-19. Due i masterclass: la forza delle manager donne a capo di multinazionali o aziende specializzate e la fotografia, il fotoreporter e i diritti d\u2019autore fotografici. Anche quest\u2019anno alcuni incontri del Festival saranno accreditati dall\u2019Ordine dei Giornalisti del Friuli Venezia Giulia e ci sar\u00e0 dunque la possibilit\u00e0 per i giornalisti pubblicisti e professionisti di acquisire i crediti formativi richiesti dall\u2019albo nel triennio di formazione.<\/p>\n<p>L\u2019ultima serata, sabato 26 settembre, sar\u00e0 dedicata alla cerimonia di consegna del Premio Leali delle Notizie in Memoria di Daphne Caruana Galizia, premio indetto con il consenso della famiglia di Daphne e assegnato da un comitato scientifico a un operatore del mondo dell\u2019informazione che si sia distinto, in Italia come all\u2019estero, con le sue inchieste e le sue ricerche, anche mettendo in pericolo la sua vita e spesso anche quella della sua famiglia. Il premio ha ricevuto anche quest\u2019anno l\u2019Alto Patrocinio del Parlamento Europeo e verr\u00e0 consegnato da un rappresentante della famiglia di Daphne, situazione Coronavirus permettendo.<\/p>\n<p>Gli organizzatori hanno rivolto un ringraziamento particolare all\u2019associazione \u201cVicino\/Lontano\u201d di Udine che, organizzando il festival omonimo nelle stesse giornate, condivide le difficolt\u00e0 organizzative di quest&#39;anno particolare e con cui Leali ha stretto un accordo per fare in modo di avere una buona riuscita di entrambe le manifestazioni. \u00ab<em>Purtroppo la comune volont\u00e0 di riprogrammare i nostri festival ha comportato una sovrapposizione delle nostre manifestazioni culturali ma allo stesso tempo ci ha permesso di conoscerci<\/em> \u2013 racconta la presidente di Vicino\/Lontano, <strong>Paola Colombo<\/strong> \u2013. <em>Insieme si lavora meglio e nascono i progetti migliori quindi speriamo di collaborare anche il prossimo anno e di rivederci a Ronchi dei Legionari con il Festival del Giornalismo e a Udine con Vicino\/Lontano<\/em>\u00bb.<\/p>\n<p><strong>Presentato anche il nuovo sito <\/strong><u><a href=\"http:\/\/www.lealidellenotizie.it\/\" target=\"_blank\" rel=\"noopener\"><strong>www.lealidellenotizie.it<\/strong><\/a><\/u> in cui sar\u00e0 possibile trovare tutte le informazioni del Festival del Giornalismo, delle edizioni passate e di tutte le attivit\u00e0 che l\u2019associazione svolge sul territorio da ormai cinque anni.<\/p>\n","protected":false},"excerpt":{"rendered":"<p>Dal 22 al 26 settembre<\/p>\n","protected":false},"author":28,"featured_media":34387,"comment_status":"closed","ping_status":"closed","sticky":false,"template":"","format":"standard","meta":{"dwc-title":[],"dwc-content":[],"footnotes":""},"categories":[37],"tags":[],"class_list":["post-34386","post","type-post","status-publish","format-standard","has-post-thumbnail","hentry","category-cultura-e-spettacolo"],"rttpg_featured_image_url":{"full":["https:\/\/imagazine.it\/wp-content\/uploads\/2024\/01\/35772-1.webp",1000,667,false],"landscape":["https:\/\/imagazine.it\/wp-content\/uploads\/2024\/01\/35772-1.webp",1000,667,false],"portraits":["https:\/\/imagazine.it\/wp-content\/uploads\/2024\/01\/35772-1.webp",1000,667,false],"thumbnail":["https:\/\/imagazine.it\/wp-content\/uploads\/2024\/01\/35772-1-150x150.webp",150,150,true],"medium":["https:\/\/imagazine.it\/wp-content\/uploads\/2024\/01\/35772-1-300x200.webp",300,200,true],"large":["https:\/\/imagazine.it\/wp-content\/uploads\/2024\/01\/35772-1.webp",640,427,false],"thumblist":["https:\/\/imagazine.it\/wp-content\/uploads\/2024\/01\/35772-1.webp",300,200,false],"thumbrelated":["https:\/\/imagazine.it\/wp-content\/uploads\/2024\/01\/35772-1.webp",500,334,false],"meccarouselthumb":["https:\/\/imagazine.it\/wp-content\/uploads\/2024\/01\/35772-1.webp",474,316,false],"gridsquare":["https:\/\/imagazine.it\/wp-content\/uploads\/2024\/01\/35772-1.webp",391,260,false],"tileview":["https:\/\/imagazine.it\/wp-content\/uploads\/2024\/01\/35772-1.webp",300,200,false],"1536x1536":["https:\/\/imagazine.it\/wp-content\/uploads\/2024\/01\/35772-1.webp",1000,667,false],"2048x2048":["https:\/\/imagazine.it\/wp-content\/uploads\/2024\/01\/35772-1.webp",1000,667,false],"newsup-slider-full":["https:\/\/imagazine.it\/wp-content\/uploads\/2024\/01\/35772-1.webp",1000,667,false],"newsup-featured":["https:\/\/imagazine.it\/wp-content\/uploads\/2024\/01\/35772-1.webp",1000,667,false],"newsup-medium":["https:\/\/imagazine.it\/wp-content\/uploads\/2024\/01\/35772-1-720x380.webp",720,380,true],"tptn_thumbnail":["https:\/\/imagazine.it\/wp-content\/uploads\/2024\/01\/35772-1.webp",250,167,false],"sow-carousel-default":["https:\/\/imagazine.it\/wp-content\/uploads\/2024\/01\/35772-1-272x182.webp",272,182,true]},"rttpg_author":{"display_name":"redazione","author_link":"https:\/\/imagazine.it\/home_desk\/author\/redazione\/"},"rttpg_comment":0,"rttpg_category":"<a href=\"https:\/\/imagazine.it\/home_desk\/category\/cultura-e-spettacolo\/\" rel=\"category tag\">CULTURA&amp;SPETTACOLO<\/a>","rttpg_excerpt":"Dal 22 al 26 settembre","_links":{"self":[{"href":"https:\/\/imagazine.it\/home_desk\/wp-json\/wp\/v2\/posts\/34386","targetHints":{"allow":["GET"]}}],"collection":[{"href":"https:\/\/imagazine.it\/home_desk\/wp-json\/wp\/v2\/posts"}],"about":[{"href":"https:\/\/imagazine.it\/home_desk\/wp-json\/wp\/v2\/types\/post"}],"author":[{"embeddable":true,"href":"https:\/\/imagazine.it\/home_desk\/wp-json\/wp\/v2\/users\/28"}],"replies":[{"embeddable":true,"href":"https:\/\/imagazine.it\/home_desk\/wp-json\/wp\/v2\/comments?post=34386"}],"version-history":[{"count":0,"href":"https:\/\/imagazine.it\/home_desk\/wp-json\/wp\/v2\/posts\/34386\/revisions"}],"wp:featuredmedia":[{"embeddable":true,"href":"https:\/\/imagazine.it\/home_desk\/wp-json\/wp\/v2\/media\/34387"}],"wp:attachment":[{"href":"https:\/\/imagazine.it\/home_desk\/wp-json\/wp\/v2\/media?parent=34386"}],"wp:term":[{"taxonomy":"category","embeddable":true,"href":"https:\/\/imagazine.it\/home_desk\/wp-json\/wp\/v2\/categories?post=34386"},{"taxonomy":"post_tag","embeddable":true,"href":"https:\/\/imagazine.it\/home_desk\/wp-json\/wp\/v2\/tags?post=34386"}],"curies":[{"name":"wp","href":"https:\/\/api.w.org\/{rel}","templated":true}]}}