{"id":34382,"date":"2020-08-31T00:00:00","date_gmt":"2020-08-30T23:00:00","guid":{"rendered":"https:\/\/imagazine.it\/?p=34382"},"modified":"2020-08-31T00:00:00","modified_gmt":"2020-08-30T23:00:00","slug":"ruda-libri-e-luoghi-per-conoscere-il-territorio","status":"publish","type":"post","link":"https:\/\/imagazine.it\/home_desk\/ruda-libri-e-luoghi-per-conoscere-il-territorio\/","title":{"rendered":"Ruda, libri e luoghi per conoscere il territorio"},"content":{"rendered":"<p>Con i giochi in piazza per i bimbi e quattro chiacchiere fra i genitori si \u00e8 conclusa a Ruda \u201cMARTED\u00cc FRA I LIBRI\u201d, una nuova esperienza nata quasi per caso, volendo ovviare al problema dovuto al lookdown.<\/p>\n<p>Vista l\u2019incertezza sull&#39;organizzazione dei centri estivi, l&#39;amministrazione comunale ha voluto \u201cinventare\u201d questa nuova iniziativa che alla fine si \u00e8 dimostrata vincente e che sar\u00e0 ripetuta nei prossimi anni. Una proposta culturale che ha coinvolto tutte le frazioni di Ruda (Perteole, Saciletto, Alture, San Nicol\u00f2, La Cortona e Mortesins) includendo oltre alla lettura di alcuni testi da parte dei volontari, anche la conoscenza del luogo.<\/p>\n<p>All\u2019inizio di ogni serata, il vicesindaco <strong>Lorenzo Fumo<\/strong> ha spiegato ai bambini tutte le particolarit\u00e0 storiche e le curiosit\u00e0 del luogo nel quale ci si trovava e dove i bambini abitano.<\/p>\n<p>In ogni tappa era presente anche un\u2019insegnate della locale scuola di musica, gestita dall&#39;associazione ProMusica, che accompagnava la lettura con il suono di una clavinova (<strong>Rossella Fracaros<\/strong>) o del violino (<strong>Laura Furlan<\/strong>).<\/p>\n<p>L&#39;ultima serata il gruppo di bambini \u201cuditori\u201d si \u00e8 sistemato nel capoluogo, sotto il grande dipinto di Pierpaolo Pasolini che ricorda Ruda in una sua poesia (QUADRI FRIULANI) \u201c<em>Ti ricordi di quella sera a Ruda? Quel nostro darsi, insieme, a un gioco di pura passione, misura della nostra cruda giovent<\/em><em>\u00f9&#8230;<\/em>\u201d (Da &#8220;<em>Le Ceneri di Gramsci<\/em>&#8221; \u2013 1957), un\u2019immagine eloquente, pare che il grande scrittore voglia osservare con fiducia e speranza queste nuove leve che stanno imparando l&#39;arte della lettura dei libri che sono sinonimo di cultura e conoscenza.<\/p>\n<p>\u201cUna serie di eventi educativi importanti e molto divertenti che hanno suscitato grande interesse e partecipazione in tutta la comunit\u00e0 \u2013 ha specificato il sindaco <strong>Franco Lenarduzzi<\/strong> \u2013 e che ha coinvolto i pi\u00f9 piccoli ma anche le famiglie che a pi\u00f9 riprese si sono ritrovate nei luoghi pi\u00f9 belli del comune per condividere il percorso delle letture e la conoscenza dei luoghi. Un&#39;esperienza molto bella che verr\u00e0 sicuramente ripresa in futuro\u201d.<\/p>\n","protected":false},"excerpt":{"rendered":"<p>Iniziativa estiva<\/p>\n","protected":false},"author":22,"featured_media":34383,"comment_status":"closed","ping_status":"closed","sticky":false,"template":"","format":"standard","meta":{"dwc-title":[],"dwc-content":[],"footnotes":""},"categories":[5],"tags":[],"class_list":["post-34382","post","type-post","status-publish","format-standard","has-post-thumbnail","hentry","category-attualita"],"rttpg_featured_image_url":{"full":["https:\/\/imagazine.it\/wp-content\/uploads\/2024\/01\/35745-1.webp",800,600,false],"landscape":["https:\/\/imagazine.it\/wp-content\/uploads\/2024\/01\/35745-1.webp",800,600,false],"portraits":["https:\/\/imagazine.it\/wp-content\/uploads\/2024\/01\/35745-1.webp",800,600,false],"thumbnail":["https:\/\/imagazine.it\/wp-content\/uploads\/2024\/01\/35745-1-150x150.webp",150,150,true],"medium":["https:\/\/imagazine.it\/wp-content\/uploads\/2024\/01\/35745-1-300x225.webp",300,225,true],"large":["https:\/\/imagazine.it\/wp-content\/uploads\/2024\/01\/35745-1.webp",640,480,false],"thumblist":["https:\/\/imagazine.it\/wp-content\/uploads\/2024\/01\/35745-1.webp",300,225,false],"thumbrelated":["https:\/\/imagazine.it\/wp-content\/uploads\/2024\/01\/35745-1.webp",500,375,false],"meccarouselthumb":["https:\/\/imagazine.it\/wp-content\/uploads\/2024\/01\/35745-1.webp",432,324,false],"gridsquare":["https:\/\/imagazine.it\/wp-content\/uploads\/2024\/01\/35745-1.webp",347,260,false],"tileview":["https:\/\/imagazine.it\/wp-content\/uploads\/2024\/01\/35745-1.webp",300,225,false],"1536x1536":["https:\/\/imagazine.it\/wp-content\/uploads\/2024\/01\/35745-1.webp",800,600,false],"2048x2048":["https:\/\/imagazine.it\/wp-content\/uploads\/2024\/01\/35745-1.webp",800,600,false],"newsup-slider-full":["https:\/\/imagazine.it\/wp-content\/uploads\/2024\/01\/35745-1.webp",800,600,false],"newsup-featured":["https:\/\/imagazine.it\/wp-content\/uploads\/2024\/01\/35745-1.webp",800,600,false],"newsup-medium":["https:\/\/imagazine.it\/wp-content\/uploads\/2024\/01\/35745-1-720x380.webp",720,380,true],"tptn_thumbnail":["https:\/\/imagazine.it\/wp-content\/uploads\/2024\/01\/35745-1.webp",250,188,false],"sow-carousel-default":["https:\/\/imagazine.it\/wp-content\/uploads\/2024\/01\/35745-1-272x182.webp",272,182,true]},"rttpg_author":{"display_name":"Livio Nonis","author_link":"https:\/\/imagazine.it\/home_desk\/author\/nonis\/"},"rttpg_comment":0,"rttpg_category":"<a href=\"https:\/\/imagazine.it\/home_desk\/category\/attualita\/\" rel=\"category tag\">ATTUALIT\u00c0<\/a>","rttpg_excerpt":"Iniziativa estiva","_links":{"self":[{"href":"https:\/\/imagazine.it\/home_desk\/wp-json\/wp\/v2\/posts\/34382","targetHints":{"allow":["GET"]}}],"collection":[{"href":"https:\/\/imagazine.it\/home_desk\/wp-json\/wp\/v2\/posts"}],"about":[{"href":"https:\/\/imagazine.it\/home_desk\/wp-json\/wp\/v2\/types\/post"}],"author":[{"embeddable":true,"href":"https:\/\/imagazine.it\/home_desk\/wp-json\/wp\/v2\/users\/22"}],"replies":[{"embeddable":true,"href":"https:\/\/imagazine.it\/home_desk\/wp-json\/wp\/v2\/comments?post=34382"}],"version-history":[{"count":0,"href":"https:\/\/imagazine.it\/home_desk\/wp-json\/wp\/v2\/posts\/34382\/revisions"}],"wp:featuredmedia":[{"embeddable":true,"href":"https:\/\/imagazine.it\/home_desk\/wp-json\/wp\/v2\/media\/34383"}],"wp:attachment":[{"href":"https:\/\/imagazine.it\/home_desk\/wp-json\/wp\/v2\/media?parent=34382"}],"wp:term":[{"taxonomy":"category","embeddable":true,"href":"https:\/\/imagazine.it\/home_desk\/wp-json\/wp\/v2\/categories?post=34382"},{"taxonomy":"post_tag","embeddable":true,"href":"https:\/\/imagazine.it\/home_desk\/wp-json\/wp\/v2\/tags?post=34382"}],"curies":[{"name":"wp","href":"https:\/\/api.w.org\/{rel}","templated":true}]}}