{"id":34171,"date":"2020-07-30T00:00:00","date_gmt":"2020-07-29T23:00:00","guid":{"rendered":"https:\/\/imagazine.it\/?p=34171"},"modified":"2020-07-30T00:00:00","modified_gmt":"2020-07-29T23:00:00","slug":"massimo-ranieri-in-concerto-al-castello-di-udine","status":"publish","type":"post","link":"https:\/\/imagazine.it\/home_desk\/massimo-ranieri-in-concerto-al-castello-di-udine\/","title":{"rendered":"Massimo Ranieri in concerto al Castello di Udine"},"content":{"rendered":"<p><strong>Massimo Ranieri<\/strong>\u00a0porta a Udine \u201c<strong>Sogno e son desto\u2026 500 volte<\/strong>\u201d, il suo celeberrimo spettacolo riproposto oggi in una versione nuova e aggiornata. L\u2019appuntamento \u00e8\u00a0<strong>venerd\u00ec 31 luglio<\/strong>, sul palco del\u00a0<strong>Castello di Udine<\/strong>, primo appuntamento della rassegna\u00a0<strong>Udine Vola<\/strong>, evento incluso nei calendari di\u00a0<strong>Udine Estate<\/strong>\u00a0e di\u00a0<strong>Udine Sotto le Stelle<\/strong>. I\u00a0<strong>biglietti<\/strong>\u00a0per lo spettacolo saranno ancora disponibili alla biglietteria, dalle\u00a0<strong>18.30<\/strong>. Porte aperte al pubblico dalle\u00a0<strong>19.30<\/strong>\u00a0e inizio spettacolo previsto per le\u00a0<strong>21.30<\/strong>.\u00a0<\/p>\n<p><a href=\"http:\/\/imagazinevideotruck.it\/outlet\/relink_fondazione.html\" target=\"_top\" rel=\"noopener\"><img loading=\"lazy\" decoding=\"async\" align=\"LEFT\" height=\"250\" src=\"http:\/\/imagazinevideotruck.it\/outlet\/fondazione_aquileia.jpg\" width=\"300\" alt=\"\" title=\"\"><\/a><\/p>\n<p>\u00a0<\/p>\n<p>\u00a0<\/p>\n<p>\u00a0<\/p>\n<p>\u00a0<\/p>\n<p>\u00a0<\/p>\n<p>\u00a0<\/p>\n<p>\u00a0<\/p>\n<p>\u00a0<\/p>\n<p>\u00a0<\/p>\n<p>A 66 anni e dopo aver venduto oltre\u00a0<strong>14 milioni di dischi nel mondo<\/strong>, la carriera di Ranieri non conosce sosta; nei prossimi mesi l\u2019artista porter\u00e0 avanti diversi progetti paralleli, con un\u2019incessante attivit\u00e0 live.\u00a0Dopo 500 straordinarie repliche in tutta Italia, \u201c<strong>Sogno e son desto 500 volte<\/strong>\u201d, lo spettacolo di e con\u00a0<strong>Massimo Ranieri<\/strong>, ideato e scritto con\u00a0<strong>Gualtiero Peirce<\/strong>, si rinnova e si conferma. Resta immutata la formula vincente, con Ranieri interprete dei suoi grandi successi musicali, ma sempre attore e narratore. In questa nuova versione senza perdere di vista il gusto irrinunciabile della tradizione umoristica napoletana e dei colpi di teatro, naturalmente non mancheranno le sorprese. Ma stavolta, soprattutto, Ranieri sar\u00e0 s\u00e8 stesso ancora di pi\u00f9. In scena ci sar\u00e0 un Massimo al 100%, che offrir\u00e0 al suo pubblico tutto il meglio del suo repertorio pi\u00f9 amato e pi\u00f9 prestigioso.\u00a0In \u201c<strong>Sogno e Son Desto 500 volte<\/strong>\u201d,\u00a0<strong>Massimo Ranieri<\/strong>\u00a0sar\u00e0 protagonista, con la sua consueta classe, di un viaggio affettuoso, spettacolare e sorridente, attraverso grandi canzoni e racconti particolari. I protagonisti, ancora una volta, non saranno i vincitori o le imprese degli eroi, ma i sognatori e la vita di tutti noi, un grande abbraccio con il pubblico per un messaggio di gioia, pace e amore. Sul palcoscenico Ranieri sar\u00e0 impegnato nel duplice ruolo di attore e cantante, nel portare in scena il teatro umoristico di Nino Taranto e Giorgio Gaber e nell\u2019interpretare, oltre ai suoi successi evergreen divenuti la colonna sonora della vita di milioni di persone, anche il grande repertorio della canzone napoletana. A completare uno spettacolo travolgente anche brani dei pi\u00f9 celebri cantautori italiani e internazionali: da Fabrizio De Andr\u00e8 a Violeta Parra, da Francesco De Gregori a Luigi Tenco, da Lucio Battisti a Pino Daniele, da Charles Aznavour a Domenico Modugno.<\/p>\n","protected":false},"excerpt":{"rendered":"<p>Venerd\u00ec 31 luglio<\/p>\n","protected":false},"author":28,"featured_media":34172,"comment_status":"closed","ping_status":"closed","sticky":false,"template":"","format":"standard","meta":{"dwc-title":[],"dwc-content":[],"footnotes":""},"categories":[37],"tags":[],"class_list":["post-34171","post","type-post","status-publish","format-standard","has-post-thumbnail","hentry","category-cultura-e-spettacolo"],"rttpg_featured_image_url":{"full":["https:\/\/imagazine.it\/wp-content\/uploads\/2024\/01\/35285-1.webp",1000,666,false],"landscape":["https:\/\/imagazine.it\/wp-content\/uploads\/2024\/01\/35285-1.webp",1000,666,false],"portraits":["https:\/\/imagazine.it\/wp-content\/uploads\/2024\/01\/35285-1.webp",1000,666,false],"thumbnail":["https:\/\/imagazine.it\/wp-content\/uploads\/2024\/01\/35285-1-150x150.webp",150,150,true],"medium":["https:\/\/imagazine.it\/wp-content\/uploads\/2024\/01\/35285-1-300x200.webp",300,200,true],"large":["https:\/\/imagazine.it\/wp-content\/uploads\/2024\/01\/35285-1.webp",640,426,false],"thumblist":["https:\/\/imagazine.it\/wp-content\/uploads\/2024\/01\/35285-1.webp",300,200,false],"thumbrelated":["https:\/\/imagazine.it\/wp-content\/uploads\/2024\/01\/35285-1.webp",500,333,false],"meccarouselthumb":["https:\/\/imagazine.it\/wp-content\/uploads\/2024\/01\/35285-1.webp",474,316,false],"gridsquare":["https:\/\/imagazine.it\/wp-content\/uploads\/2024\/01\/35285-1.webp",391,260,false],"tileview":["https:\/\/imagazine.it\/wp-content\/uploads\/2024\/01\/35285-1.webp",300,200,false],"1536x1536":["https:\/\/imagazine.it\/wp-content\/uploads\/2024\/01\/35285-1.webp",1000,666,false],"2048x2048":["https:\/\/imagazine.it\/wp-content\/uploads\/2024\/01\/35285-1.webp",1000,666,false],"newsup-slider-full":["https:\/\/imagazine.it\/wp-content\/uploads\/2024\/01\/35285-1.webp",1000,666,false],"newsup-featured":["https:\/\/imagazine.it\/wp-content\/uploads\/2024\/01\/35285-1.webp",1000,666,false],"newsup-medium":["https:\/\/imagazine.it\/wp-content\/uploads\/2024\/01\/35285-1-720x380.webp",720,380,true],"tptn_thumbnail":["https:\/\/imagazine.it\/wp-content\/uploads\/2024\/01\/35285-1.webp",250,167,false],"sow-carousel-default":["https:\/\/imagazine.it\/wp-content\/uploads\/2024\/01\/35285-1-272x182.webp",272,182,true]},"rttpg_author":{"display_name":"redazione","author_link":"https:\/\/imagazine.it\/home_desk\/author\/redazione\/"},"rttpg_comment":0,"rttpg_category":"<a href=\"https:\/\/imagazine.it\/home_desk\/category\/cultura-e-spettacolo\/\" rel=\"category tag\">CULTURA&amp;SPETTACOLO<\/a>","rttpg_excerpt":"Venerd\u00ec 31 luglio","_links":{"self":[{"href":"https:\/\/imagazine.it\/home_desk\/wp-json\/wp\/v2\/posts\/34171","targetHints":{"allow":["GET"]}}],"collection":[{"href":"https:\/\/imagazine.it\/home_desk\/wp-json\/wp\/v2\/posts"}],"about":[{"href":"https:\/\/imagazine.it\/home_desk\/wp-json\/wp\/v2\/types\/post"}],"author":[{"embeddable":true,"href":"https:\/\/imagazine.it\/home_desk\/wp-json\/wp\/v2\/users\/28"}],"replies":[{"embeddable":true,"href":"https:\/\/imagazine.it\/home_desk\/wp-json\/wp\/v2\/comments?post=34171"}],"version-history":[{"count":0,"href":"https:\/\/imagazine.it\/home_desk\/wp-json\/wp\/v2\/posts\/34171\/revisions"}],"wp:featuredmedia":[{"embeddable":true,"href":"https:\/\/imagazine.it\/home_desk\/wp-json\/wp\/v2\/media\/34172"}],"wp:attachment":[{"href":"https:\/\/imagazine.it\/home_desk\/wp-json\/wp\/v2\/media?parent=34171"}],"wp:term":[{"taxonomy":"category","embeddable":true,"href":"https:\/\/imagazine.it\/home_desk\/wp-json\/wp\/v2\/categories?post=34171"},{"taxonomy":"post_tag","embeddable":true,"href":"https:\/\/imagazine.it\/home_desk\/wp-json\/wp\/v2\/tags?post=34171"}],"curies":[{"name":"wp","href":"https:\/\/api.w.org\/{rel}","templated":true}]}}