{"id":34169,"date":"2020-07-30T00:00:00","date_gmt":"2020-07-29T23:00:00","guid":{"rendered":"https:\/\/imagazine.it\/?p=34169"},"modified":"2020-07-30T00:00:00","modified_gmt":"2020-07-29T23:00:00","slug":"la-magia-del-folk-torna-in-friuli-venezia-giulia","status":"publish","type":"post","link":"https:\/\/imagazine.it\/home_desk\/la-magia-del-folk-torna-in-friuli-venezia-giulia\/","title":{"rendered":"La magia del folk torna in Friuli Venezia Giulia"},"content":{"rendered":"<p><strong>Presentata la 42^ edizione di Folkest<\/strong>, il festival dedicato alla musica folk che si svolge in Friuli Venezia Giulia dal 1979.\u00a0<\/p>\n<p>Quest\u2019anno <strong>Folkest\u00a0<\/strong>punta sul territorio nazionale con una cinquantina di gruppi coinvolti per oltre 50 appuntamenti\u00a0<em>live\u00a0<\/em>nel consueto appuntamento estivo in 27 diversi comuni, dal 17 settembre al 5 ottobre, con una serie di anteprime nel mese di agosto ad Auronzo di Cadore, a Capodistria e in provincia di Udine. Tra gli\u00a0ospiti, <strong>Elena Ledda<\/strong>, la &#8220;voce della Sardegna&#8221;, <strong>Neri Marcor\u00e8<\/strong> con <strong>Edoardo De Angelis<\/strong>, <strong>Silvio Orlandi<\/strong>, il siciliano <strong>Francesco Giunta<\/strong>, i <strong>Suonno d&#39;ajere<\/strong>, vincitori del Premio Cesa nel 2019 e la <strong>Fanfara Station<\/strong>, vincitori del Premio Parodi 2019. Senza dimenticare <strong>I Nomadi<\/strong> e\u00a0&#8220;Confessioni di un musicante&#8221; in cui <strong>Silvio Trotta<\/strong> canta Branduardi, progetto finalista al Premio Tenco nel 2019.<\/p>\n<p>Ma Folkest \u00e8 anche online con\u00a0<strong>Folkest Suona:<\/strong>\u00a0concerti registrati durante il mese di luglio che saranno pubblicati sui canali social<em>.\u00a0<\/em>Un\u2019altra sezione virtuale contiene videomessaggi e piccole interviste da parte dei musicisti realizzati durante il lockdown per\u00a0<strong>Folkest Online\u00a0<\/strong>&#8211;\u00a0<strong>Sounds over distances<\/strong>, un archivio di ricordi sul festival e sui nostri territori visti da coloro che negli anni sono stati presenti in regione.<\/p>\n<p>\u201cCome tutti gli altri eventi culturali della nostra regione \u2013\u00a0<strong>rileva l\u2019assessore regionale alla Cultura e allo Sport, Tiziana Gibelli\u00a0<\/strong>\u2013 quest\u2019anno anche Folkest si \u00e8 trovato ad affrontare una stagione piena di incognite a causa della pandemia mondiale. Gli organizzatori, per\u00f2, si sono rimboccati le maniche, riuscendo non solo a programmare un calendario ricco di appuntamenti dal vivo, ma sfruttando anche in modo egregio il digitale, fin dal periodo del lockdown. Un esempio di come reinventandosi e ripensando le proprie attivit\u00e0, si possano creare eventi inediti e ancora pi\u00f9 attrattivi per il pubblico\u201d.<\/p>\n<p><em>\u201c<\/em>Folkest compie 42 anni in questo 2020 per tutti cos\u00ec singolare, segnato dal Covid\u00a0<strong>&#8211; racconta il direttore artistico Andrea Del Favero &#8211;\u00a0<\/strong>e durante il lockdown il festival si \u00e8 fermato come tutti riflettendo sui possibili futuri sviluppi, sull&#39;uso creativo della tecnologia, sulle possibilit\u00e0 offerte dai pi\u00f9 recenti mezzi di comunicazione. Alla fine si \u00e8 sdoppiato, anzi, addirittura triplicato, legandosi ancor pi\u00f9 al territorio della regione Friuli Venezia Giulia, con tutti quei luoghi che nel corso di oltre quarant&#39;anni di scorribande sonore hanno segnato la storia di un festival che ha aperto la strada alla world music internazionale e a un moderno concetto di promozione turistica, che sposasse l&#39;&#39;evento culturale con un luogo ad alta, e spesso inespressa, vocazione turistica\u201d.<\/p>\n<p><a href=\"http:\/\/imagazinevideotruck.it\/outlet\/relink_fondazione.html\" target=\"_top\" rel=\"noopener\"><img loading=\"lazy\" decoding=\"async\" align=\"LEFT\" height=\"250\" src=\"http:\/\/imagazinevideotruck.it\/outlet\/fondazione_aquileia.jpg\" width=\"300\" alt=\"\" title=\"\"><\/a><\/p>\n<p>\u00a0<\/p>\n<p>\u00a0<\/p>\n<p>\u00a0<\/p>\n<p>\u00a0<\/p>\n<p>\u00a0<\/p>\n<p>\u00a0<\/p>\n<p>\u00a0<\/p>\n<p>\u00a0<\/p>\n<p>\u00a0<\/p>\n<p>Per tutti gli aggiornamenti sul calendario di Folkest 2020 \u00e8 possibile <u><a href=\"https:\/\/www.folkest.com\/\" target=\"_blank\" rel=\"noopener\">consultare il sito internet ufficiale<\/a><\/u>.<\/p>\n<p><img decoding=\"async\" alt=\"\" src=\"\/ckeditor_assets\/pictures\/979\/content_programma_folkest2020-1.jpg\" style=\"width: 600px; height: 895px;\" title=\"\"><\/p>\n<p><img decoding=\"async\" alt=\"\" src=\"\/ckeditor_assets\/pictures\/980\/content_programma_folkest2020-2.jpg\" style=\"width: 600px; height: 879px;\" title=\"\"><\/p>\n<p><img decoding=\"async\" alt=\"\" src=\"\/ckeditor_assets\/pictures\/981\/content_programma_folkest2020-3.jpg\" style=\"width: 600px; height: 249px;\" title=\"\"><\/p>\n","protected":false},"excerpt":{"rendered":"<p>Presentata la 42^ edizione di Folkest<\/p>\n","protected":false},"author":28,"featured_media":34170,"comment_status":"closed","ping_status":"closed","sticky":false,"template":"","format":"standard","meta":{"dwc-title":[],"dwc-content":[],"footnotes":""},"categories":[37],"tags":[],"class_list":["post-34169","post","type-post","status-publish","format-standard","has-post-thumbnail","hentry","category-cultura-e-spettacolo"],"rttpg_featured_image_url":{"full":["https:\/\/imagazine.it\/wp-content\/uploads\/2024\/01\/35281-1.webp",1000,727,false],"landscape":["https:\/\/imagazine.it\/wp-content\/uploads\/2024\/01\/35281-1.webp",1000,727,false],"portraits":["https:\/\/imagazine.it\/wp-content\/uploads\/2024\/01\/35281-1.webp",1000,727,false],"thumbnail":["https:\/\/imagazine.it\/wp-content\/uploads\/2024\/01\/35281-1-150x150.webp",150,150,true],"medium":["https:\/\/imagazine.it\/wp-content\/uploads\/2024\/01\/35281-1-300x218.webp",300,218,true],"large":["https:\/\/imagazine.it\/wp-content\/uploads\/2024\/01\/35281-1.webp",640,465,false],"thumblist":["https:\/\/imagazine.it\/wp-content\/uploads\/2024\/01\/35281-1.webp",300,218,false],"thumbrelated":["https:\/\/imagazine.it\/wp-content\/uploads\/2024\/01\/35281-1.webp",500,364,false],"meccarouselthumb":["https:\/\/imagazine.it\/wp-content\/uploads\/2024\/01\/35281-1.webp",446,324,false],"gridsquare":["https:\/\/imagazine.it\/wp-content\/uploads\/2024\/01\/35281-1.webp",358,260,false],"tileview":["https:\/\/imagazine.it\/wp-content\/uploads\/2024\/01\/35281-1.webp",300,218,false],"1536x1536":["https:\/\/imagazine.it\/wp-content\/uploads\/2024\/01\/35281-1.webp",1000,727,false],"2048x2048":["https:\/\/imagazine.it\/wp-content\/uploads\/2024\/01\/35281-1.webp",1000,727,false],"newsup-slider-full":["https:\/\/imagazine.it\/wp-content\/uploads\/2024\/01\/35281-1-1000x720.webp",1000,720,true],"newsup-featured":["https:\/\/imagazine.it\/wp-content\/uploads\/2024\/01\/35281-1.webp",1000,727,false],"newsup-medium":["https:\/\/imagazine.it\/wp-content\/uploads\/2024\/01\/35281-1-720x380.webp",720,380,true],"tptn_thumbnail":["https:\/\/imagazine.it\/wp-content\/uploads\/2024\/01\/35281-1.webp",250,182,false],"sow-carousel-default":["https:\/\/imagazine.it\/wp-content\/uploads\/2024\/01\/35281-1-272x182.webp",272,182,true]},"rttpg_author":{"display_name":"redazione","author_link":"https:\/\/imagazine.it\/home_desk\/author\/redazione\/"},"rttpg_comment":0,"rttpg_category":"<a href=\"https:\/\/imagazine.it\/home_desk\/category\/cultura-e-spettacolo\/\" rel=\"category tag\">CULTURA&amp;SPETTACOLO<\/a>","rttpg_excerpt":"Presentata la 42^ edizione di Folkest","_links":{"self":[{"href":"https:\/\/imagazine.it\/home_desk\/wp-json\/wp\/v2\/posts\/34169","targetHints":{"allow":["GET"]}}],"collection":[{"href":"https:\/\/imagazine.it\/home_desk\/wp-json\/wp\/v2\/posts"}],"about":[{"href":"https:\/\/imagazine.it\/home_desk\/wp-json\/wp\/v2\/types\/post"}],"author":[{"embeddable":true,"href":"https:\/\/imagazine.it\/home_desk\/wp-json\/wp\/v2\/users\/28"}],"replies":[{"embeddable":true,"href":"https:\/\/imagazine.it\/home_desk\/wp-json\/wp\/v2\/comments?post=34169"}],"version-history":[{"count":0,"href":"https:\/\/imagazine.it\/home_desk\/wp-json\/wp\/v2\/posts\/34169\/revisions"}],"wp:featuredmedia":[{"embeddable":true,"href":"https:\/\/imagazine.it\/home_desk\/wp-json\/wp\/v2\/media\/34170"}],"wp:attachment":[{"href":"https:\/\/imagazine.it\/home_desk\/wp-json\/wp\/v2\/media?parent=34169"}],"wp:term":[{"taxonomy":"category","embeddable":true,"href":"https:\/\/imagazine.it\/home_desk\/wp-json\/wp\/v2\/categories?post=34169"},{"taxonomy":"post_tag","embeddable":true,"href":"https:\/\/imagazine.it\/home_desk\/wp-json\/wp\/v2\/tags?post=34169"}],"curies":[{"name":"wp","href":"https:\/\/api.w.org\/{rel}","templated":true}]}}