{"id":34165,"date":"2020-07-30T00:00:00","date_gmt":"2020-07-29T23:00:00","guid":{"rendered":"https:\/\/imagazine.it\/?p=34165"},"modified":"2020-07-30T00:00:00","modified_gmt":"2020-07-29T23:00:00","slug":"la-musica-di-vasco-nel-lungo-week-end-di-majano","status":"publish","type":"post","link":"https:\/\/imagazine.it\/home_desk\/la-musica-di-vasco-nel-lungo-week-end-di-majano\/","title":{"rendered":"La musica di Vasco nel lungo week end di Majano"},"content":{"rendered":"<p>Nuovo fine settimana di eventi per la <strong>60\u00b0 edizione<\/strong>\u00a0del\u00a0<strong>Festival di Majano<\/strong>. Appuntamento culmine per quanto riguarda la musica \u00e8 quello in programma\u00a0<strong>sabato 1 agosto<\/strong>\u00a0con la storica reunion della\u00a0<strong>Vasco History Band<\/strong>, gruppo formato dai musicisti che hanno accompagnato Vasco dagli anni \u201970 ai giorni nostri, contribuendo a scrivere la leggenda del rocker di Zocca.<\/p>\n<p>Sul palco dell\u2019Area Concerti ci saranno quindi, insieme alla tribute band Rockstar,\u00a0<strong>Andrea Braido\u00a0<\/strong>(chitarre),\u00a0<strong>Mimmo Camporeale<\/strong>\u00a0(tastiere),\u00a0<strong>Andrea Innesto<\/strong>\u00a0(sax e cori),\u00a0<strong>Maurizio Solieri<\/strong>\u00a0(chitarre),\u00a0<strong>Daniele Tedeschi<\/strong>\u00a0(batteria), per la direzione tecnica di\u00a0<strong>Diego Spagnoli<\/strong>. <u><a href=\"http:\/\/www.imagazine.it\/eventi\/vasco-history-band\" target=\"_blank\" rel=\"noopener\">Clicca qui per le info tecniche<\/a><\/u>.<\/p>\n<p>Serata dedicata alla consegna del\u00a0<strong>Premio Pro Majano<\/strong>\u00a0\u00e8 invece quella di domani,\u00a0<strong>venerd\u00ec 31\u00a0luglio\u00a0<\/strong>(ore 19 in Piazza Italia). Il Premio Pro Majano, che ogni anno viene conferito a un simbolo dell\u2019eccellenza friulana nel mondo, verr\u00e0 assegnato quest\u2019anno al\u00a0<strong>Cav. Pietro Pittaro<\/strong>, personalit\u00e0 di spicco nel campo enologico internazionale, che seguir\u00e0 cos\u00ec nell\u2019ordine Dante Spinotti (2012), Giorgio Di Centa (2013), le Frecce Tricolori (2014), Chiara Cainero (2015), la Cineteca del Friuli (2016), Don Domenico Zanier (2017), Bruno Pizzul (2018) e Don Alessio Geretti (2019).<\/p>\n<p>Sempre\u00a0<strong>venerd\u00ec 31 luglio<\/strong>, dalle 18 in Piazza Italia, si svolger\u00e0 il\u00a0<strong>1\u00b0 Raduno Vespa Festival<\/strong>, in collaborazione con il\u00a0<strong>Vespa Club Udine<\/strong>.<\/p>\n<p>Tornano poi gli appuntamenti con \u201c<strong>A spasso con il festival sulle strade del vino e dei sapori<\/strong>\u201d, visite guidate a cantine, aziende e realt\u00e0 economiche del territorio. Nel secondo appuntamento, in programma\u00a0<strong>domenica 2 agosto<\/strong>\u00a0con ritrovo alle 14, la gita si svolger\u00e0 nelle zone di Cassacco, Capriva del Friuli e Cormons. Partenza e rientro da Majano, con cena finale al festival per tutti i partecipanti (info e prenotazioni al +39\u00a0339 5348606).\u00a0\u00a0<\/p>\n<p>Per tutte le giornate del Festival saranno due le mostre fruibili al pubblico durante tutto il periodo della rassegna. Al Palazzo Municipale verr\u00e0 allestita la mostra personale \u201c<strong>Galli in testa<\/strong>\u201d, di\u00a0<strong>Sandro Comini<\/strong>, artista, musicista, autore e comunicatore friulano. In via Udine, negli spazi dell\u2019ex sede Unicredit, sar\u00e0 invece visitabile l\u2019esposizione \u201c<strong>Mattoncino al Festival<\/strong>\u201d, esposizione di mattoncini Lego a cura di\u00a0<strong>FVG Brick Team<\/strong>, nella quale si potranno ammirare costruzioni di tutti i tipi, realizzate con i celebri mattoncini.<\/p>\n<p><a href=\"http:\/\/imagazinevideotruck.it\/outlet\/relink_fondazione.html\" target=\"_top\" rel=\"noopener\"><img loading=\"lazy\" decoding=\"async\" align=\"LEFT\" height=\"250\" src=\"http:\/\/imagazinevideotruck.it\/outlet\/fondazione_aquileia.jpg\" width=\"300\" alt=\"\" title=\"\"><\/a><\/p>\n<p>\u00a0<\/p>\n<p>\u00a0<\/p>\n<p>\u00a0<\/p>\n<p>\u00a0<\/p>\n<p>\u00a0<\/p>\n<p>\u00a0<\/p>\n<p>\u00a0<\/p>\n<p>\u00a0<\/p>\n<p>\u00a0<\/p>\n<p>Allo scopo di contenere la diffusione del Covid-19, la\u00a0<strong>60\u00b0 edizione<\/strong>\u00a0del\u00a0<strong>Festival di Majano<\/strong>\u00a0\u00e8 organizzata e allestita seguendo le attuali disposizioni governative. Il personale della Pro Majano sar\u00e0 costantemente a disposizione del pubblico per ogni esigenza e gli spazi del festival garantiranno, grazie al contingentamento degli ingressi e ai vari percorsi individuati, il necessario rispetto del distanziamento.<\/p>\n","protected":false},"excerpt":{"rendered":"<p>Ecco tutti gli eventi in programma<\/p>\n","protected":false},"author":28,"featured_media":34166,"comment_status":"closed","ping_status":"closed","sticky":false,"template":"","format":"standard","meta":{"dwc-title":[],"dwc-content":[],"footnotes":""},"categories":[37],"tags":[],"class_list":["post-34165","post","type-post","status-publish","format-standard","has-post-thumbnail","hentry","category-cultura-e-spettacolo"],"rttpg_featured_image_url":{"full":["https:\/\/imagazine.it\/wp-content\/uploads\/2024\/01\/35273-1.webp",1000,722,false],"landscape":["https:\/\/imagazine.it\/wp-content\/uploads\/2024\/01\/35273-1.webp",1000,722,false],"portraits":["https:\/\/imagazine.it\/wp-content\/uploads\/2024\/01\/35273-1.webp",1000,722,false],"thumbnail":["https:\/\/imagazine.it\/wp-content\/uploads\/2024\/01\/35273-1-150x150.webp",150,150,true],"medium":["https:\/\/imagazine.it\/wp-content\/uploads\/2024\/01\/35273-1-300x217.webp",300,217,true],"large":["https:\/\/imagazine.it\/wp-content\/uploads\/2024\/01\/35273-1.webp",640,462,false],"thumblist":["https:\/\/imagazine.it\/wp-content\/uploads\/2024\/01\/35273-1.webp",300,217,false],"thumbrelated":["https:\/\/imagazine.it\/wp-content\/uploads\/2024\/01\/35273-1.webp",500,361,false],"meccarouselthumb":["https:\/\/imagazine.it\/wp-content\/uploads\/2024\/01\/35273-1.webp",449,324,false],"gridsquare":["https:\/\/imagazine.it\/wp-content\/uploads\/2024\/01\/35273-1.webp",360,260,false],"tileview":["https:\/\/imagazine.it\/wp-content\/uploads\/2024\/01\/35273-1.webp",300,217,false],"1536x1536":["https:\/\/imagazine.it\/wp-content\/uploads\/2024\/01\/35273-1.webp",1000,722,false],"2048x2048":["https:\/\/imagazine.it\/wp-content\/uploads\/2024\/01\/35273-1.webp",1000,722,false],"newsup-slider-full":["https:\/\/imagazine.it\/wp-content\/uploads\/2024\/01\/35273-1-1000x720.webp",1000,720,true],"newsup-featured":["https:\/\/imagazine.it\/wp-content\/uploads\/2024\/01\/35273-1.webp",1000,722,false],"newsup-medium":["https:\/\/imagazine.it\/wp-content\/uploads\/2024\/01\/35273-1-720x380.webp",720,380,true],"tptn_thumbnail":["https:\/\/imagazine.it\/wp-content\/uploads\/2024\/01\/35273-1.webp",250,181,false],"sow-carousel-default":["https:\/\/imagazine.it\/wp-content\/uploads\/2024\/01\/35273-1-272x182.webp",272,182,true]},"rttpg_author":{"display_name":"redazione","author_link":"https:\/\/imagazine.it\/home_desk\/author\/redazione\/"},"rttpg_comment":0,"rttpg_category":"<a href=\"https:\/\/imagazine.it\/home_desk\/category\/cultura-e-spettacolo\/\" rel=\"category tag\">CULTURA&amp;SPETTACOLO<\/a>","rttpg_excerpt":"Ecco tutti gli eventi in programma","_links":{"self":[{"href":"https:\/\/imagazine.it\/home_desk\/wp-json\/wp\/v2\/posts\/34165","targetHints":{"allow":["GET"]}}],"collection":[{"href":"https:\/\/imagazine.it\/home_desk\/wp-json\/wp\/v2\/posts"}],"about":[{"href":"https:\/\/imagazine.it\/home_desk\/wp-json\/wp\/v2\/types\/post"}],"author":[{"embeddable":true,"href":"https:\/\/imagazine.it\/home_desk\/wp-json\/wp\/v2\/users\/28"}],"replies":[{"embeddable":true,"href":"https:\/\/imagazine.it\/home_desk\/wp-json\/wp\/v2\/comments?post=34165"}],"version-history":[{"count":0,"href":"https:\/\/imagazine.it\/home_desk\/wp-json\/wp\/v2\/posts\/34165\/revisions"}],"wp:featuredmedia":[{"embeddable":true,"href":"https:\/\/imagazine.it\/home_desk\/wp-json\/wp\/v2\/media\/34166"}],"wp:attachment":[{"href":"https:\/\/imagazine.it\/home_desk\/wp-json\/wp\/v2\/media?parent=34165"}],"wp:term":[{"taxonomy":"category","embeddable":true,"href":"https:\/\/imagazine.it\/home_desk\/wp-json\/wp\/v2\/categories?post=34165"},{"taxonomy":"post_tag","embeddable":true,"href":"https:\/\/imagazine.it\/home_desk\/wp-json\/wp\/v2\/tags?post=34165"}],"curies":[{"name":"wp","href":"https:\/\/api.w.org\/{rel}","templated":true}]}}