{"id":34141,"date":"2020-07-28T00:00:00","date_gmt":"2020-07-27T23:00:00","guid":{"rendered":"https:\/\/imagazine.it\/?p=34141"},"modified":"2020-07-28T00:00:00","modified_gmt":"2020-07-27T23:00:00","slug":"pordenonelegge-torna-la-festa-con-gli-autori","status":"publish","type":"post","link":"https:\/\/imagazine.it\/home_desk\/pordenonelegge-torna-la-festa-con-gli-autori\/","title":{"rendered":"Pordenonelegge, torna la festa con gli autori"},"content":{"rendered":"<p>Dal 16 al 20 settembre 2020 si rinnova l\u2019appuntamento con<strong> pordenonelegge<\/strong>, la <strong>Festa del Libro con gli Autori<\/strong>, giunta alla <strong>ventunesima edizione<\/strong>.<\/p>\n<p>In tempi di Coronavirus, l\u2019evento si baser\u00e0 sul senso di responsabilit\u00e0 del pubblico e sulle prenotazioni obbligatorie. Meno autori, quindi, meno incontri, meno location, ma pi\u00f9 sicurezza e partecipazione responsabile, per una festa che potenzier\u00e0 la fruizione degli eventi sul web e coinvolger\u00e0 <strong>sette Comuni della provincia<\/strong> (<strong>Azzano Decimo<\/strong>, <strong>Casarsa della Delizia<\/strong>,<strong> Cordenons<\/strong>,<strong> Maniago<\/strong>,<strong> Sacile, San Vito al Tagliamento <\/strong>e<strong> Spilimbergo<\/strong>).<\/p>\n<p>Il pubblico reale entrer\u00e0 quindi in connubio con il pubblico virtuale, per una partecipazione allargata allo spazio social, grazie alle <strong>oltre 30 dirette live e ai quasi 40 appuntamenti in streaming<\/strong>.<\/p>\n<p>Annunciato il conferimento a <strong>Olga Tokarczuk <\/strong>del <strong>Premio Cr\u00e9dit Agricole FriulAdria La storia in un romanzo<\/strong>, promosso da <strong>Cr\u00e9dit Agricole FriulAdria<\/strong>, per i suoi romanzi fuori dalle regole, brillanti e sorprendenti, capaci di raccogliere il richiamo al nomadismo.<\/p>\n<p>Una novit\u00e0 sar\u00e0 la prima edizione del <strong>Premio Regione Friuli Venezia Giulia \u2013 pordenonelegge<\/strong> per stimolare il racconto della nostra terra da parte dei pi\u00f9 importanti autori contemporanei. Al festival verr\u00e0 annunciato il vincitore e presentato il libro, che racconta una vicenda significativa per conoscere il Friuli Venezia Giulia.<\/p>\n<p>Anche quest\u2019anno a pordenonelegge.it ci saranno <strong>grandi nomi della letteratura italiana e internazionale<\/strong>, con un programma che unisce firme consacrate a scrittori esordienti. A inaugurare ufficialmente il festival sar\u00e0 una serata dedicata allo psicanalista <strong>Massimo Recalcati<\/strong>, che inseguendo le suggestioni del suo ultimo libro dedicato al gesto di Caino parler\u00e0 di fratellanza.<\/p>\n<p>Mentre <strong>Gianrico Carofiglio<\/strong> parler\u00e0 di una delle parole pi\u00f9 rilevanti della nostra lingua, che \u00e8 gentilezza. <strong>Antonio Scurati<\/strong> disquisir\u00e0 invece del secondo capitolo dell\u2019opera narrativa che sta dedicando Benito Mussolini.<\/p>\n<p><strong>Francesco Piccolo<\/strong> dar\u00e0 vita a una lettura dei momenti di trascurabile felicit\u00e0 che ancora costellano la vita quotidiana. <strong>Susanna Tamaro<\/strong> racconter\u00e0 invece una storia semplice che pone domande fondamentali: sui legami che forgiamo tra le anime, sulla nostra capacit\u00e0 di cambiare, sul destino che unisce e separa.<\/p>\n<p><strong>Mauro Corona<\/strong> proporr\u00e0 i suoi racconti di vita e di montagna, e sempre intorno ai temi della montagna, <strong>Franco Brevini <\/strong>parler\u00e0 delle avventure, delle storie e dell\u2019immaginario della neve. <strong>Enrico Brizzi<\/strong> e <strong>Lorenzo Carpan\u00e9<\/strong> si soffermeranno sulla figura di Simone Maestri, uno dei pi\u00f9 gradi arrampicatori classici, soprannominato il ragno delle dolomiti. E ancora <strong>Roberto Mantovani<\/strong> e <strong>Luca Calzolari<\/strong> ripercorreranno la storia del film di alpinismo e arrampicata e, presso la sede pordenonese del CAI, <strong>Franco Michieli<\/strong> racconter\u00e0 di una traversata alpinistica sotto il sole e le stelle, dall&#39;adolescenza verso l\u2019ignoto.<\/p>\n<p><strong>Tullio Avoledo<\/strong> e <strong>Luca Crovi<\/strong> spazieranno, fra passione e analisi, nei territori della crime story italiana. Il giallo sar\u00e0 anche al centro del dialogo fra <strong>Veit Heinichen<\/strong> e <strong>Alessandro Perissinotto<\/strong>, autori di due gialli fortemente ambientati nel presente, sia italiano che americano; e degli incontri con <strong>Loriano Macchiavelli<\/strong>, che propone una raccolta di racconti che vede protagonista il celebre Sarti Antonio; con <strong>Massimo Carlotto<\/strong> che nel suo ultimo romanzo mette in scena giornalisti a caccia di scoop e i politici dall\u2019ambizione sfrenata; con <strong>Francesca Violi<\/strong>, che scrive un noir fortemente ambientato in un veneto riconoscibile, ironico e violento; e con <strong>Ilaria Tuti<\/strong>, che \u00a0nel suo thriller celebra il coraggio e la resilienza delle donne, la capacit\u00e0 di abnegazione di contadine umili ma forti nel desiderio di pace. Di altro tenore il dialogo fra <strong>Enrico Galiano<\/strong> e <strong>Matteo Bussola<\/strong>: attraverso le loro ultime opere, si interrogheranno sulla forza dei sentimenti nella nostra societ\u00e0, e sulla possibilit\u00e0 di raccontarli, pur nei loro conflitti e difficolt\u00e0. Altri dialoghi di sicuro interesse saranno quelli fra <strong>Federica Manzon<\/strong> e <strong>Antonio Moresco<\/strong>, che hanno scritto due romanzi di canto, sogno, immaginazione, invenzione che vedono gli alberi al centro della narrazione; e tra <strong>Paolo Di Stefano<\/strong> e <strong>Filippo La Porta<\/strong>, sul rapporto fra patria e famiglia nella storia italiana. <strong>Filippo La Porta<\/strong> sar\u00e0 anche protagonista di un dialogo con <strong>Marco Damilano<\/strong> dedicato alla figura di Pier Paolo Pasolini.<\/p>\n<p><a href=\"http:\/\/imagazinevideotruck.it\/outlet\/relink_fondazione.html\" target=\"_top\" rel=\"noopener\"><img loading=\"lazy\" decoding=\"async\" align=\"LEFT\" height=\"250\" src=\"http:\/\/imagazinevideotruck.it\/outlet\/fondazione_aquileia.jpg\" width=\"300\" alt=\"\" title=\"\"><\/a><\/p>\n<p>\u00a0<\/p>\n<p>\u00a0<\/p>\n<p>\u00a0<\/p>\n<p>\u00a0<\/p>\n<p>\u00a0<\/p>\n<p>\u00a0<\/p>\n<p>\u00a0<\/p>\n<p>\u00a0<\/p>\n<p>\u00a0<\/p>\n<p>La narrazione della pandemia, fra letteratura, filosofia e autodifesa psicologica, sar\u00e0 il tema del dialogo fra <strong>Paolo Giordano<\/strong> e <strong>Donatella Di Cesare<\/strong>, e dell\u2019incontro con <strong>Chiara Gamberale<\/strong>. <strong>Paolo Rumiz<\/strong> e <strong>Angelo Floramo<\/strong> dialogheranno intorno all\u2019Istria, una regione d\u2019Europa fondamentale, crocevia di nazionalismi e condivisioni, di confine e lingue che si mescolano. Mentre <strong>Alberto Casadei<\/strong> proporr\u00e0 una lezione sulla storia avventurosa della divina commedia, dalla selva oscura alla realt\u00e0 aumentata.<\/p>\n<p><em>Classici Contro<\/em> chiama a raccolta tutti coloro che pensano a un confronto fecondo con il mondo antico sul tema della giustizia terrena e della giustizia divina al centro del dialogo a pi\u00f9 voci DIKE, con la partecipazione di <strong>Alberto Camerotto<\/strong>, <strong>Aglaia McClintock<\/strong>, <strong>Dino Piovan<\/strong> e <strong>Filippomaria Pontani<\/strong>. \u00c8 una felice conferma la presenza <em>dell\u2019Enciclopedia Treccani<\/em>, che propone la presenza di <strong>Valeria Della Valle<\/strong> e <strong>Giuseppe Patota<\/strong> per una riflessione sul valore delle parole; inoltre ci sar\u00e0 <strong>Mariuccia Salvati<\/strong> che dialogher\u00e0 con <strong>Massimo Bray<\/strong> sulla vita e il pensiero politico di Alfredo Reichlin. <strong>Roberto Carnero<\/strong> e <strong>Piero Dorfles<\/strong> discuteranno di come si pu\u00f2 insegnare letteratura alla generazione Z, per ristabilire un legame tra i classici e i giovani. Sempre ai ragazzi e alle loro riflessioni sulla pandemia, si rivolger\u00e0 <strong>Giuseppe Catozzella<\/strong>, testimonial speciale dell&#39;incontro dedicato al contest &#8220;Sposta la tua mente al dopo&#8230; e raccontalo&#8221;. <strong>Paola Cadelli<\/strong> e <strong>Lorenza Stroppa<\/strong> ci porteranno a conoscere pi\u00f9 da vicino i loro romanzi da poco pubblicati. Mentre <strong>Odette Copat<\/strong> ci proporr\u00e0 un divertentissimo viaggio letterario dentro una quotidianit\u00e0 sospesa tra il Friuli e il Veneto.<\/p>\n<p>La collaborazione tra Fuis (Federazione Unitaria Italiana Scrittori) e pordenonelegge con la partecipazione del Fondo Moravia e di Federintermedia, segna una serie di dialoghi dedicati al <strong>racconto.<\/strong> <strong>Gabriele Pedull\u00e0<\/strong> e <strong>Francesco Piccolo<\/strong> discuteranno intorno al racconto dopo il Novecento: tra l\u2019epifania del quotidiano e l\u2019enigma della coscienza. Il \u201cgiallo\u201d in una storia breve, ovvero il succo del thriller oppure una sua diversa spremitura? Sar\u00e0 la domanda a cui proveranno a rispondere <strong>Luca Crovi<\/strong> e <strong>Alessandro Perissinotto<\/strong>. Mentre <strong>Matteo Bussola<\/strong> e <strong>Rossella Milone<\/strong> si soffermeranno sullo \u201cscrivere breve\u201d, tra la narrazione, il commento e l\u2019invenzione di una pausa dentro il tempo. E infine <strong>Maria Ida Gaeta<\/strong>, <strong>Lorenzo Pavolini<\/strong> e <strong>Yari Selvetella<\/strong>, grazie all\u2019analisi e alla riedizione dei racconti di Moravia, ci inviteranno a un confronto (letterario e non) tra la Roma di ieri e quella di oggi.<\/p>\n<p>L\u2019irlandese <strong>Nick Hornby<\/strong> presenter\u00e0 in anteprima il suo ultimo romanzo, in uscita a settembre, una commedia romantica e ironica, con una morale post moderna che sostituisce il classico: \u00abAlla fine vissero felici e contenti\u00bb.<\/p>\n<p>L\u2019americana <strong>Amy Hempel<\/strong> racconter\u00e0 la sua vita di scrittrice attraverso la raccolta di tutti i suoi racconti. Mentre la romanziera francese <strong>Delphine De Vigan<\/strong> porter\u00e0 nel cuore dei sentimenti, con intensa storia a pi\u00f9 voci, scritta con grazia e delicatezza capaci di toccare le corde pi\u00f9 profonde. Uno dei pi\u00f9 grandi attori comici contemporanei, sir <strong>Michael Palin<\/strong>, membro dei geniali <em>Monty Python<\/em>, si presenter\u00e0 in veste di narratore, con la ricostruzione di una vicenda misteriosa e terribile, la scomparsa avvenuta nel 1846 della nave Erebus tra i ghiacci artici. Mentre <strong>Marcela Serrano<\/strong> consegna il racconto delle emozioni e dei sentimenti che si affrontano quando si perde una persona cara. La scrittrice statunitense <strong>Julia Phillips<\/strong> proporr\u00e0 la storia di donne chiamate a sopravvivere alla precariet\u00e0 dell\u2019esistenza e dei legami famigliari, ma unite da quei sentimenti ancestrali che tengono insieme una comunit\u00e0.<\/p>\n<p><a href=\"http:\/\/imagazinevideotruck.it\/outlet\/relink.html\" target=\"_top\" rel=\"noopener\"><img loading=\"lazy\" decoding=\"async\" align=\"LEFT\" height=\"250\" src=\"http:\/\/imagazinevideotruck.it\/outlet\/outlet30.gif\" width=\"300\" alt=\"\" title=\"\"><\/a><\/p>\n<p>\u00a0<\/p>\n<p>\u00a0<\/p>\n<p>\u00a0<\/p>\n<p>\u00a0<\/p>\n<p>\u00a0<\/p>\n<p>\u00a0<\/p>\n<p>\u00a0<\/p>\n<p>\u00a0<\/p>\n<p>\u00a0<\/p>\n<p>Cospicua a pordenonelegge la presenza di alcuni dei pi\u00f9 noti giornalisti italiani: innanzitutto <strong>Corrado Augias<\/strong> parler\u00e0 del suo breviario per un confuso presente. <strong>Aldo Cazzullo<\/strong> presenter\u00e0 in anteprima il suo nuovo libro, dedicato a Dante. <strong>Beppe Severgnini<\/strong> sar\u00e0 tra i protagonisti di Pordenonelegge per presentare il suo nuovo libro: uno sguardo verso il futuro e il cambiamento, all\u2019indomani della pandemia. <strong>Federico<\/strong> <strong>Rampini<\/strong> metter\u00e0 invece a confronto il modello orientale con quello Occidentale: ora che la pandemia li ha messi entrambi in ginocchio, resta da scoprire chi si risollever\u00e0 per primo. Sulla stessa lunghezza d\u2019onda saranno gli incontri con <strong>Gennaro Sangiuliano<\/strong> che delinea nello scontro fra Donald Trump e Xi Jinping le caratteristiche di una nuova guerra fredda; con <strong>Maurizio Molinari<\/strong> che proporr\u00e0 un atlante dei conflitti nel mondo, dove esplodono le disuguaglianze, dove si formano nuove coalizioni e nuove guerre; con <strong>Alessandro Aresu<\/strong> che descrive in dettaglio il conflitto tra diritto ed economia in atto tra Stati Uniti e Cina; e infine con <strong>Francesco De Filippo<\/strong> che compie un\u2019analisi sul rapporto storico tra l\u2019uomo e l\u2019animale, che risale alla durissima civilt\u00e0 contadina, mettendo a confronto i modelli orientale o occidentale, che oggi appaiono agli antipodi.<\/p>\n<p>Di cambiamenti climatici ci parler\u00e0 <strong>Riccardo Bocca<\/strong>, con otto storie di persone decise a salvare il mondo. <strong>Massimiliano Panarari<\/strong> e <strong>Guido Gili<\/strong> discuteranno invece intorno alla credibilit\u00e0 politica: radici, forme, prospettive di un concetto inattuale. <strong>Annamaria Testa<\/strong> porter\u00e0 a fare un viaggio nella creativit\u00e0 per comunicare in un mondo che cambia. <strong>Antonio Loperfido<\/strong> spiegher\u00e0 come la difficolt\u00e0 di distinguere ci\u00f2 che \u00e8 reale da ci\u00f2 che \u00e8 virtuale stanno cambiando anche la relazione tra l&#39;individuo e la propria morte. Dal palco di pordenonelegge<strong> Andrea Segr\u00e8<\/strong> e <strong>Ilaria Pertot<\/strong> lanceranno la pi\u00f9 grande esperienza di scrittura condivisa per immaginare il nostro futuro, con il progetto scientifico: &#8220;\u2026e poi?\u201d \u00a0Mentre il tema dell\u2019incontro con <strong>Gian Carlo Caselli<\/strong> sar\u00e0 quanto mai attuale: lo stress economico e il rispetto delle norme in tempi di emergenza. Di rilievo la presenza di <strong>Paola Deffendi<\/strong> e <strong>Claudio Regeni<\/strong> che racconteranno la loro lotta affinch\u00e9 sia fatta chiarezza sulla cattura e l\u2019uccisione di loro figlio, Giulio Regeni, perch\u00e9 la verit\u00e0 e la giustizia sono diritti e spettano a tutti i cittadini.<br \/> <strong>Oscar Di Montigny<\/strong> far\u00e0 appello all&#39;impegno e alla responsabilit\u00e0 di tutti noi: grazie alla vocazione alla gratitudine potremo rispondere alle sfide che la nuova epoca ci pone. <strong>Rita Dalla Chiesa<\/strong>, in anteprima, porter\u00e0 un appassionato ricordo del padre, il Generale Carlo Alberto Dalla Chiesa, a 100 anni dalla nascita. I castelli friulani saranno al centro dell\u2019incontro con <strong>Marco Salvador<\/strong> e <strong>Matteo Salvador<\/strong>: un viaggio dentro le mura antiche a scoprirne i segreti e la vita quotidiana. Mentre dalla scoperta dello scrittore scozzese Saki, da parte di <strong>Carlo Galante<\/strong> nascono tre racconti concertanti, che presenter\u00e0 a pordenonelegge insieme a <strong>Eddi De Nadai<\/strong>. <strong>Daniele Cassioli<\/strong>, campione non vedente di sci nautico, ci far\u00e0 scoprire che la forza necessaria per superare i nostri limiti \u00e8 gi\u00e0 dentro di noi. Per finire <strong>Andrea Spinelli<\/strong>, malato di cancro inoperabile, ci spiegher\u00e0 come procede nella vita a piccoli passi, lungo le Vie del mondo ma anche nel cuore delle persone.<\/p>\n<p><strong>L\u2019economia <\/strong>sar\u00e0 il tema di diversi incontri, che mirano all\u2019analisi del presente quando al racconto di singole esperienze imprenditoriali. Innanzitutto, ospite di assoluto rilievo, il premio Nobel <strong>Joseph Stiglitz<\/strong>, ci racconter\u00e0 come il consolidamento del potere del mercato specie nella finanza e nell\u2019industria tecnologica ha portato a un\u2019esplosione della disuguaglianza. <strong>Leonardo Becchetti<\/strong> sar\u00e0 invece protagonista di un incontro su una idea di economia civile e di finanza etica. <strong>Valentino Mercati<\/strong> e <strong>Giancarlo Broggian<\/strong> (con la partecipazione di <strong>Alessandro Zaltron<\/strong>), in due diversi incontri a loro dedicati, racconteranno le loro vite di imprenditori di successo, nell\u2019ambito dei prodotti erboristici e dell\u2019informatica tributaria. Da parte sua,<strong> Silvia Zanella <\/strong>spiegher\u00e0 che il futuro del lavoro \u00e8 femmina perch\u00e9 femminili sono le competenze che saranno sempre pi\u00f9 richieste in ambito professionale.<\/p>\n<p>Previsti anche incontri dedicati<strong> alla storia, alla scienza e alla filosofia<\/strong>. Innanzitutto <strong>David Quammen<\/strong>, autore del celebre <em>Spillover<\/em>, parler\u00e0 del suo ultimo libro, una ricerca appassionata sull\u2019intricato albero filogenetico della vita umana. <strong>Jim Al-Kh<br \/>\nlili<\/strong> racconter\u00e0 come \u00e8 il mondo secondo la fisica, definendo e spiegando nel dettaglio i concetti di spazio, tempo, energia e materia.<strong> Chiara Valerio<\/strong> crede che la matematica rivista come prassi politica, e non solo come teoria, \u00e8 un formidabile esercizio di democrazia. <strong>Mario Colucci<\/strong>, <strong>Pier Aldo Rovatti<\/strong> e <strong>Francesco Stoppa<\/strong> dialogheranno su un grande della psicanalisi, Jacques Lacan, visto come crocevia di altri luoghi del pensiero contemporaneo. <strong>Andrea Moro<\/strong> e <strong>Giorgio Vallortigara<\/strong> entreranno invece nel funzionamento del cervello, tra linguistica e neuroscienze, studiando i comportamenti e la comunicazione dell\u2019uomo. La tesi di <strong>Luciano Floridi<\/strong> \u00e8 che, in una societ\u00e0 matura dell\u2019informazione, il progetto umano deve essere etico e unire politiche verdi (economia green, circolare e dello share) e politiche blu (economia digitale e dell\u2019informazione). <strong>Renato De Zan<\/strong> e <strong>Nicola Vegro<\/strong> dialogheranno invece intorno alla vita di Sant\u2019Antonio da Padova, che ha come sfondo un\u2019epoca ricca e complessa, piena di grandi fervori e aspri conflitti religiosi.<\/p>\n<p><strong>L\u2019arte<\/strong> sar\u00e0 al centro di alcuni incontri. <strong>Philippe Daverio<\/strong> presenter\u00e0 in anteprima il suo ultimo libro: un \u201cinvito al viaggio\u201d, un itinerario \u201clento\u201d e suggestivo alla scoperta di un territorio ricco di tracce e testimonianze della storia e dell\u2019arte che uniscono tutti gli europei. Europa artistica anche con <strong>Flavio Caroli<\/strong>, in dialogo con <strong>Maurizio Cucchi<\/strong>, che ricorder\u00e0 il dovere di gratitudine verso i capolavori imprescindibili del nostro continente. Mentre <strong>Antonio Forcellino<\/strong>, partendo dal suo romanzo affresco del Rinascimento, proporr\u00e0 una lezione su Raffaello. <strong>Nicola Gardini<\/strong> discuter\u00e0 con <strong>Fulvio Dell\u2019Agnese<\/strong> degli intrecci fra parola scritta e immagine artistica con una massima per guida: \u00abtogli in abbondanza\u00bb. <strong>Massimo Don\u00e0<\/strong>, <strong>Caterina Furlan<\/strong>, <strong>Chiara Tavella<\/strong> entreranno invece nell\u2019opera di Carlo Invernizzi, ripercorrendone la ricerca poetica e visiva sui margini dell\u2019indicibile. <strong>Mario Cresci<\/strong>, in conversazione con <strong>Achille Filipponi<\/strong>, parler\u00e0 della sua opera fotografica.<\/p>\n<p>\u00a0<\/p>\n<p>Dalla collaborazione fra <strong>pordenonelegge e Paff<\/strong>, nascono una serie di incontri intorno al mondo del <strong>fumetto<\/strong>. Si presenter\u00e0 infatti <em>Lockdown Chronicles: <\/em>testimonianze sul corona virus dalla quarantena di 100 fumettisti famosi; <em>Il Muro 1- Homo homini lupus<\/em> di <strong>Mario Alberti<\/strong>; <em>DIGITAL DIVIDE Quaderno Jazz<\/em>, con testo di <strong>Franco Bergoglio<\/strong>, disegni di <strong>Marco Tonus<\/strong>, brano di <strong>Paolo Jus<\/strong>. Mentre <strong>Edoardo Zanon<\/strong> ci parler\u00e0 del rapporto con il volo di Leonardo Da Vinci, dallo studio degli uccelli alla progettazione di una macchina volante; infine un incontro avr\u00e0 come protagonista <strong>Lorenzo Pastrovicchio<\/strong>.<\/p>\n<p>Spazio anche per la cultura <strong>enogastromica<\/strong> grazie agli incontri con <strong>Marco Bianchi<\/strong> che torna con un libro dedicato alla dieta mediterranea, con ricette gustosissime, illustrazioni sorprendenti e pillole scientifiche; e con <strong>Damiano Carrara<\/strong> che ci racconter\u00e0 le tecniche raffinate della pasticceria contemporanea, abbinando prodotti tradizionali ad altri innovativi.<\/p>\n<p>Anche per questa edizione 2020 spicca il programma di poesia. Verr\u00e0 offerta un\u2019anteprima del <strong>Premio<\/strong>, voluto dalla <strong>Regione Friuli Venezia Giulia<\/strong> e dal <strong>Comune di Trieste<\/strong>, in collaborazione con la Fondazione pordenonelegge. Se la poesia \u00e8 quell<span dir=\"RTL\">\u2019<\/span>appello alla lingua che la rende modello di creazione e simbolo del valore etico, il Premio (la cui giuria sar\u00e0 presieduta da <strong>Claudio Grisancich<\/strong> e composta da <strong>Roberto Galaverni<\/strong>, <strong>Franca Mancinelli<\/strong>, <strong>Antonio Riccardi<\/strong> e <strong>Gian Mario Villalta<\/strong>), \u00e8 volto a incrementare l<span dir=\"RTL\">\u2019<\/span>attenzione sulla straordinaria stagione poetica novecentesca del Friuli Venezia Giulia, proponendosi inoltre come luogo d\u2019incontro e di conoscenza della poesia e della cultura, nel riconoscimento dell\u2019importanza di Trieste per la letteratura italiana e europea.<\/p>\n<p>Va ricordato il lavoro editoriale di pordenonelegge in collaborazione con l<span dir=\"RTL\">\u2019<\/span>editore <strong>LietoColle<\/strong>, nelle due versioni cartaceo e e-book, e in autonomia solo in versione e-book. Per tale risultato, oltre a Michelangelo Camelliti, che e\u0300 l<span dir=\"RTL\">\u2019<\/span>editore LietoColle, si riconoscono i contributi di Augusto Pivanti, valido sostegno per le <span dir=\"RTL\">\u201c<\/span>Gialle\u201d, e di Roberto Cescon. In particolare per il settimo anno ritorna <span dir=\"RTL\">\u201c<\/span><strong>La Gialla<\/strong>\u201d con le quattro nuove proposte del 2020, <strong>Prisca Agustoni, Luca Bresciani, Daniele Cellotto e Giorgia Esposito<\/strong>: sono opere che offrono esordi o consolidano voci poetiche gia\u0300 note, riunite in una comune intenzione, che e\u0300 ancora una volta quella di ascoltare voci sincere e di <span dir=\"RTL\">\u201c<\/span>dare credito alla poesia\u201d. Inoltre per il quinto anno la <span dir=\"RTL\">\u201c<\/span><strong>Gialla Oro<\/strong>\u201d consacra il nuovo spazio editoriale con cinque autori di grande rilievo nel panorama nazionale: <strong>Nadia Agustoni, Massimo Bocchiola, Alberto Casiraghy, Giulio Mozzi <\/strong>e<strong> Luisa Pianzola<\/strong>. E\u0300 la risposta alla richiesta di una partecipazione piu\u0300 ampia e condivisa che nasce nei luoghi dove la scrittura poetica trova una sua casa. La\u0300 dove non osano i grandi editori, pordenonelegge si prende la responsabilita\u0300 di puntare su una poesia che rinnova voce e tematiche della tradizione.<\/p>\n<p>Novit\u00e0 di quest\u2019anno \u00e8 <span dir=\"RTL\">\u201c<\/span><strong>Esordi<\/strong>\u201d, un ebook che raccoglie le sillogi di tre autori (scelti\u00a0dal comitato di lettura composto da <strong>Roberto Cescon<\/strong>, <strong>Azzurra D<\/strong><strong><span dir=\"RTL\">\u2019<\/span><\/strong><strong>Agostino, Tommaso Di Dio, Massimo Gezzi e Franca Mancinelli<\/strong>), che prima d\u2019ora non hanno mai pubblicato un\u2019opera compiuta. In particolare sono <strong>Alessia Bettin, Lorenzo Di Palma e Luigi Fasciana <\/strong>i tre <strong><span dir=\"RTL\">\u201c<\/span><\/strong><strong>esordienti\u201d <\/strong>del <strong>2020<\/strong>: tre voci inedite che sorprendono e meritano credito, \u00abperch\u00e9 esordire \u2013 spiega il coordinatore del progetto Roberto Cescon &#8211; rivela la fiducia che l<span dir=\"RTL\">\u2019<\/span>esistere sia un atto in qualche modo rivoluzionario, anche quando si tratti di un singolo chicco che spinge nel buio della terra\u00bb.<\/p>\n<p>Quest<span dir=\"RTL\">\u2019<\/span>anno ci sar\u00e0 la seconda edizione de <strong>I poeti di vent<\/strong><strong><span dir=\"RTL\">\u2019<\/span><\/strong><strong>anni. Premio Pordenonelegge Poesia<\/strong>, promosso da Fondazione Pordenonelegge in collaborazione con Camera di Commercio di Pordenone &#8211; Udine, Cr\u00e9dit Agricole FriulAdria, Teatro Comunale Giuseppe Verdi Pordenone e Best Western Plus Park Hotel Pordenone, e con il quale pordenonelegge rinnova un<span dir=\"RTL\">\u2019<\/span>attenzione gia\u0300 consolidata per la poesia, che nel tempo ha saputo sia porre questioni sull<span dir=\"RTL\">\u2019<\/span>orizzonte di un genere che muta pelle tra le generazioni, sia coinvolgere chi scrive e legge poesia in iniziative di rilievo. Anche in questo caso pordenonelegge continua con immutata passione a cercare il fare poetico che si rinnova, dedicando il premio ai nati dall<span dir=\"RTL\">\u2019<\/span>1\u00b0 gennaio 1990 al 31 dicembre 1999. Il vincitore verra\u0300 proclamato tra i finalisti <strong>Valeria Cagnazzo<\/strong>, <strong>Riccardo Canaletti<\/strong> e <strong>Francesca Santucci<\/strong>. La giuria che li ha selezionati \u00e8 composta da <strong>Roberto Cescon, Azzurra D<\/strong><strong><span dir=\"RTL\">\u2019<\/span><\/strong><strong>Agostino, Tommaso Di Dio, Massimo Gezzi e Franca Mancinelli<\/strong>.<\/p>\n<p>Sempre pi\u00f9 di frequente le vite dei poeti vengono raccontate attraverso le immagini, la loro voce e quella di chi li ha conosciuti, nei luoghi da loro vissuti e evocati. Ne vengono fuori intensi ritratti sull\u2019uomo e la sua opera, talora intrecciate, in altri casi ineffabilmente discoste. Ecco dunque un\u2019altra novit\u00e0 del programma di poesia legata alla proiezione, in collaborazione con<strong> CinemaZero<\/strong>, di preziosi <strong>documentari<\/strong> su tre importanti poeti: \u201cLibellula gentile\u201d su <strong>Fabio Pusterla<\/strong> (2019, regia di <strong>Francesco Ferri<\/strong>), \u201cIn un futuro aprile\u201d su <strong>Pier Paolo Pasolini <\/strong>(2019, regia di <strong>Francesco Costabile<\/strong> e <strong>Federico Savonitto<\/strong>) e, in anteprima per il festival, \u201cDentro il polittico. Franco Buffoni, impegno civile e poesia\u201d su <strong>Franco Buffoni<\/strong> (2020, regia di <strong>Davide Minotti<\/strong>).<\/p>\n<p><strong>Alberto Bertoni<\/strong> affronter\u00e0 la questione del &#8220;fare poesia&#8221; dopo la Shoah, ponendo le voci fondanti del secondo Novecento (da Levi a Celan, da Char a Wittgenstein, ma anche Kafka e Heidegger) al centro di un dialogo esemplare per comprendere la svolta della letteratura, e soprattutto della poesia, dopo Auschwitz. <strong>Alberto Casadei <\/strong>terr\u00e0 una lezione sulla figura di <strong>Dante<\/strong> e sulle rinnovate interpretazioni che attraversano la sua opera, per \u201cusare bene\u201d il prossimo memorabile centenario dantesco. <strong>Annarita Briganti <\/strong>e <strong>Renzo Paris<\/strong> ci condurranno dentro le vite di <strong>Alda Merini <\/strong>e <strong>Amelia Rosselli<\/strong>, due figure per molti versi distanti nel loro sguardo sulla poesia e sul mondo, ma che hanno saputo coinvolgere con differenti esiti un largo pubblico. <strong>Laura Pugno<\/strong> e <strong>Giulio Mozzi<\/strong> dialogheranno intorno al loro \u201cOracolo manuale per poeti e poeti\u201d, una guida su che cosa sia davvero la poesia e su come si faccia: dalle scelte metriche all&#39;uso delle immagini, dai registri linguistici alla messa in scena dell&#39;io, dalla natura della verit\u00e0 poetica alla funzione sociale della poesia. In occasione della nuova traduzione delle sue poesie, il poeta polacco <strong>Adam Zagajevski<\/strong> parler\u00e0 della sua opera, \u201cAsimmetria e altre poesie\u201d, in cui la vita e la storia sono colte da una prospettiva obliqua, che si carica di risonanze etiche. <strong>M\u00e1rcia Te<\/strong><strong>\u00f3<\/strong><strong>philo<\/strong> e <strong>Giuseppe Conte<\/strong> dialogheranno sul ritmo della natura, dove sono convocate figure umane e mitologiche, in un mescolarsi di reale e magico, e dove agisce l\u2019energia della lingua, nel movimento di un continuo rinascere. <strong>Paolo Ruffilli <\/strong>presenter\u00e0 la sua ultima raccolta \u201cLe cose del mondo\u201d: un atlante anatomico, un viaggio per aprirsi agli incontri e agli oggetti del mondo, e un ritorno per meditare sulle incertezze e equivoci degli umani rapporti, tra vuoto, amore e violenza. <strong>Nicola Crocetti<\/strong>, una delle pi\u00f9 significative voci presenze per la poesia in Italia con il suo marchio editoriale e, dal gennaio 1988, con la rivista mensile \u201cPoesia&#8221;, rinnova la sua attivit\u00e0 con l<span dir=\"RTL\">\u2019<\/span>ingresso nel Gruppo Feltrinelli, per valorizzarla nel segno della continuit\u00e0. Tra memoria e futuro, ci racconter\u00e0 questa nuova direzione del presente.\u00a0<\/p>\n<p>Non poteva mancare a pordenonelegge l<span dir=\"RTL\">\u2019<\/span>attenzione per la poesia nelle lingue minori, con la presenza del rinnovato <strong>Premio Giuseppe Malattia della Vallata<\/strong> e del <strong>Premio Pierluigi Cappello<\/strong> con <strong>Marcello Marciani <\/strong>e <strong>Giusi Quarenghi<\/strong>, insieme a <strong>Aldo Colonnello, Fabio Franzin, Valentina Gasparet, Roberto Malattia, Maurizio Salvador e Giacomo Vit<\/strong>.<\/p>\n<p>I nuovi libri di poesia di <strong>Nicoletta Bidoia, Alessandro Canzian,<\/strong><strong> Andrea Longega, Gianni Montieri, Daniele Orso<\/strong> e <strong>Anna Toscano<\/strong> saranno protagonisti di due letture-interviste. Inoltre conosceremo tre nuove voci della poesia friulana, che sempre pi\u00f9 stanno acquistando consenso in Italia: <strong>Enrico Giacomini, Carlo Selan <\/strong>e <strong>Alessandro Stoppa<\/strong>.<\/p>\n","protected":false},"excerpt":{"rendered":"<p>Dal 16 al 20 settembre<\/p>\n","protected":false},"author":28,"featured_media":34142,"comment_status":"closed","ping_status":"closed","sticky":false,"template":"","format":"standard","meta":{"dwc-title":[],"dwc-content":[],"footnotes":""},"categories":[37],"tags":[],"class_list":["post-34141","post","type-post","status-publish","format-standard","has-post-thumbnail","hentry","category-cultura-e-spettacolo"],"rttpg_featured_image_url":{"full":["https:\/\/imagazine.it\/wp-content\/uploads\/2024\/01\/35206-1.webp",1000,667,false],"landscape":["https:\/\/imagazine.it\/wp-content\/uploads\/2024\/01\/35206-1.webp",1000,667,false],"portraits":["https:\/\/imagazine.it\/wp-content\/uploads\/2024\/01\/35206-1.webp",1000,667,false],"thumbnail":["https:\/\/imagazine.it\/wp-content\/uploads\/2024\/01\/35206-1-150x150.webp",150,150,true],"medium":["https:\/\/imagazine.it\/wp-content\/uploads\/2024\/01\/35206-1-300x200.webp",300,200,true],"large":["https:\/\/imagazine.it\/wp-content\/uploads\/2024\/01\/35206-1.webp",640,427,false],"thumblist":["https:\/\/imagazine.it\/wp-content\/uploads\/2024\/01\/35206-1.webp",300,200,false],"thumbrelated":["https:\/\/imagazine.it\/wp-content\/uploads\/2024\/01\/35206-1.webp",500,334,false],"meccarouselthumb":["https:\/\/imagazine.it\/wp-content\/uploads\/2024\/01\/35206-1.webp",474,316,false],"gridsquare":["https:\/\/imagazine.it\/wp-content\/uploads\/2024\/01\/35206-1.webp",391,260,false],"tileview":["https:\/\/imagazine.it\/wp-content\/uploads\/2024\/01\/35206-1.webp",300,200,false],"1536x1536":["https:\/\/imagazine.it\/wp-content\/uploads\/2024\/01\/35206-1.webp",1000,667,false],"2048x2048":["https:\/\/imagazine.it\/wp-content\/uploads\/2024\/01\/35206-1.webp",1000,667,false],"newsup-slider-full":["https:\/\/imagazine.it\/wp-content\/uploads\/2024\/01\/35206-1.webp",1000,667,false],"newsup-featured":["https:\/\/imagazine.it\/wp-content\/uploads\/2024\/01\/35206-1.webp",1000,667,false],"newsup-medium":["https:\/\/imagazine.it\/wp-content\/uploads\/2024\/01\/35206-1-720x380.webp",720,380,true],"tptn_thumbnail":["https:\/\/imagazine.it\/wp-content\/uploads\/2024\/01\/35206-1.webp",250,167,false],"sow-carousel-default":["https:\/\/imagazine.it\/wp-content\/uploads\/2024\/01\/35206-1-272x182.webp",272,182,true]},"rttpg_author":{"display_name":"redazione","author_link":"https:\/\/imagazine.it\/home_desk\/author\/redazione\/"},"rttpg_comment":0,"rttpg_category":"<a href=\"https:\/\/imagazine.it\/home_desk\/category\/cultura-e-spettacolo\/\" rel=\"category tag\">CULTURA&amp;SPETTACOLO<\/a>","rttpg_excerpt":"Dal 16 al 20 settembre","_links":{"self":[{"href":"https:\/\/imagazine.it\/home_desk\/wp-json\/wp\/v2\/posts\/34141","targetHints":{"allow":["GET"]}}],"collection":[{"href":"https:\/\/imagazine.it\/home_desk\/wp-json\/wp\/v2\/posts"}],"about":[{"href":"https:\/\/imagazine.it\/home_desk\/wp-json\/wp\/v2\/types\/post"}],"author":[{"embeddable":true,"href":"https:\/\/imagazine.it\/home_desk\/wp-json\/wp\/v2\/users\/28"}],"replies":[{"embeddable":true,"href":"https:\/\/imagazine.it\/home_desk\/wp-json\/wp\/v2\/comments?post=34141"}],"version-history":[{"count":0,"href":"https:\/\/imagazine.it\/home_desk\/wp-json\/wp\/v2\/posts\/34141\/revisions"}],"wp:featuredmedia":[{"embeddable":true,"href":"https:\/\/imagazine.it\/home_desk\/wp-json\/wp\/v2\/media\/34142"}],"wp:attachment":[{"href":"https:\/\/imagazine.it\/home_desk\/wp-json\/wp\/v2\/media?parent=34141"}],"wp:term":[{"taxonomy":"category","embeddable":true,"href":"https:\/\/imagazine.it\/home_desk\/wp-json\/wp\/v2\/categories?post=34141"},{"taxonomy":"post_tag","embeddable":true,"href":"https:\/\/imagazine.it\/home_desk\/wp-json\/wp\/v2\/tags?post=34141"}],"curies":[{"name":"wp","href":"https:\/\/api.w.org\/{rel}","templated":true}]}}