{"id":34135,"date":"2020-07-28T00:00:00","date_gmt":"2020-07-27T23:00:00","guid":{"rendered":"https:\/\/imagazine.it\/?p=34135"},"modified":"2020-07-28T00:00:00","modified_gmt":"2020-07-27T23:00:00","slug":"trieste-tasse-universitarie-piu-basse-dellintero-triveneto","status":"publish","type":"post","link":"https:\/\/imagazine.it\/home_desk\/trieste-tasse-universitarie-piu-basse-dellintero-triveneto\/","title":{"rendered":"Trieste, tasse universitarie pi\u00f9 basse dell&#8217;intero Triveneto"},"content":{"rendered":"<p>L\u2019Universit\u00e0 di Trieste amplia la sua No Tax Area per contrastare gli effetti negativi del Covid sulle finanze degli studenti e delle loro famiglie.<\/p>\n<p>Il primo risultato \u00e8 che nessuno pagher\u00e0 pi\u00f9 tasse dello scorso anno e tanti studenti potranno pagare di meno: si stima che siano pi\u00f9 di 6.500 gli aventi diritto all&#39;abolizione o alla riduzione delle tasse grazie a un impegno straordinario dei fondi di ateneo a favore del diritto allo studio per pi\u00f9 di 750.000 euro.<\/p>\n<p>L\u2019ampliamento della No Tax area permetter\u00e0 a chi ha un Isee 2020 per l\u2019Universit\u00e0 inferiore a 25.000 euro di non pagare le tasse universitarie.<\/p>\n<p>Inoltre, tutti i nuovi immatricolati pagheranno la prima rata in misura ridotta rispetto agli anni precedenti: da 590 a 250 euro. Un esempio: chi ha un ISEE tra 25.000 e 30.000 euro pagher\u00e0 meno della met\u00e0 e cio\u00e8 una tassa progressiva da 272 a 527 euro contro un massimo di legge di 588 e 1071 euro.<\/p>\n<p><a href=\"http:\/\/imagazinevideotruck.it\/outlet\/relink_fondazione.html\" target=\"_top\" rel=\"noopener\"><img loading=\"lazy\" decoding=\"async\" align=\"LEFT\" height=\"250\" src=\"http:\/\/imagazinevideotruck.it\/outlet\/fondazione_aquileia.jpg\" width=\"300\" alt=\"\" title=\"\"><\/a><\/p>\n<p>\u00a0<\/p>\n<p>\u00a0<\/p>\n<p>\u00a0<\/p>\n<p>\u00a0<\/p>\n<p>\u00a0<\/p>\n<p>\u00a0<\/p>\n<p>\u00a0<\/p>\n<p>\u00a0<\/p>\n<p>\u00a0<\/p>\n<p>Per gli studenti meritevoli l\u2019Ateneo triestino conferma un impegno pari a 700.000 euro per attuare un ulteriore sconto delle tasse di 450, 300 o 150 euro per quelli che sono rispettivamente nel miglior 7%, 14% e 20% tra gli studenti di ciascun corso di studio.<\/p>\n<p>Le matricole pi\u00f9 brillanti, coloro che hanno preso 100 o 99, 98 o 97, 96 o 95 alla maturit\u00e0, avranno una riduzione rispettivamente di 450, 300 o 150 euro.<\/p>\n<p>Gli studenti UniTS potranno presentare l&#39;ISEE fino a tutto l&#39;anno in corso con possibilit\u00e0 di utilizzare l&#39;ISEE corrente.<\/p>\n<p>Inoltre l&#39;Ateneo ha predisposto ulteriori misure e iniziative: l\u2019agevolazioni nella fruizione della didattica a distanza (abolizione dei contributi previsti per studenti lavoratori); l\u2019 estensione del WiFi gratuito su tutto il territorio del Comune di Trieste; l\u2019attivit\u00e0 di acquisizione di ulteriori fondi (a oggi 350.000 euro) per ridurre e abbattere la tassazione dell\u2019anno accademico 2019-2020 a fronte della presentazione dell&#39;ISEE corrente.<\/p>\n<p>&#8220;Si tratta di una grande scommessa e di un grande investimento sul futuro che l\u2019Universit\u00e0 di Trieste mette in campo, insieme ad altri investimenti straordinari in tecnologia per la didattica &#8211; commenta il rettore <strong>Roberto Di Lenarda\u00a0<\/strong>-. L&#39;istruzione \u00e8 l&#39;unico ascensore sociale e tutti devono potervi accedere. Per questo motivo quest&#39;anno abbiamo fatto una straordinaria operazione di riduzione delle tasse, che ci ha reso l&#39;ateneo triveneto con le imposte pi\u00f9 basse, soprattutto per i redditi fino a 50.000 euro di Isee. Cos\u00ec come confermato dagli stessi studenti rappresentanti negli organismi di governo di Ateneo&#8221;.<\/p>\n","protected":false},"excerpt":{"rendered":"<p>La conferma del Rettore<\/p>\n","protected":false},"author":28,"featured_media":34136,"comment_status":"closed","ping_status":"closed","sticky":false,"template":"","format":"standard","meta":{"dwc-title":[],"dwc-content":[],"footnotes":""},"categories":[5],"tags":[],"class_list":["post-34135","post","type-post","status-publish","format-standard","has-post-thumbnail","hentry","category-attualita"],"rttpg_featured_image_url":{"full":["https:\/\/imagazine.it\/wp-content\/uploads\/2024\/01\/35200-1.webp",1000,532,false],"landscape":["https:\/\/imagazine.it\/wp-content\/uploads\/2024\/01\/35200-1.webp",1000,532,false],"portraits":["https:\/\/imagazine.it\/wp-content\/uploads\/2024\/01\/35200-1.webp",1000,532,false],"thumbnail":["https:\/\/imagazine.it\/wp-content\/uploads\/2024\/01\/35200-1-150x150.webp",150,150,true],"medium":["https:\/\/imagazine.it\/wp-content\/uploads\/2024\/01\/35200-1-300x160.webp",300,160,true],"large":["https:\/\/imagazine.it\/wp-content\/uploads\/2024\/01\/35200-1.webp",640,340,false],"thumblist":["https:\/\/imagazine.it\/wp-content\/uploads\/2024\/01\/35200-1.webp",300,160,false],"thumbrelated":["https:\/\/imagazine.it\/wp-content\/uploads\/2024\/01\/35200-1.webp",500,266,false],"meccarouselthumb":["https:\/\/imagazine.it\/wp-content\/uploads\/2024\/01\/35200-1.webp",474,252,false],"gridsquare":["https:\/\/imagazine.it\/wp-content\/uploads\/2024\/01\/35200-1.webp",391,208,false],"tileview":["https:\/\/imagazine.it\/wp-content\/uploads\/2024\/01\/35200-1.webp",300,160,false],"1536x1536":["https:\/\/imagazine.it\/wp-content\/uploads\/2024\/01\/35200-1.webp",1000,532,false],"2048x2048":["https:\/\/imagazine.it\/wp-content\/uploads\/2024\/01\/35200-1.webp",1000,532,false],"newsup-slider-full":["https:\/\/imagazine.it\/wp-content\/uploads\/2024\/01\/35200-1.webp",1000,532,false],"newsup-featured":["https:\/\/imagazine.it\/wp-content\/uploads\/2024\/01\/35200-1.webp",1000,532,false],"newsup-medium":["https:\/\/imagazine.it\/wp-content\/uploads\/2024\/01\/35200-1-720x380.webp",720,380,true],"tptn_thumbnail":["https:\/\/imagazine.it\/wp-content\/uploads\/2024\/01\/35200-1.webp",250,133,false],"sow-carousel-default":["https:\/\/imagazine.it\/wp-content\/uploads\/2024\/01\/35200-1-272x182.webp",272,182,true]},"rttpg_author":{"display_name":"redazione","author_link":"https:\/\/imagazine.it\/home_desk\/author\/redazione\/"},"rttpg_comment":0,"rttpg_category":"<a href=\"https:\/\/imagazine.it\/home_desk\/category\/attualita\/\" rel=\"category tag\">ATTUALIT\u00c0<\/a>","rttpg_excerpt":"La conferma del Rettore","_links":{"self":[{"href":"https:\/\/imagazine.it\/home_desk\/wp-json\/wp\/v2\/posts\/34135","targetHints":{"allow":["GET"]}}],"collection":[{"href":"https:\/\/imagazine.it\/home_desk\/wp-json\/wp\/v2\/posts"}],"about":[{"href":"https:\/\/imagazine.it\/home_desk\/wp-json\/wp\/v2\/types\/post"}],"author":[{"embeddable":true,"href":"https:\/\/imagazine.it\/home_desk\/wp-json\/wp\/v2\/users\/28"}],"replies":[{"embeddable":true,"href":"https:\/\/imagazine.it\/home_desk\/wp-json\/wp\/v2\/comments?post=34135"}],"version-history":[{"count":0,"href":"https:\/\/imagazine.it\/home_desk\/wp-json\/wp\/v2\/posts\/34135\/revisions"}],"wp:featuredmedia":[{"embeddable":true,"href":"https:\/\/imagazine.it\/home_desk\/wp-json\/wp\/v2\/media\/34136"}],"wp:attachment":[{"href":"https:\/\/imagazine.it\/home_desk\/wp-json\/wp\/v2\/media?parent=34135"}],"wp:term":[{"taxonomy":"category","embeddable":true,"href":"https:\/\/imagazine.it\/home_desk\/wp-json\/wp\/v2\/categories?post=34135"},{"taxonomy":"post_tag","embeddable":true,"href":"https:\/\/imagazine.it\/home_desk\/wp-json\/wp\/v2\/tags?post=34135"}],"curies":[{"name":"wp","href":"https:\/\/api.w.org\/{rel}","templated":true}]}}