{"id":34131,"date":"2020-07-27T00:00:00","date_gmt":"2020-07-26T23:00:00","guid":{"rendered":"https:\/\/imagazine.it\/?p=34131"},"modified":"2020-07-27T00:00:00","modified_gmt":"2020-07-26T23:00:00","slug":"gorizia-concerto-in-ricordo-di-stefano-borghes","status":"publish","type":"post","link":"https:\/\/imagazine.it\/home_desk\/gorizia-concerto-in-ricordo-di-stefano-borghes\/","title":{"rendered":"Gorizia, concerto in ricordo di Stefano Borghes"},"content":{"rendered":"<p>Un solo doppio concerto, <strong>mercoled\u00ec 29 luglio<\/strong> \u2013 non pi\u00f9 nel parco Coronini Cronberg ma <strong>al Kulturni Dom di Gorizia<\/strong> \u2013 il cui ricavato verr\u00e0 interamente devoluto alla realt\u00e0 associativa che sar\u00e0 indicata dalla famiglia di Stefano Borghes, il ragazzo tragicamente scomparso mercoled\u00ec scorso.<\/p>\n<p>Il resto del programma della rassegna jazz transfrontaliera Musiche dal mondo \u2013 i concerti e gli eventi collaterali originariamente previsti per tutta la settimana, fino a sabato \u2013\u00a0 slitta all\u2019ultima settimana di agosto: \u00e8 la scelta maturata dagli organizzatori della rassegna jazz transfrontaliera, Circolo Controtempo e Kud Morgan, insieme all\u2019assessore comunale alla cultura Fabrizio Oreti, e che &#8220;unisce la volont\u00e0 di rispettare il lutto della famiglia e di un\u2019intera citt\u00e0 al desiderio di essere loro vicini concretamente&#8221;, sottolineano in una nota stampa.<\/p>\n<p>La seconda edizione di Musiche dal Mondo \u2013 Glasbe Sveta, programmata dal 29 luglio al 25 agosto fra Gorizia e Nova Gorica con concerti, degustazioni e passeggiate naturalistiche al confine tra Italia e Slovenia era stata presentata marted\u00ec scorso nelle scuderie di palazzo Coronini Cronberg, a pochi metri dal luogo in cui il giorno dopo si \u00e8 consumata la tragedia.<\/p>\n<p><a href=\"http:\/\/imagazinevideotruck.it\/outlet\/relink_fondazione.html\" target=\"_top\" rel=\"noopener\"><img loading=\"lazy\" decoding=\"async\" align=\"LEFT\" height=\"250\" src=\"http:\/\/imagazinevideotruck.it\/outlet\/fondazione_aquileia.jpg\" width=\"300\" alt=\"\" title=\"\"><\/a><\/p>\n<p>\u00a0<\/p>\n<p>\u00a0<\/p>\n<p>\u00a0<\/p>\n<p>\u00a0<\/p>\n<p>\u00a0<\/p>\n<p>\u00a0<\/p>\n<p>\u00a0<\/p>\n<p>\u00a0<\/p>\n<p>\u00a0<\/p>\n<p>&#8220;A lungo, in questi giorni &#8211; prosegue la nota stampa -, gli organizzatori si sono interrogati sul da farsi ed \u00e8 di oggi la decisione di rinviare il programma a fine agosto (le nuove date saranno comunicate a breve; i biglietti gi\u00e0 venduti rimangono validi o in alternativa saranno rimborsati) ma di mantenere, appunto, un\u2019unica serata e di dedicarla a Stefano Borghes&#8221;.<\/p>\n<p>Dunque mercoled\u00ec 29 luglio, al Kulturni Dom di Gorizia, alle 20.30 suoner\u00e0 il DumiTrio, che porta sul palco una suggestiva reinterpretazione di elementi del folklore rumeno orale e musicale grazie all\u2019aggiunta di violino, viola e violoncello al suono del trio di chitarre. A seguire, alle 21.30, si esibir\u00e0 il trio composto da Riccardo Tesi, Patrick Vaillant, Andrea Piccioni, rispettivamente organetto, mandolino, tamburi a cornice.<\/p>\n","protected":false},"excerpt":{"rendered":"<p>Slitta ad agosto &#8220;Musiche dal mondo&#8221;<\/p>\n","protected":false},"author":28,"featured_media":34132,"comment_status":"closed","ping_status":"closed","sticky":false,"template":"","format":"standard","meta":{"dwc-title":[],"dwc-content":[],"footnotes":""},"categories":[37],"tags":[],"class_list":["post-34131","post","type-post","status-publish","format-standard","has-post-thumbnail","hentry","category-cultura-e-spettacolo"],"rttpg_featured_image_url":{"full":["https:\/\/imagazine.it\/wp-content\/uploads\/2024\/01\/35196-1.webp",750,548,false],"landscape":["https:\/\/imagazine.it\/wp-content\/uploads\/2024\/01\/35196-1.webp",750,548,false],"portraits":["https:\/\/imagazine.it\/wp-content\/uploads\/2024\/01\/35196-1.webp",750,548,false],"thumbnail":["https:\/\/imagazine.it\/wp-content\/uploads\/2024\/01\/35196-1-150x150.webp",150,150,true],"medium":["https:\/\/imagazine.it\/wp-content\/uploads\/2024\/01\/35196-1-300x219.webp",300,219,true],"large":["https:\/\/imagazine.it\/wp-content\/uploads\/2024\/01\/35196-1.webp",640,468,false],"thumblist":["https:\/\/imagazine.it\/wp-content\/uploads\/2024\/01\/35196-1.webp",300,219,false],"thumbrelated":["https:\/\/imagazine.it\/wp-content\/uploads\/2024\/01\/35196-1.webp",500,365,false],"meccarouselthumb":["https:\/\/imagazine.it\/wp-content\/uploads\/2024\/01\/35196-1.webp",443,324,false],"gridsquare":["https:\/\/imagazine.it\/wp-content\/uploads\/2024\/01\/35196-1.webp",356,260,false],"tileview":["https:\/\/imagazine.it\/wp-content\/uploads\/2024\/01\/35196-1.webp",300,219,false],"1536x1536":["https:\/\/imagazine.it\/wp-content\/uploads\/2024\/01\/35196-1.webp",750,548,false],"2048x2048":["https:\/\/imagazine.it\/wp-content\/uploads\/2024\/01\/35196-1.webp",750,548,false],"newsup-slider-full":["https:\/\/imagazine.it\/wp-content\/uploads\/2024\/01\/35196-1.webp",750,548,false],"newsup-featured":["https:\/\/imagazine.it\/wp-content\/uploads\/2024\/01\/35196-1.webp",750,548,false],"newsup-medium":["https:\/\/imagazine.it\/wp-content\/uploads\/2024\/01\/35196-1-720x380.webp",720,380,true],"tptn_thumbnail":["https:\/\/imagazine.it\/wp-content\/uploads\/2024\/01\/35196-1.webp",250,183,false],"sow-carousel-default":["https:\/\/imagazine.it\/wp-content\/uploads\/2024\/01\/35196-1-272x182.webp",272,182,true]},"rttpg_author":{"display_name":"redazione","author_link":"https:\/\/imagazine.it\/home_desk\/author\/redazione\/"},"rttpg_comment":0,"rttpg_category":"<a href=\"https:\/\/imagazine.it\/home_desk\/category\/cultura-e-spettacolo\/\" rel=\"category tag\">CULTURA&amp;SPETTACOLO<\/a>","rttpg_excerpt":"Slitta ad agosto \"Musiche dal mondo\"","_links":{"self":[{"href":"https:\/\/imagazine.it\/home_desk\/wp-json\/wp\/v2\/posts\/34131","targetHints":{"allow":["GET"]}}],"collection":[{"href":"https:\/\/imagazine.it\/home_desk\/wp-json\/wp\/v2\/posts"}],"about":[{"href":"https:\/\/imagazine.it\/home_desk\/wp-json\/wp\/v2\/types\/post"}],"author":[{"embeddable":true,"href":"https:\/\/imagazine.it\/home_desk\/wp-json\/wp\/v2\/users\/28"}],"replies":[{"embeddable":true,"href":"https:\/\/imagazine.it\/home_desk\/wp-json\/wp\/v2\/comments?post=34131"}],"version-history":[{"count":0,"href":"https:\/\/imagazine.it\/home_desk\/wp-json\/wp\/v2\/posts\/34131\/revisions"}],"wp:featuredmedia":[{"embeddable":true,"href":"https:\/\/imagazine.it\/home_desk\/wp-json\/wp\/v2\/media\/34132"}],"wp:attachment":[{"href":"https:\/\/imagazine.it\/home_desk\/wp-json\/wp\/v2\/media?parent=34131"}],"wp:term":[{"taxonomy":"category","embeddable":true,"href":"https:\/\/imagazine.it\/home_desk\/wp-json\/wp\/v2\/categories?post=34131"},{"taxonomy":"post_tag","embeddable":true,"href":"https:\/\/imagazine.it\/home_desk\/wp-json\/wp\/v2\/tags?post=34131"}],"curies":[{"name":"wp","href":"https:\/\/api.w.org\/{rel}","templated":true}]}}