{"id":34119,"date":"2020-07-25T00:00:00","date_gmt":"2020-07-24T23:00:00","guid":{"rendered":"https:\/\/imagazine.it\/?p=34119"},"modified":"2020-07-25T00:00:00","modified_gmt":"2020-07-24T23:00:00","slug":"ruda-celebra-75-anni-di-festa-dellunita","status":"publish","type":"post","link":"https:\/\/imagazine.it\/home_desk\/ruda-celebra-75-anni-di-festa-dellunita\/","title":{"rendered":"Ruda celebra 75 anni di Festa dell&#8217;Unit\u00e0"},"content":{"rendered":"<p>Doveva essere un momento importante festeggiare per la 75<sup>a<\/sup> volta il festival de l&#39;Unit\u00e0 a Ruda, invece a causa del covid-19 non si \u00e8 potuto svolgere questa manifestazione nei modi e nei tempi previsti.<\/p>\n<p>Per\u00f2 gli organizzatori non si sono persi d&#39;animo e hanno voluto comunque ricordare questo anniversario di un evento che per tradizione \u00e8 sempre stato culturale oltrech\u00e9 ludico e di convivialit\u00e0. Perci\u00f2 anche se in tono minore \u00e8 stata organizzata una serata dove ci si \u00e8 incontrati, dibattuto, ma si \u00e8 anche potuto festeggiare.<\/p>\n<p>Al dibattito al quale hanno partecipato numerose persone, alla presenza della deputata <strong>Debora Serracchiani<\/strong> e del consigliere regionale <strong>Francesco Russo<\/strong>, coordinati dal sindaco <strong>Franco Lenarduzzi<\/strong>, si \u00e8 prestata attenzione sia su temi di carattere regionale che nazionale.<\/p>\n<p>Una serata con cena, aperta ad iscritti e simpatizzanti, fatta su prenotazione nel rispetto delle vigenti disposizioni anticovid.<\/p>\n","protected":false},"excerpt":{"rendered":"<p>Con una serata dibattito<\/p>\n","protected":false},"author":22,"featured_media":34120,"comment_status":"closed","ping_status":"closed","sticky":false,"template":"","format":"standard","meta":{"dwc-title":[],"dwc-content":[],"footnotes":""},"categories":[5],"tags":[],"class_list":["post-34119","post","type-post","status-publish","format-standard","has-post-thumbnail","hentry","category-attualita"],"rttpg_featured_image_url":{"full":["https:\/\/imagazine.it\/wp-content\/uploads\/2024\/01\/35177-1.webp",1000,608,false],"landscape":["https:\/\/imagazine.it\/wp-content\/uploads\/2024\/01\/35177-1.webp",1000,608,false],"portraits":["https:\/\/imagazine.it\/wp-content\/uploads\/2024\/01\/35177-1.webp",1000,608,false],"thumbnail":["https:\/\/imagazine.it\/wp-content\/uploads\/2024\/01\/35177-1-150x150.webp",150,150,true],"medium":["https:\/\/imagazine.it\/wp-content\/uploads\/2024\/01\/35177-1-300x182.webp",300,182,true],"large":["https:\/\/imagazine.it\/wp-content\/uploads\/2024\/01\/35177-1.webp",640,389,false],"thumblist":["https:\/\/imagazine.it\/wp-content\/uploads\/2024\/01\/35177-1.webp",300,182,false],"thumbrelated":["https:\/\/imagazine.it\/wp-content\/uploads\/2024\/01\/35177-1.webp",500,304,false],"meccarouselthumb":["https:\/\/imagazine.it\/wp-content\/uploads\/2024\/01\/35177-1.webp",474,288,false],"gridsquare":["https:\/\/imagazine.it\/wp-content\/uploads\/2024\/01\/35177-1.webp",391,238,false],"tileview":["https:\/\/imagazine.it\/wp-content\/uploads\/2024\/01\/35177-1.webp",300,182,false],"1536x1536":["https:\/\/imagazine.it\/wp-content\/uploads\/2024\/01\/35177-1.webp",1000,608,false],"2048x2048":["https:\/\/imagazine.it\/wp-content\/uploads\/2024\/01\/35177-1.webp",1000,608,false],"newsup-slider-full":["https:\/\/imagazine.it\/wp-content\/uploads\/2024\/01\/35177-1.webp",1000,608,false],"newsup-featured":["https:\/\/imagazine.it\/wp-content\/uploads\/2024\/01\/35177-1.webp",1000,608,false],"newsup-medium":["https:\/\/imagazine.it\/wp-content\/uploads\/2024\/01\/35177-1-720x380.webp",720,380,true],"tptn_thumbnail":["https:\/\/imagazine.it\/wp-content\/uploads\/2024\/01\/35177-1.webp",250,152,false],"sow-carousel-default":["https:\/\/imagazine.it\/wp-content\/uploads\/2024\/01\/35177-1-272x182.webp",272,182,true]},"rttpg_author":{"display_name":"Livio Nonis","author_link":"https:\/\/imagazine.it\/home_desk\/author\/nonis\/"},"rttpg_comment":0,"rttpg_category":"<a href=\"https:\/\/imagazine.it\/home_desk\/category\/attualita\/\" rel=\"category tag\">ATTUALIT\u00c0<\/a>","rttpg_excerpt":"Con una serata dibattito","_links":{"self":[{"href":"https:\/\/imagazine.it\/home_desk\/wp-json\/wp\/v2\/posts\/34119","targetHints":{"allow":["GET"]}}],"collection":[{"href":"https:\/\/imagazine.it\/home_desk\/wp-json\/wp\/v2\/posts"}],"about":[{"href":"https:\/\/imagazine.it\/home_desk\/wp-json\/wp\/v2\/types\/post"}],"author":[{"embeddable":true,"href":"https:\/\/imagazine.it\/home_desk\/wp-json\/wp\/v2\/users\/22"}],"replies":[{"embeddable":true,"href":"https:\/\/imagazine.it\/home_desk\/wp-json\/wp\/v2\/comments?post=34119"}],"version-history":[{"count":0,"href":"https:\/\/imagazine.it\/home_desk\/wp-json\/wp\/v2\/posts\/34119\/revisions"}],"wp:featuredmedia":[{"embeddable":true,"href":"https:\/\/imagazine.it\/home_desk\/wp-json\/wp\/v2\/media\/34120"}],"wp:attachment":[{"href":"https:\/\/imagazine.it\/home_desk\/wp-json\/wp\/v2\/media?parent=34119"}],"wp:term":[{"taxonomy":"category","embeddable":true,"href":"https:\/\/imagazine.it\/home_desk\/wp-json\/wp\/v2\/categories?post=34119"},{"taxonomy":"post_tag","embeddable":true,"href":"https:\/\/imagazine.it\/home_desk\/wp-json\/wp\/v2\/tags?post=34119"}],"curies":[{"name":"wp","href":"https:\/\/api.w.org\/{rel}","templated":true}]}}