{"id":34107,"date":"2020-07-24T00:00:00","date_gmt":"2020-07-23T23:00:00","guid":{"rendered":"https:\/\/imagazine.it\/?p=34107"},"modified":"2020-07-24T00:00:00","modified_gmt":"2020-07-23T23:00:00","slug":"nuovo-accordo-per-promuovere-lapprendimento-del-friulano","status":"publish","type":"post","link":"https:\/\/imagazine.it\/home_desk\/nuovo-accordo-per-promuovere-lapprendimento-del-friulano\/","title":{"rendered":"Nuovo accordo per promuovere l&#8217;apprendimento del friulano"},"content":{"rendered":"<p>L\u2019Universit\u00e0 di Udine e l\u2019Agjenzie Regjon\u00e2l pe lenghe furlane (ARLeF) hanno sottoscritto oggi un accordo di collaborazione che vedr\u00e0 i due enti collaborare nell\u2019organizzazione di corsi di formazione e aggiornamento e nella realizzazione e pubblicazione di testi e strumenti didattici per l\u2019apprendimento della lingua friulana, con l\u2019obiettivo di preparare chiunque lo desideri al <strong>conseguimento della certificazione linguistica di lingua friulana<\/strong>.<\/p>\n<p>L\u2019accordo \u00e8 stato sottoscritto a palazzo Antonini-Maseri dal rettore dell\u2019Universit\u00e0 di Udine, <strong>Roberto Pinton<\/strong>, e dal presidente dell\u2019ARLeF, <strong>Eros Cisilino<\/strong>, presenti anche i referenti dell\u2019accordo stesso, <strong>Fabiana Fusco<\/strong>, delegata dell\u2019Ateneo friulano per l\u2019innovazione didattica e formazione all\u2019insegnamento, e <strong>William Cisilino<\/strong>, direttore dell\u2019ARLeF, nonch\u00e9 il direttore del Centro interdipartimentale per lo sviluppo della lingua e della cultura del Friuli (CIRF) e delegato per la promozione della lingua e cultura friulana dell\u2019Universit\u00e0 di Udine, <strong>Enrico Peterlunger<\/strong>.<\/p>\n<p><a href=\"http:\/\/imagazinevideotruck.it\/outlet\/relink_fondazione.html\" target=\"_top\" rel=\"noopener\"><img loading=\"lazy\" decoding=\"async\" align=\"LEFT\" height=\"250\" src=\"http:\/\/imagazinevideotruck.it\/outlet\/fondazione_aquileia.jpg\" width=\"300\" alt=\"\" title=\"\"><\/a><\/p>\n<p>\u00a0<\/p>\n<p>\u00a0<\/p>\n<p>\u00a0<\/p>\n<p>\u00a0<\/p>\n<p>\u00a0<\/p>\n<p>\u00a0<\/p>\n<p>\u00a0<\/p>\n<p>\u00a0<\/p>\n<p>\u00a0<\/p>\n<p>L\u2019accordo \u00e8 di durata triennale e potr\u00e0 essere rinnovato per un ulteriore triennio. Per la realizzazione delle attivit\u00e0 programmate per il 2020\/22 l\u2019ARLeF mette a disposizione dell\u2019Universit\u00e0 di Udine un finanziamento complessivo di 65 mila euro. Nell\u2019ambito dell\u2019accordo, l\u2019Ateneo friulano svolger\u00e0 le attivit\u00e0 di coordinamento scientifico, amministrative, organizzative e gestionali; l\u2019ARLeF fornir\u00e0 le proprie competenze linguistiche e la propria collaborazione per la realizzazione delle iniziative previste, nonch\u00e9 si far\u00e0 carico delle attivit\u00e0 di promozione, informazione e comunicazione.<\/p>\n<p>In particolare, si intendono predisporre test di piazzamento\/accertamento per livelli da somministrare online, una banca dati con esercizi e percorsi didattici che accompagnino i candidati verso il raggiungimento o il consolidamento del livello del sistema di certificazione della conoscenza della lingua friulana.<\/p>\n<p>\u00abQuesto accordo di collaborazione persegue gli obiettivi statutari dell\u2019Universit\u00e0 di Udine, fortemente voluta dalla popolazione e istituita \u2013 ha ricordato il rettore <strong>Roberto Pinton<\/strong> \u2013 anche per essere strumento di sviluppo e di rinnovamento dei filoni originali della cultura, della lingua, delle tradizioni e della storia del Friuli\u00bb.<\/p>\n<p>\u00abIl conseguimento della certificazione linguistica \u00e8 un traguardo importante nel percorso formativo di ogni persona \u2013 ha sottolineato il presidente dell\u2019ARLeF, <strong>Eros Cisilino<\/strong> \u2013. Nel mondo del lavoro offre, infatti, una garanzia delle competenze possedute, favorendo l\u2019incontro tra domanda e offerta in ambiti professionali in cui la conoscenza del friulano costituisce un vero valore aggiunto, come ad esempio nel commercio, nei servizi alla persona e nel settore della salute. Con questo accordo si compie, dunque, un fondamentale passo di quel percorso virtuoso che consentir\u00e0 a tutti, insegnanti,<\/p>\n<p>pubblica amministrazione ma anche privati cittadini, di ottenere la certificazione linguistica per la lingua friulana, peraltro prevista dalla legge regionale 29\/2007\u00bb.<\/p>\n<p>\u00abLe certificazioni \u2013 spiega <strong>Fabiana Fusco<\/strong> \u2013 si pongono come finalit\u00e0 di descrivere il livello di competenza linguistico-comunicativa dell\u2019apprendente. Fruire di un certificato di competenza linguistica significa documentare pubblicamente in modo sempre pi\u00f9 trasparente e comparabile un certo livello di conoscenza. Questo riconoscimento ha un duplice beneficio: personale, da un lato, in quanto attesta il livello raggiunto nella padronanza di una certa disciplina, e professionale, dall\u2019altro, poich\u00e9 costituisce una testimonianza certificata delle proprie competenze, meglio e maggiormente spendibili perch\u00e9 dimostrabili anche \u2018sulla carta\u2019. Un ulteriore decisivo tratto positivo \u00e8 correlato all\u2019aspetto politico delle certificazioni, che consiste nel ruolo di catalizzatori dell\u2019interesse nei confronti di una lingua\/cultura, che le rende risorse cruciali nella crescita del prestigio di quella stessa lingua\/cultura. La lingua friulana si dota quindi di una risorsa utile ed efficace sulla scia di quanto fatto anche da lingue di minoranza, quale il ladino\u00bb.<\/p>\n<p><a href=\"http:\/\/imagazinevideotruck.it\/outlet\/relink.html\" target=\"_top\" rel=\"noopener\"><img loading=\"lazy\" decoding=\"async\" align=\"LEFT\" height=\"250\" src=\"http:\/\/imagazinevideotruck.it\/outlet\/outlet30.gif\" width=\"300\" alt=\"\" title=\"\"><\/a><\/p>\n<p>\u00a0<\/p>\n<p>\u00a0<\/p>\n<p>\u00a0<\/p>\n<p>\u00a0<\/p>\n<p>\u00a0<\/p>\n<p>\u00a0<\/p>\n<p>\u00a0<\/p>\n<p>\u00a0<\/p>\n<p>\u00a0<\/p>\n<p>\u00abIl progetto \u2013 aggiunge <strong>Enrico Peterlunger<\/strong> \u2013 \u00e8 coerente con l\u2019azione dell\u2019Ateneo e del CIRF per la promozione e tutela della lingua friulana, e rappresenta un momento fondamentale per iniziare e dare continuit\u00e0, oltre che alla certificazione, alla formazione degli insegnanti di friulano, strumento imprescindibile per dare a questa nostra lingua una continuit\u00e0 e un futuro; per questo ringraziamo per il sostegno l\u2019Amministrazione regionale e la collaborazione dell\u2019ARLeF\u00bb.<\/p>\n","protected":false},"excerpt":{"rendered":"<p>Siglato da Universit\u00e0 di Udine e ARLeF<\/p>\n","protected":false},"author":28,"featured_media":34108,"comment_status":"closed","ping_status":"closed","sticky":false,"template":"","format":"standard","meta":{"dwc-title":[],"dwc-content":[],"footnotes":""},"categories":[5],"tags":[],"class_list":["post-34107","post","type-post","status-publish","format-standard","has-post-thumbnail","hentry","category-attualita"],"rttpg_featured_image_url":{"full":["https:\/\/imagazine.it\/wp-content\/uploads\/2024\/01\/35164-1.webp",750,500,false],"landscape":["https:\/\/imagazine.it\/wp-content\/uploads\/2024\/01\/35164-1.webp",750,500,false],"portraits":["https:\/\/imagazine.it\/wp-content\/uploads\/2024\/01\/35164-1.webp",750,500,false],"thumbnail":["https:\/\/imagazine.it\/wp-content\/uploads\/2024\/01\/35164-1-150x150.webp",150,150,true],"medium":["https:\/\/imagazine.it\/wp-content\/uploads\/2024\/01\/35164-1-300x200.webp",300,200,true],"large":["https:\/\/imagazine.it\/wp-content\/uploads\/2024\/01\/35164-1.webp",640,427,false],"thumblist":["https:\/\/imagazine.it\/wp-content\/uploads\/2024\/01\/35164-1.webp",300,200,false],"thumbrelated":["https:\/\/imagazine.it\/wp-content\/uploads\/2024\/01\/35164-1.webp",500,333,false],"meccarouselthumb":["https:\/\/imagazine.it\/wp-content\/uploads\/2024\/01\/35164-1.webp",474,316,false],"gridsquare":["https:\/\/imagazine.it\/wp-content\/uploads\/2024\/01\/35164-1.webp",391,260,false],"tileview":["https:\/\/imagazine.it\/wp-content\/uploads\/2024\/01\/35164-1.webp",300,200,false],"1536x1536":["https:\/\/imagazine.it\/wp-content\/uploads\/2024\/01\/35164-1.webp",750,500,false],"2048x2048":["https:\/\/imagazine.it\/wp-content\/uploads\/2024\/01\/35164-1.webp",750,500,false],"newsup-slider-full":["https:\/\/imagazine.it\/wp-content\/uploads\/2024\/01\/35164-1.webp",750,500,false],"newsup-featured":["https:\/\/imagazine.it\/wp-content\/uploads\/2024\/01\/35164-1.webp",750,500,false],"newsup-medium":["https:\/\/imagazine.it\/wp-content\/uploads\/2024\/01\/35164-1-720x380.webp",720,380,true],"tptn_thumbnail":["https:\/\/imagazine.it\/wp-content\/uploads\/2024\/01\/35164-1.webp",250,167,false],"sow-carousel-default":["https:\/\/imagazine.it\/wp-content\/uploads\/2024\/01\/35164-1-272x182.webp",272,182,true]},"rttpg_author":{"display_name":"redazione","author_link":"https:\/\/imagazine.it\/home_desk\/author\/redazione\/"},"rttpg_comment":0,"rttpg_category":"<a href=\"https:\/\/imagazine.it\/home_desk\/category\/attualita\/\" rel=\"category tag\">ATTUALIT\u00c0<\/a>","rttpg_excerpt":"Siglato da Universit\u00e0 di Udine e ARLeF","_links":{"self":[{"href":"https:\/\/imagazine.it\/home_desk\/wp-json\/wp\/v2\/posts\/34107","targetHints":{"allow":["GET"]}}],"collection":[{"href":"https:\/\/imagazine.it\/home_desk\/wp-json\/wp\/v2\/posts"}],"about":[{"href":"https:\/\/imagazine.it\/home_desk\/wp-json\/wp\/v2\/types\/post"}],"author":[{"embeddable":true,"href":"https:\/\/imagazine.it\/home_desk\/wp-json\/wp\/v2\/users\/28"}],"replies":[{"embeddable":true,"href":"https:\/\/imagazine.it\/home_desk\/wp-json\/wp\/v2\/comments?post=34107"}],"version-history":[{"count":0,"href":"https:\/\/imagazine.it\/home_desk\/wp-json\/wp\/v2\/posts\/34107\/revisions"}],"wp:featuredmedia":[{"embeddable":true,"href":"https:\/\/imagazine.it\/home_desk\/wp-json\/wp\/v2\/media\/34108"}],"wp:attachment":[{"href":"https:\/\/imagazine.it\/home_desk\/wp-json\/wp\/v2\/media?parent=34107"}],"wp:term":[{"taxonomy":"category","embeddable":true,"href":"https:\/\/imagazine.it\/home_desk\/wp-json\/wp\/v2\/categories?post=34107"},{"taxonomy":"post_tag","embeddable":true,"href":"https:\/\/imagazine.it\/home_desk\/wp-json\/wp\/v2\/tags?post=34107"}],"curies":[{"name":"wp","href":"https:\/\/api.w.org\/{rel}","templated":true}]}}