{"id":34103,"date":"2020-07-24T00:00:00","date_gmt":"2020-07-23T23:00:00","guid":{"rendered":"https:\/\/imagazine.it\/?p=34103"},"modified":"2020-07-24T00:00:00","modified_gmt":"2020-07-23T23:00:00","slug":"contrordine-iniziano-i-saldi-in-fvg","status":"publish","type":"post","link":"https:\/\/imagazine.it\/home_desk\/contrordine-iniziano-i-saldi-in-fvg\/","title":{"rendered":"Contrordine, iniziano i saldi in FVG"},"content":{"rendered":"<p>I saldi di fine stagione estivi inizieranno sabato 25 luglio.<\/p>\n<p>Lo ha stabilito la Giunta regionale su proposta dell&#39;assessore alle Attivit\u00e0 produttive e turismo, anticipando cos\u00ec di una settimana la data stabilita da una precedente delibera.<\/p>\n<p>In considerazione dell&#39;emergenza sanitaria e del protrarsi della chiusura di molte attivit\u00e0 economiche, la Conferenza delle Regioni e delle Province autonome riunitasi a maggio aveva stabilito di posticipare di un mese, dal 1\u00b0 luglio al 1\u00b0 agosto, l&#39;avvio dei saldi estivi 2020.<\/p>\n<p><a href=\"http:\/\/imagazinevideotruck.it\/outlet\/relink.html\" target=\"_top\" rel=\"noopener\"><img loading=\"lazy\" decoding=\"async\" align=\"LEFT\" height=\"250\" src=\"http:\/\/imagazinevideotruck.it\/outlet\/outlet30.gif\" width=\"300\" alt=\"\" title=\"\"><\/a><\/p>\n<p>\u00a0<\/p>\n<p>\u00a0<\/p>\n<p>\u00a0<\/p>\n<p>\u00a0<\/p>\n<p>\u00a0<\/p>\n<p>\u00a0<\/p>\n<p>\u00a0<\/p>\n<p>\u00a0<\/p>\n<p>\u00a0<\/p>\n<p>Successivamente, il 20 luglio, la stessa Conferenza delle Regione e Province autonome ha deciso di rimettere alla valutazione delle singole Regioni e Province la possibilit\u00e0 di stabilire, anche in modo differenziato in relazione alla rispettiva situazione economica derivante dall&#39;emergenza Covid-19, l&#39;eventualit\u00e0 di anticipare i saldi rispetto alla data del 1\u00b0 agosto gi\u00e0 concordata.<\/p>\n<p>Da qui la decisione della Giunta del Friuli Venezia Giulia che consente l&#39;avvio dei saldi fin dalla giornata di domani, in risposta alle richieste delle imprese del settore e con l&#39;auspicio di determinare ricadute positive sul commercio regionale, gi\u00e0 in grave difficolt\u00e0 a causa della prolungata sospensione delle attivit\u00e0 di vendita e del forte calo delle presenze turistiche.<\/p>\n","protected":false},"excerpt":{"rendered":"<p>Dal 25 luglio<\/p>\n","protected":false},"author":28,"featured_media":34104,"comment_status":"closed","ping_status":"closed","sticky":false,"template":"","format":"standard","meta":{"dwc-title":[],"dwc-content":[],"footnotes":""},"categories":[5],"tags":[],"class_list":["post-34103","post","type-post","status-publish","format-standard","has-post-thumbnail","hentry","category-attualita"],"rttpg_featured_image_url":{"full":["https:\/\/imagazine.it\/wp-content\/uploads\/2024\/01\/35158-1.webp",750,500,false],"landscape":["https:\/\/imagazine.it\/wp-content\/uploads\/2024\/01\/35158-1.webp",750,500,false],"portraits":["https:\/\/imagazine.it\/wp-content\/uploads\/2024\/01\/35158-1.webp",750,500,false],"thumbnail":["https:\/\/imagazine.it\/wp-content\/uploads\/2024\/01\/35158-1-150x150.webp",150,150,true],"medium":["https:\/\/imagazine.it\/wp-content\/uploads\/2024\/01\/35158-1-300x200.webp",300,200,true],"large":["https:\/\/imagazine.it\/wp-content\/uploads\/2024\/01\/35158-1.webp",640,427,false],"thumblist":["https:\/\/imagazine.it\/wp-content\/uploads\/2024\/01\/35158-1.webp",300,200,false],"thumbrelated":["https:\/\/imagazine.it\/wp-content\/uploads\/2024\/01\/35158-1.webp",500,333,false],"meccarouselthumb":["https:\/\/imagazine.it\/wp-content\/uploads\/2024\/01\/35158-1.webp",474,316,false],"gridsquare":["https:\/\/imagazine.it\/wp-content\/uploads\/2024\/01\/35158-1.webp",391,260,false],"tileview":["https:\/\/imagazine.it\/wp-content\/uploads\/2024\/01\/35158-1.webp",300,200,false],"1536x1536":["https:\/\/imagazine.it\/wp-content\/uploads\/2024\/01\/35158-1.webp",750,500,false],"2048x2048":["https:\/\/imagazine.it\/wp-content\/uploads\/2024\/01\/35158-1.webp",750,500,false],"newsup-slider-full":["https:\/\/imagazine.it\/wp-content\/uploads\/2024\/01\/35158-1.webp",750,500,false],"newsup-featured":["https:\/\/imagazine.it\/wp-content\/uploads\/2024\/01\/35158-1.webp",750,500,false],"newsup-medium":["https:\/\/imagazine.it\/wp-content\/uploads\/2024\/01\/35158-1-720x380.webp",720,380,true],"tptn_thumbnail":["https:\/\/imagazine.it\/wp-content\/uploads\/2024\/01\/35158-1.webp",250,167,false],"sow-carousel-default":["https:\/\/imagazine.it\/wp-content\/uploads\/2024\/01\/35158-1-272x182.webp",272,182,true]},"rttpg_author":{"display_name":"redazione","author_link":"https:\/\/imagazine.it\/home_desk\/author\/redazione\/"},"rttpg_comment":0,"rttpg_category":"<a href=\"https:\/\/imagazine.it\/home_desk\/category\/attualita\/\" rel=\"category tag\">ATTUALIT\u00c0<\/a>","rttpg_excerpt":"Dal 25 luglio","_links":{"self":[{"href":"https:\/\/imagazine.it\/home_desk\/wp-json\/wp\/v2\/posts\/34103","targetHints":{"allow":["GET"]}}],"collection":[{"href":"https:\/\/imagazine.it\/home_desk\/wp-json\/wp\/v2\/posts"}],"about":[{"href":"https:\/\/imagazine.it\/home_desk\/wp-json\/wp\/v2\/types\/post"}],"author":[{"embeddable":true,"href":"https:\/\/imagazine.it\/home_desk\/wp-json\/wp\/v2\/users\/28"}],"replies":[{"embeddable":true,"href":"https:\/\/imagazine.it\/home_desk\/wp-json\/wp\/v2\/comments?post=34103"}],"version-history":[{"count":0,"href":"https:\/\/imagazine.it\/home_desk\/wp-json\/wp\/v2\/posts\/34103\/revisions"}],"wp:featuredmedia":[{"embeddable":true,"href":"https:\/\/imagazine.it\/home_desk\/wp-json\/wp\/v2\/media\/34104"}],"wp:attachment":[{"href":"https:\/\/imagazine.it\/home_desk\/wp-json\/wp\/v2\/media?parent=34103"}],"wp:term":[{"taxonomy":"category","embeddable":true,"href":"https:\/\/imagazine.it\/home_desk\/wp-json\/wp\/v2\/categories?post=34103"},{"taxonomy":"post_tag","embeddable":true,"href":"https:\/\/imagazine.it\/home_desk\/wp-json\/wp\/v2\/tags?post=34103"}],"curies":[{"name":"wp","href":"https:\/\/api.w.org\/{rel}","templated":true}]}}