{"id":34095,"date":"2020-07-24T00:00:00","date_gmt":"2020-07-23T23:00:00","guid":{"rendered":"https:\/\/imagazine.it\/?p=34095"},"modified":"2020-07-24T00:00:00","modified_gmt":"2020-07-23T23:00:00","slug":"udine-ufficializzata-la-data-del-premio-terzani","status":"publish","type":"post","link":"https:\/\/imagazine.it\/home_desk\/udine-ufficializzata-la-data-del-premio-terzani\/","title":{"rendered":"Udine, ufficializzata la data del Premio Terzani"},"content":{"rendered":"<p>\u00c8 <strong>domenica 27 settembre<\/strong> la nuova data per la serata di consegna del <strong>Premio letterario internazionale Tiziano Terzani 2020<\/strong>, in programma lo scorso maggio e posticipato a causa della pandemia.<\/p>\n<p>Il Premio sar\u00e0 quest\u2019anno l\u2019evento conclusivo del <strong>festival vicino\/lontano, che da venerd\u00ec 25 a domenica 27 settembre, nella sua sedicesima edizione, torner\u00e0 ad accogliere fisicamente il pubblico <\/strong>\u2013 nel rispetto delle limitazioni di legge per il contenimento del virus \u2013 nella chiesa di San Francesco, quest\u2019anno eccezionalmente sede anche della serata del Premio.<\/p>\n<p>\u201cLe incertezze sono ancora tante \u2013 spiega la presidente di vicino\/lontano, <strong>Paola Colombo<\/strong> \u2013 ma vogliamo tener fede alla promessa che avevamo fatto al nostro pubblico di rivederci in autunno. Sar\u00e0 per forza di cose un festival diverso dal solito, con un programma meno esteso, ma non vogliamo rinunciare a fare di Udine un luogo di incontro di persone desiderose di riflettere, insieme e nel confronto, sulle grandi questioni del nostro tempo. Dispiace immensamente non poter aprire le porte del Teatro Nuovo Giovanni da Udine alla citt\u00e0 per festeggiare il vincitore del Premio e con lui Angela Terzani, presidente della Giuria e cittadina onoraria di Udine, ma quest\u2019anno \u2013 come tutti \u2013 siamo stati costretti a cambiare pi\u00f9 volte rotta e itinerario, adattandoci, con la maggior flessibilit\u00e0 possibile, alle condizioni del momento\u201d.<\/p>\n<p>Quella di ricollocarsi non \u00e8 stata un\u2019esigenza solo di vicino\/lontano e, purtroppo, il festival si sovrapporr\u00e0, inevitabilmente, ad altre iniziative in programma in regione. \u201cAbbiamo fatto tutto il possibile \u2013 continua Paola Colombo \u2013 per evitarlo e lo spostamento del Premio alla domenica, dalla tradizionale serata del sabato, \u00e8 dovuto all\u2019esigenza di limitare la concomitanza con Leali delle Notizie, con cui ci siamo confrontati amichevolmente e con reciproca comprensione. Un grazie speciale va anche al Centro Balducci, che proporr\u00e0 il suo annuale convegno il fine settimana successivo\u201d.\u00a0<\/p>\n<p><strong>Rester\u00e0 \u201cPassione\u201d il tema del festival<\/strong>, che metter\u00e0 in calendario gli appuntamenti salienti gi\u00e0 ideati per l\u2019edizione di maggio che non si \u00e8 realizzata a causa del Coronavirus, ovviamente <strong>ripensati alla luce delle incognite e dei nuovi scenari aperti dalla pandemia.<\/strong> Il comitato scientifico dell\u2019associazione, presieduto dal professor <strong>Nicola Gasbarro<\/strong>, \u00e8 al lavoro, cos\u00ec come la giuria del Premio che a breve annuncer\u00e0 il vincitore dell\u2019edizione 2020.<\/p>\n<p><a href=\"http:\/\/imagazinevideotruck.it\/outlet\/relink_fondazione.html\" target=\"_top\" rel=\"noopener\"><img loading=\"lazy\" decoding=\"async\" align=\"LEFT\" height=\"250\" src=\"http:\/\/imagazinevideotruck.it\/outlet\/fondazione_aquileia.jpg\" width=\"300\" alt=\"\" title=\"\"><\/a><\/p>\n<p>\u00a0<\/p>\n<p>\u00a0<\/p>\n<p>\u00a0<\/p>\n<p>\u00a0<\/p>\n<p>\u00a0<\/p>\n<p>\u00a0<\/p>\n<p>\u00a0<\/p>\n<p>\u00a0<\/p>\n<p>\u00a0<\/p>\n<p>Sono <strong>Behrouz Boochani <\/strong>per <strong><em>Nessun amico se non le montagne. Prigioniero nell\u2019isola di Manus<\/em><\/strong> (add editore), <strong>Erika Fatland <\/strong>per <strong><em>La frontiera. Viaggio intorno alla Russia<\/em><\/strong> (Marsilio), <strong>Amin Maalouf <\/strong>per <strong><em>Il naufragio delle civilt\u00e0<\/em><\/strong> (La nave di Teseo), <strong>Francesca Mannocchi <\/strong>per <strong><em>Io Khaled vendo uomini e sono innocente<\/em><\/strong> (Einaudi) e <strong>Ece Temelkuran<\/strong> per <strong><em>Come sfasciare un paese in sette mosse. La via che porta dal populismo alla dittatura<\/em><\/strong> (Bollati Boringhieri) i cinque finalisti del Terzani 2020, tutti intervenuti &#8211; da remoto &#8211; a vicino\/lontano on, per farsi meglio conoscere dal pubblico, che ha potuto anche apprezzare alcune pagine scelte dei loro libri, a cui hanno dato voce, dal vivo, gli attori Manuel Buttus, Chiara Carminati, Giuliana Musso, Nicoletta Oscuro e Massimo Somaglino.<\/p>\n","protected":false},"excerpt":{"rendered":"<p>Cerimonia di consegna domenica 27 settembre<\/p>\n","protected":false},"author":28,"featured_media":34096,"comment_status":"closed","ping_status":"closed","sticky":false,"template":"","format":"standard","meta":{"dwc-title":[],"dwc-content":[],"footnotes":""},"categories":[37],"tags":[],"class_list":["post-34095","post","type-post","status-publish","format-standard","has-post-thumbnail","hentry","category-cultura-e-spettacolo"],"rttpg_featured_image_url":{"full":["https:\/\/imagazine.it\/wp-content\/uploads\/2024\/01\/35152-1.webp",750,500,false],"landscape":["https:\/\/imagazine.it\/wp-content\/uploads\/2024\/01\/35152-1.webp",750,500,false],"portraits":["https:\/\/imagazine.it\/wp-content\/uploads\/2024\/01\/35152-1.webp",750,500,false],"thumbnail":["https:\/\/imagazine.it\/wp-content\/uploads\/2024\/01\/35152-1-150x150.webp",150,150,true],"medium":["https:\/\/imagazine.it\/wp-content\/uploads\/2024\/01\/35152-1-300x200.webp",300,200,true],"large":["https:\/\/imagazine.it\/wp-content\/uploads\/2024\/01\/35152-1.webp",640,427,false],"thumblist":["https:\/\/imagazine.it\/wp-content\/uploads\/2024\/01\/35152-1.webp",300,200,false],"thumbrelated":["https:\/\/imagazine.it\/wp-content\/uploads\/2024\/01\/35152-1.webp",500,333,false],"meccarouselthumb":["https:\/\/imagazine.it\/wp-content\/uploads\/2024\/01\/35152-1.webp",474,316,false],"gridsquare":["https:\/\/imagazine.it\/wp-content\/uploads\/2024\/01\/35152-1.webp",391,260,false],"tileview":["https:\/\/imagazine.it\/wp-content\/uploads\/2024\/01\/35152-1.webp",300,200,false],"1536x1536":["https:\/\/imagazine.it\/wp-content\/uploads\/2024\/01\/35152-1.webp",750,500,false],"2048x2048":["https:\/\/imagazine.it\/wp-content\/uploads\/2024\/01\/35152-1.webp",750,500,false],"newsup-slider-full":["https:\/\/imagazine.it\/wp-content\/uploads\/2024\/01\/35152-1.webp",750,500,false],"newsup-featured":["https:\/\/imagazine.it\/wp-content\/uploads\/2024\/01\/35152-1.webp",750,500,false],"newsup-medium":["https:\/\/imagazine.it\/wp-content\/uploads\/2024\/01\/35152-1-720x380.webp",720,380,true],"tptn_thumbnail":["https:\/\/imagazine.it\/wp-content\/uploads\/2024\/01\/35152-1.webp",250,167,false],"sow-carousel-default":["https:\/\/imagazine.it\/wp-content\/uploads\/2024\/01\/35152-1-272x182.webp",272,182,true]},"rttpg_author":{"display_name":"redazione","author_link":"https:\/\/imagazine.it\/home_desk\/author\/redazione\/"},"rttpg_comment":0,"rttpg_category":"<a href=\"https:\/\/imagazine.it\/home_desk\/category\/cultura-e-spettacolo\/\" rel=\"category tag\">CULTURA&amp;SPETTACOLO<\/a>","rttpg_excerpt":"Cerimonia di consegna domenica 27 settembre","_links":{"self":[{"href":"https:\/\/imagazine.it\/home_desk\/wp-json\/wp\/v2\/posts\/34095","targetHints":{"allow":["GET"]}}],"collection":[{"href":"https:\/\/imagazine.it\/home_desk\/wp-json\/wp\/v2\/posts"}],"about":[{"href":"https:\/\/imagazine.it\/home_desk\/wp-json\/wp\/v2\/types\/post"}],"author":[{"embeddable":true,"href":"https:\/\/imagazine.it\/home_desk\/wp-json\/wp\/v2\/users\/28"}],"replies":[{"embeddable":true,"href":"https:\/\/imagazine.it\/home_desk\/wp-json\/wp\/v2\/comments?post=34095"}],"version-history":[{"count":0,"href":"https:\/\/imagazine.it\/home_desk\/wp-json\/wp\/v2\/posts\/34095\/revisions"}],"wp:featuredmedia":[{"embeddable":true,"href":"https:\/\/imagazine.it\/home_desk\/wp-json\/wp\/v2\/media\/34096"}],"wp:attachment":[{"href":"https:\/\/imagazine.it\/home_desk\/wp-json\/wp\/v2\/media?parent=34095"}],"wp:term":[{"taxonomy":"category","embeddable":true,"href":"https:\/\/imagazine.it\/home_desk\/wp-json\/wp\/v2\/categories?post=34095"},{"taxonomy":"post_tag","embeddable":true,"href":"https:\/\/imagazine.it\/home_desk\/wp-json\/wp\/v2\/tags?post=34095"}],"curies":[{"name":"wp","href":"https:\/\/api.w.org\/{rel}","templated":true}]}}