{"id":34043,"date":"2020-07-17T00:00:00","date_gmt":"2020-07-16T23:00:00","guid":{"rendered":"https:\/\/imagazine.it\/?p=34043"},"modified":"2020-07-17T00:00:00","modified_gmt":"2020-07-16T23:00:00","slug":"gorizia-arriva-il-senso-unico-in-corso-italia","status":"publish","type":"post","link":"https:\/\/imagazine.it\/home_desk\/gorizia-arriva-il-senso-unico-in-corso-italia\/","title":{"rendered":"Gorizia arriva il senso unico in Corso Italia"},"content":{"rendered":"<p>A Gorizia sar\u00e0 radicalmente modificata la viabilit\u00e0 in Corso Italia. Nel giro di qualche mese sar\u00e0 infatti introdotto il senso unico di circolazione, in direzione nord, che partir\u00e0 dalla rotatoria di piazza Saba, a ridosso della stazione ferroviaria, e arriver\u00e0 fino a via Diaz, al confine con l&#39;isola pedonale di corso Verdi.\u00a0<\/p>\n<p>Con la cancellazione del doppio senso di marcia trover\u00e0 spazio, su un lato della carreggiata, anche una pista ciclabile senza la necessit\u00e0 di togliere i parcheggi, il cui numero rimarr\u00e0 inalterato rispetto alla situazione attuale.<\/p>\n<p>&#8220;Si tratta di una vera e propria rivoluzione &#8211; confermano il sindaco, <strong>Rodolfo Ziberna<\/strong>, e l&#39;assessore alla viabilit\u00e0, <strong>Stefano Ceretta<\/strong> -, che consentir\u00e0 di valorizzare al meglio, anche sotto l&#39;aspetto commerciale questo importante asse cittadino, che sta diventando bellissimo con la riqualificazione in atto. I caratteristici controviali saranno infatti liberati dalle piste ciclabili e potranno cos\u00ec essere fruiti al meglio per le passeggiate e per le iniziative di animazione e commerciali e introdurremo finalmente una pista ciclabile nella massima sicurezza e una viabilit\u00e0 complessiva molto pi\u00f9 funzionale visto che le laterali di corso Italia consentiranno quella circolarit\u00e0 del traffico anche in uscita senza creare problemi alla viabilit\u00e0&#8221;.<\/p>\n<p>Il senso unico proseguir\u00e0 anche sulla prima parte di via Diaz, fino a via Rismondo. Verranno interessati anche i sensi unici di via Buonarroti e via Canova, i quali saranno invertiti per creare una cella di rotazione coerentemente con il senso di marcia di progetto del corso.<\/p>\n<p>La pista ciclabile sar\u00e0 collocata sul nastro stradale a sinistra e sar\u00e0 separata dalla sosta e dalla carreggiata con separatore fisico (marciapiede) per garantirne la protezione dai veicoli a motore.<\/p>\n<p>Le fermate del bus, ad eccezione di quelle oggi provvisorie, disposte secondo il senso di marcia di progetto (direzione nord), saranno confermate.<\/p>\n","protected":false},"excerpt":{"rendered":"<p>Operativo nei prossimi mesi<\/p>\n","protected":false},"author":28,"featured_media":34044,"comment_status":"closed","ping_status":"closed","sticky":false,"template":"","format":"standard","meta":{"dwc-title":[],"dwc-content":[],"footnotes":""},"categories":[5],"tags":[],"class_list":["post-34043","post","type-post","status-publish","format-standard","has-post-thumbnail","hentry","category-attualita"],"rttpg_featured_image_url":{"full":["https:\/\/imagazine.it\/wp-content\/uploads\/2024\/01\/34987-1.webp",750,467,false],"landscape":["https:\/\/imagazine.it\/wp-content\/uploads\/2024\/01\/34987-1.webp",750,467,false],"portraits":["https:\/\/imagazine.it\/wp-content\/uploads\/2024\/01\/34987-1.webp",750,467,false],"thumbnail":["https:\/\/imagazine.it\/wp-content\/uploads\/2024\/01\/34987-1-150x150.webp",150,150,true],"medium":["https:\/\/imagazine.it\/wp-content\/uploads\/2024\/01\/34987-1-300x187.webp",300,187,true],"large":["https:\/\/imagazine.it\/wp-content\/uploads\/2024\/01\/34987-1.webp",640,399,false],"thumblist":["https:\/\/imagazine.it\/wp-content\/uploads\/2024\/01\/34987-1.webp",300,187,false],"thumbrelated":["https:\/\/imagazine.it\/wp-content\/uploads\/2024\/01\/34987-1.webp",500,311,false],"meccarouselthumb":["https:\/\/imagazine.it\/wp-content\/uploads\/2024\/01\/34987-1.webp",474,295,false],"gridsquare":["https:\/\/imagazine.it\/wp-content\/uploads\/2024\/01\/34987-1.webp",391,243,false],"tileview":["https:\/\/imagazine.it\/wp-content\/uploads\/2024\/01\/34987-1.webp",300,187,false],"1536x1536":["https:\/\/imagazine.it\/wp-content\/uploads\/2024\/01\/34987-1.webp",750,467,false],"2048x2048":["https:\/\/imagazine.it\/wp-content\/uploads\/2024\/01\/34987-1.webp",750,467,false],"newsup-slider-full":["https:\/\/imagazine.it\/wp-content\/uploads\/2024\/01\/34987-1.webp",750,467,false],"newsup-featured":["https:\/\/imagazine.it\/wp-content\/uploads\/2024\/01\/34987-1.webp",750,467,false],"newsup-medium":["https:\/\/imagazine.it\/wp-content\/uploads\/2024\/01\/34987-1-720x380.webp",720,380,true],"tptn_thumbnail":["https:\/\/imagazine.it\/wp-content\/uploads\/2024\/01\/34987-1.webp",250,156,false],"sow-carousel-default":["https:\/\/imagazine.it\/wp-content\/uploads\/2024\/01\/34987-1-272x182.webp",272,182,true]},"rttpg_author":{"display_name":"redazione","author_link":"https:\/\/imagazine.it\/home_desk\/author\/redazione\/"},"rttpg_comment":0,"rttpg_category":"<a href=\"https:\/\/imagazine.it\/home_desk\/category\/attualita\/\" rel=\"category tag\">ATTUALIT\u00c0<\/a>","rttpg_excerpt":"Operativo nei prossimi mesi","_links":{"self":[{"href":"https:\/\/imagazine.it\/home_desk\/wp-json\/wp\/v2\/posts\/34043","targetHints":{"allow":["GET"]}}],"collection":[{"href":"https:\/\/imagazine.it\/home_desk\/wp-json\/wp\/v2\/posts"}],"about":[{"href":"https:\/\/imagazine.it\/home_desk\/wp-json\/wp\/v2\/types\/post"}],"author":[{"embeddable":true,"href":"https:\/\/imagazine.it\/home_desk\/wp-json\/wp\/v2\/users\/28"}],"replies":[{"embeddable":true,"href":"https:\/\/imagazine.it\/home_desk\/wp-json\/wp\/v2\/comments?post=34043"}],"version-history":[{"count":0,"href":"https:\/\/imagazine.it\/home_desk\/wp-json\/wp\/v2\/posts\/34043\/revisions"}],"wp:featuredmedia":[{"embeddable":true,"href":"https:\/\/imagazine.it\/home_desk\/wp-json\/wp\/v2\/media\/34044"}],"wp:attachment":[{"href":"https:\/\/imagazine.it\/home_desk\/wp-json\/wp\/v2\/media?parent=34043"}],"wp:term":[{"taxonomy":"category","embeddable":true,"href":"https:\/\/imagazine.it\/home_desk\/wp-json\/wp\/v2\/categories?post=34043"},{"taxonomy":"post_tag","embeddable":true,"href":"https:\/\/imagazine.it\/home_desk\/wp-json\/wp\/v2\/tags?post=34043"}],"curies":[{"name":"wp","href":"https:\/\/api.w.org\/{rel}","templated":true}]}}