{"id":34031,"date":"2020-07-14T00:00:00","date_gmt":"2020-07-13T23:00:00","guid":{"rendered":"https:\/\/imagazine.it\/?p=34031"},"modified":"2020-07-14T00:00:00","modified_gmt":"2020-07-13T23:00:00","slug":"trieste-fedra-florit-nuovo-presidente-del-rotary","status":"publish","type":"post","link":"https:\/\/imagazine.it\/home_desk\/trieste-fedra-florit-nuovo-presidente-del-rotary\/","title":{"rendered":"Trieste, Fedra Florit nuovo presidente del Rotary"},"content":{"rendered":"<p><strong>Passaggio di consegne al Rotary Club Trieste Nord: <\/strong>la tradizionale cerimonia del passaggio del martello ha siglato l\u2019ingresso in carica della nuova presidente, la musicologa\/musicista<strong> Fedra Florit<\/strong>, direttore artistico di Chamber Music e fondatrice del Premio internazionale Trio di Trieste. <strong>L\u2019avvicendamento con il presidente uscente Fabio Radetti<\/strong> ha offerto l\u2019occasione per la <strong>presentazione delle linee strategiche per il prossimo triennio al Rotary Club Trieste<\/strong> <strong>Nord: sono sette le direttrici individuate dalla nuova presidente<\/strong> per una mission legata all\u2019attualit\u00e0 e al nostro tempo, \u00abquindi \u2013 ha dichiarato Fedra Florit \u2013 a <strong>una visione in cui sostenibilit\u00e0 e solidariet\u00e0 possano andare di pari passo con la prevenzione<\/strong> e, soprattutto, con la capacit\u00e0 di coinvolgere i soci nell\u2019esperienza rotariana e nei \u201cservice\u201d, ovvero i progetti intrapresi.\u00a0 Per esperienza personale so che questa \u00e8 l\u2019unica via per lasciare traccia della propria esperienza al Rotary, cos\u00ec come so che \u00e8 importante individuare alcune realt\u00e0 meritorie del territorio, e <strong>la nostra attenzione \u00e8 subito andata a Don Kisciotte, Anvolt e Affido famigliare, ma anche all\u2019Associazione De Banfield per i progetti Casa Viola\/Memorabili armonie<\/strong>\u00bb.<\/p>\n<p>Ulteriori priorit\u00e0 dell\u2019azione di presidenza di Fedra Florit saranno mirate alla intensificazione dei rapporti con gli altri Rotary Club regionali, nazionali e internazionali, perch\u00e9 i concetti di amicizia e di scambio culturale si possano sviluppare in modo innovativo. Con attenzione si guarder\u00e0 ai professionisti che condividono i valori rotariani, e in particolare a quelli giovani, e alla necessit\u00e0 di una gestione oculata e attenta al contenimento delle spese per le consuete iniziative conviviali.<\/p>\n<p>\u00ab<strong>La prevenzione come cultura da promuovere e sostenere, non solo in ambito medico, sar\u00e0 al centro di un\u2019azione che utilizzer\u00e0 appieno le potenzialit\u00e0 del digitale per raggiungere i soci attuali e potenziali<\/strong> &#8211; anticipa ancora Florit &#8211; e che naturalmente sar\u00e0 sensibile anche ai temi della cultura e della musica come \u201cprevenzione sociale\u201d e alveo di crescita per noi tutti. Sostenere i bravi interpreti dal vivo ed emozionarsi con loro \u00e8 un\u2019esperienza imperdibile, per questo <strong>promuoveremo una Borsa di studio per una giovane musicista italiana del Conservatorio Tartini<\/strong>, affinch\u00e9 nell\u2019estate 2021 possa frequentare un Perfezionamento all\u2019Accademia Chigiana di Siena.\u00a0 La bellezza ristoratrice della buona musica \u00e8 un viatico essenziale per chi suona ma anche per chi ascolta, perch\u00e9 tocca le corde dell\u2019anima degli interpreti e del pubblico\u00bb.<\/p>\n<p><strong>Prossimi appuntamenti del Rotary Club Trieste Nord, marted\u00ec 21 luglio al Savoia con Stefano Bardari, presidente di DonK<\/strong> (primo service dell\u2019anno, <strong>e marted\u00ec 28 al Tennis Club di Padriciano, con il Governatore Diego Vianello: \u201cWhere are we going?\u201d<\/strong> \u00e8 il titolo del Governatore del Distretto 2060, che si sposa perfettamente con l\u2019azione di \u201cPrevenzione a 360\u00b0\u201d, che guarda al futuro,\u00a0 del Trieste Nord.\u00a0<\/p>\n","protected":false},"excerpt":{"rendered":"<p>Succede a Fabio Radetti<\/p>\n","protected":false},"author":28,"featured_media":34032,"comment_status":"closed","ping_status":"closed","sticky":false,"template":"","format":"standard","meta":{"dwc-title":[],"dwc-content":[],"footnotes":""},"categories":[5],"tags":[],"class_list":["post-34031","post","type-post","status-publish","format-standard","has-post-thumbnail","hentry","category-attualita"],"rttpg_featured_image_url":{"full":["https:\/\/imagazine.it\/wp-content\/uploads\/2024\/01\/34965-1.webp",750,563,false],"landscape":["https:\/\/imagazine.it\/wp-content\/uploads\/2024\/01\/34965-1.webp",750,563,false],"portraits":["https:\/\/imagazine.it\/wp-content\/uploads\/2024\/01\/34965-1.webp",750,563,false],"thumbnail":["https:\/\/imagazine.it\/wp-content\/uploads\/2024\/01\/34965-1-150x150.webp",150,150,true],"medium":["https:\/\/imagazine.it\/wp-content\/uploads\/2024\/01\/34965-1-300x225.webp",300,225,true],"large":["https:\/\/imagazine.it\/wp-content\/uploads\/2024\/01\/34965-1.webp",640,480,false],"thumblist":["https:\/\/imagazine.it\/wp-content\/uploads\/2024\/01\/34965-1.webp",300,225,false],"thumbrelated":["https:\/\/imagazine.it\/wp-content\/uploads\/2024\/01\/34965-1.webp",500,375,false],"meccarouselthumb":["https:\/\/imagazine.it\/wp-content\/uploads\/2024\/01\/34965-1.webp",432,324,false],"gridsquare":["https:\/\/imagazine.it\/wp-content\/uploads\/2024\/01\/34965-1.webp",346,260,false],"tileview":["https:\/\/imagazine.it\/wp-content\/uploads\/2024\/01\/34965-1.webp",300,225,false],"1536x1536":["https:\/\/imagazine.it\/wp-content\/uploads\/2024\/01\/34965-1.webp",750,563,false],"2048x2048":["https:\/\/imagazine.it\/wp-content\/uploads\/2024\/01\/34965-1.webp",750,563,false],"newsup-slider-full":["https:\/\/imagazine.it\/wp-content\/uploads\/2024\/01\/34965-1.webp",750,563,false],"newsup-featured":["https:\/\/imagazine.it\/wp-content\/uploads\/2024\/01\/34965-1.webp",750,563,false],"newsup-medium":["https:\/\/imagazine.it\/wp-content\/uploads\/2024\/01\/34965-1-720x380.webp",720,380,true],"tptn_thumbnail":["https:\/\/imagazine.it\/wp-content\/uploads\/2024\/01\/34965-1.webp",250,188,false],"sow-carousel-default":["https:\/\/imagazine.it\/wp-content\/uploads\/2024\/01\/34965-1-272x182.webp",272,182,true]},"rttpg_author":{"display_name":"redazione","author_link":"https:\/\/imagazine.it\/home_desk\/author\/redazione\/"},"rttpg_comment":0,"rttpg_category":"<a href=\"https:\/\/imagazine.it\/home_desk\/category\/attualita\/\" rel=\"category tag\">ATTUALIT\u00c0<\/a>","rttpg_excerpt":"Succede a Fabio Radetti","_links":{"self":[{"href":"https:\/\/imagazine.it\/home_desk\/wp-json\/wp\/v2\/posts\/34031","targetHints":{"allow":["GET"]}}],"collection":[{"href":"https:\/\/imagazine.it\/home_desk\/wp-json\/wp\/v2\/posts"}],"about":[{"href":"https:\/\/imagazine.it\/home_desk\/wp-json\/wp\/v2\/types\/post"}],"author":[{"embeddable":true,"href":"https:\/\/imagazine.it\/home_desk\/wp-json\/wp\/v2\/users\/28"}],"replies":[{"embeddable":true,"href":"https:\/\/imagazine.it\/home_desk\/wp-json\/wp\/v2\/comments?post=34031"}],"version-history":[{"count":0,"href":"https:\/\/imagazine.it\/home_desk\/wp-json\/wp\/v2\/posts\/34031\/revisions"}],"wp:featuredmedia":[{"embeddable":true,"href":"https:\/\/imagazine.it\/home_desk\/wp-json\/wp\/v2\/media\/34032"}],"wp:attachment":[{"href":"https:\/\/imagazine.it\/home_desk\/wp-json\/wp\/v2\/media?parent=34031"}],"wp:term":[{"taxonomy":"category","embeddable":true,"href":"https:\/\/imagazine.it\/home_desk\/wp-json\/wp\/v2\/categories?post=34031"},{"taxonomy":"post_tag","embeddable":true,"href":"https:\/\/imagazine.it\/home_desk\/wp-json\/wp\/v2\/tags?post=34031"}],"curies":[{"name":"wp","href":"https:\/\/api.w.org\/{rel}","templated":true}]}}