{"id":34027,"date":"2020-07-13T00:00:00","date_gmt":"2020-07-12T23:00:00","guid":{"rendered":"https:\/\/imagazine.it\/?p=34027"},"modified":"2020-07-13T00:00:00","modified_gmt":"2020-07-12T23:00:00","slug":"staranzano-la-pro-loco-rinnova-il-direttivo","status":"publish","type":"post","link":"https:\/\/imagazine.it\/home_desk\/staranzano-la-pro-loco-rinnova-il-direttivo\/","title":{"rendered":"Staranzano, la Pro Loco rinnova il direttivo"},"content":{"rendered":"<p>Cambia volto la pro loco di Staranzano, infatti dopo il rinvio dovuto al covid-19 e il lookdown, domenica 19 luglio alle ore 11 presso la sala comunale si terr\u00e0 l&#39;assemblea ordinaria. Tra i punti all&#39;ordine del giorno ci sar\u00e0 l&#39;approvazione del bilancio 2019 e l&#39;elezione del consiglio direttivo (che successivamente elegger\u00e0 il nuovo presidente). Nel frattempo il direttivo uscente ha deliberato alcune iniziative ludico\/culturali che abbracceranno gran parte di questa estate, tutte con le regole sul distanziamento sociale e in luoghi dove poter evitare assembramenti, per cui si consiglia la prenotazione.<\/p>\n<p>Si inizia come da tradizione da molti anni con la rassegna musicale, tutti i gioved\u00ec di agosto dalle ore 20.30, presso l\u2019anfiteatro comunale di Piazza Dante; ecco gli altri appuntamenti: il 6 agosto sar\u00e0 ospite della cittadina bisiaca Flavio Furian, conosciuto come Macete, showman e imitatore, che assieme al suo gruppo di cabaret far\u00e0 assistere alle novit\u00e0 del suo spettacolo.<\/p>\n<p>La settimana successiva, il 13 agosto, \u201cSpecial Plate Serata anni &#39;80\u201d si potranno ascoltare musica dei Simple Minds, Toto, Bryan Adams, Christopher Cross, Prince, U2, e tanti altri, con Massimo Piran alla voce e chitarra, Riccardo De Donno alla chitarra synth, Andrea Boscarol al basso e Enrico Favento alla batteria.<\/p>\n<p>Il 20 agosto la L&#038;F Band con Giuseppe Minin alla tromba e Gilberto Leghissa alla fisarmonica presenter\u00e0 \u201cLe canzoni de na volta\u201d. A chiusura della rassegna musicale, il 27 agosto il gruppo Livio e Francesco Band si far\u00e0 un viaggio nella musica tra i complessi italiani.<\/p>\n<p>La Pro Loco organizza, fra l&#39;altro, delle passeggiate serali in compagnia; una mostra di pittura e fotografica presso la propria sede in Piazza Dante Alighieri 26\/a, inerente ai tre anni del progetto camminate e pittorica, espone Giuseppe Moretti autodidatta. Infine domenica 30 agosto ci sar\u00e0 la \u201cciclolonga de le raze\u201d con partenza dalla sede della Pro Loco si arriver\u00e0 fino all&#39;isola della Cona, ci si pu\u00f2 iscriversi prima della partenza, dalle ore 8.30.<\/p>\n<p>Per informazioni telefonare ogni mattina allo 0481 710069 oppure mandare una mail a prolocostaranzano@libero.it<\/p>\n","protected":false},"excerpt":{"rendered":"<p>Domenica le elezioni<\/p>\n","protected":false},"author":22,"featured_media":34028,"comment_status":"closed","ping_status":"closed","sticky":false,"template":"","format":"standard","meta":{"dwc-title":[],"dwc-content":[],"footnotes":""},"categories":[5],"tags":[],"class_list":["post-34027","post","type-post","status-publish","format-standard","has-post-thumbnail","hentry","category-attualita"],"rttpg_featured_image_url":{"full":["https:\/\/imagazine.it\/wp-content\/uploads\/2024\/01\/34942-1.webp",750,491,false],"landscape":["https:\/\/imagazine.it\/wp-content\/uploads\/2024\/01\/34942-1.webp",750,491,false],"portraits":["https:\/\/imagazine.it\/wp-content\/uploads\/2024\/01\/34942-1.webp",750,491,false],"thumbnail":["https:\/\/imagazine.it\/wp-content\/uploads\/2024\/01\/34942-1-150x150.webp",150,150,true],"medium":["https:\/\/imagazine.it\/wp-content\/uploads\/2024\/01\/34942-1-300x196.webp",300,196,true],"large":["https:\/\/imagazine.it\/wp-content\/uploads\/2024\/01\/34942-1.webp",640,419,false],"thumblist":["https:\/\/imagazine.it\/wp-content\/uploads\/2024\/01\/34942-1.webp",300,196,false],"thumbrelated":["https:\/\/imagazine.it\/wp-content\/uploads\/2024\/01\/34942-1.webp",500,327,false],"meccarouselthumb":["https:\/\/imagazine.it\/wp-content\/uploads\/2024\/01\/34942-1.webp",474,310,false],"gridsquare":["https:\/\/imagazine.it\/wp-content\/uploads\/2024\/01\/34942-1.webp",391,256,false],"tileview":["https:\/\/imagazine.it\/wp-content\/uploads\/2024\/01\/34942-1.webp",300,196,false],"1536x1536":["https:\/\/imagazine.it\/wp-content\/uploads\/2024\/01\/34942-1.webp",750,491,false],"2048x2048":["https:\/\/imagazine.it\/wp-content\/uploads\/2024\/01\/34942-1.webp",750,491,false],"newsup-slider-full":["https:\/\/imagazine.it\/wp-content\/uploads\/2024\/01\/34942-1.webp",750,491,false],"newsup-featured":["https:\/\/imagazine.it\/wp-content\/uploads\/2024\/01\/34942-1.webp",750,491,false],"newsup-medium":["https:\/\/imagazine.it\/wp-content\/uploads\/2024\/01\/34942-1-720x380.webp",720,380,true],"tptn_thumbnail":["https:\/\/imagazine.it\/wp-content\/uploads\/2024\/01\/34942-1.webp",250,164,false],"sow-carousel-default":["https:\/\/imagazine.it\/wp-content\/uploads\/2024\/01\/34942-1-272x182.webp",272,182,true]},"rttpg_author":{"display_name":"Livio Nonis","author_link":"https:\/\/imagazine.it\/home_desk\/author\/nonis\/"},"rttpg_comment":0,"rttpg_category":"<a href=\"https:\/\/imagazine.it\/home_desk\/category\/attualita\/\" rel=\"category tag\">ATTUALIT\u00c0<\/a>","rttpg_excerpt":"Domenica le elezioni","_links":{"self":[{"href":"https:\/\/imagazine.it\/home_desk\/wp-json\/wp\/v2\/posts\/34027","targetHints":{"allow":["GET"]}}],"collection":[{"href":"https:\/\/imagazine.it\/home_desk\/wp-json\/wp\/v2\/posts"}],"about":[{"href":"https:\/\/imagazine.it\/home_desk\/wp-json\/wp\/v2\/types\/post"}],"author":[{"embeddable":true,"href":"https:\/\/imagazine.it\/home_desk\/wp-json\/wp\/v2\/users\/22"}],"replies":[{"embeddable":true,"href":"https:\/\/imagazine.it\/home_desk\/wp-json\/wp\/v2\/comments?post=34027"}],"version-history":[{"count":0,"href":"https:\/\/imagazine.it\/home_desk\/wp-json\/wp\/v2\/posts\/34027\/revisions"}],"wp:featuredmedia":[{"embeddable":true,"href":"https:\/\/imagazine.it\/home_desk\/wp-json\/wp\/v2\/media\/34028"}],"wp:attachment":[{"href":"https:\/\/imagazine.it\/home_desk\/wp-json\/wp\/v2\/media?parent=34027"}],"wp:term":[{"taxonomy":"category","embeddable":true,"href":"https:\/\/imagazine.it\/home_desk\/wp-json\/wp\/v2\/categories?post=34027"},{"taxonomy":"post_tag","embeddable":true,"href":"https:\/\/imagazine.it\/home_desk\/wp-json\/wp\/v2\/tags?post=34027"}],"curies":[{"name":"wp","href":"https:\/\/api.w.org\/{rel}","templated":true}]}}