{"id":34023,"date":"2020-07-10T00:00:00","date_gmt":"2020-07-09T23:00:00","guid":{"rendered":"https:\/\/imagazine.it\/?p=34023"},"modified":"2020-07-10T00:00:00","modified_gmt":"2020-07-09T23:00:00","slug":"aperto-il-cantiere-del-central-park-goriziano","status":"publish","type":"post","link":"https:\/\/imagazine.it\/home_desk\/aperto-il-cantiere-del-central-park-goriziano\/","title":{"rendered":"Aperto il cantiere del &#8220;Central Park&#8221; goriziano"},"content":{"rendered":"<p>Aperto a Gorizia il cantiere per la riqualificazione idraulica, igienica e ambientale del torrente Corno che, da una parte, consentir\u00e0 di evitare esondazioni e di ripulire le acque e, dall\u2019altra, permetter\u00e0 di recuperare un\u2019ampia zona di verde a partire dall\u2019area della Valletta per creare una sorta di Central Park goriziano.<\/p>\n<p>Il sindaco, <strong>Rodolfo Ziberna<\/strong>, insieme agli assessori ai lavori pubblici, <strong>Arianna Bellan<\/strong>, e alla viabilit\u00e0, <strong>Stefano Ceretta<\/strong>, ha effettuato oggi un sopralluogo al cantiere, fra le vie Skodnik e Mighetti che rimarranno chiuse al traffico per circa 11 mesi. Come hanno spiegato il dirigente dei lavori pubblici, <strong>Alessandro De Luisa<\/strong>, il rup, <strong>Raffaella Tuzzi<\/strong>, e il rappresentante dell\u2019impresa\u00a0Icop, ci\u00f2 consentir\u00e0 di lavorare senza intoppi per realizzare la nuova condotta in cui saranno convogliate le acque del torrente Corno, ripulite attraverso il depuratore che dopo un percorso sotterraneo di\u00a0diverse centinaia di metri riemergeranno limpide nella Valletta del Corno.<\/p>\n<p>\u201cSi \u00e8 cercato di limitare massimo i disagi dei residenti \u2013 hanno evidenziato il sindaco e gli assessori Bellan e Ceretta \u2013 e tutti avranno la possibilit\u00e0 di rientrare nelle loro abitazioni con l\u2019auto. Purtroppo non \u00e8 stato possibile evitare di togliere una ventina di parcheggi in via degli Orzoni ma non c\u2019era alternativa\u201d.<\/p>\n<p>\u201cL\u2019intervento \u2013 ha precisato Ziberna \u2013 non solo risaner\u00e0 il torrente per ci\u00f2 che concerne la parte idraulica e igienica ma consentir\u00e0 di creare un\u2019ampia area verde attrezzata che potr\u00e0 avere un grande impatto sul turismo, diventer\u00e0 il\u00a0Central Park goriziano visto che la Valletta del Corno riqualificata e attrezzata con spazi per lo sport, il tempo libero e la ristorazione si congiunger\u00e0 con altri tratti di verde, a partire al parco Coronini, e sconfiner\u00e0 in Slovenia. E lungo tutto questo ampio polmone verde saranno ospitate piste ciclabili che congiungeranno le varie zone\u201d.<\/p>\n<p>Il costo dei lavori \u00e8 di 13.298.587,66 euro, pi\u00f9 altri 227.874,82 e l\u2019Iva del 22% per un totale di oltre 16 milioni cui vanno aggiunti la progettazione e oneri vari per un costo finale di circa 21 milioni di euro.<\/p>\n<p>\u201cIn settembre \u2013 annuncia il sindaco \u2013 organizzeremo delle visite guidate con i cittadini per far conoscere meglio questa imponente opera che sar\u00e0 conclusa all\u2019inizio del 2022\u201d.<\/p>\n","protected":false},"excerpt":{"rendered":"<p>Interventi complessivi per 21 milioni di euro<\/p>\n","protected":false},"author":28,"featured_media":34024,"comment_status":"closed","ping_status":"closed","sticky":false,"template":"","format":"standard","meta":{"dwc-title":[],"dwc-content":[],"footnotes":""},"categories":[5],"tags":[],"class_list":["post-34023","post","type-post","status-publish","format-standard","has-post-thumbnail","hentry","category-attualita"],"rttpg_featured_image_url":{"full":["https:\/\/imagazine.it\/wp-content\/uploads\/2024\/01\/34937-1.webp",1600,778,false],"landscape":["https:\/\/imagazine.it\/wp-content\/uploads\/2024\/01\/34937-1.webp",1600,778,false],"portraits":["https:\/\/imagazine.it\/wp-content\/uploads\/2024\/01\/34937-1.webp",1600,778,false],"thumbnail":["https:\/\/imagazine.it\/wp-content\/uploads\/2024\/01\/34937-1-150x150.webp",150,150,true],"medium":["https:\/\/imagazine.it\/wp-content\/uploads\/2024\/01\/34937-1-300x146.webp",300,146,true],"large":["https:\/\/imagazine.it\/wp-content\/uploads\/2024\/01\/34937-1-1024x498.webp",640,311,true],"thumblist":["https:\/\/imagazine.it\/wp-content\/uploads\/2024\/01\/34937-1.webp",300,146,false],"thumbrelated":["https:\/\/imagazine.it\/wp-content\/uploads\/2024\/01\/34937-1.webp",500,243,false],"meccarouselthumb":["https:\/\/imagazine.it\/wp-content\/uploads\/2024\/01\/34937-1.webp",474,230,false],"gridsquare":["https:\/\/imagazine.it\/wp-content\/uploads\/2024\/01\/34937-1.webp",391,190,false],"tileview":["https:\/\/imagazine.it\/wp-content\/uploads\/2024\/01\/34937-1.webp",300,146,false],"1536x1536":["https:\/\/imagazine.it\/wp-content\/uploads\/2024\/01\/34937-1-1536x747.webp",1536,747,true],"2048x2048":["https:\/\/imagazine.it\/wp-content\/uploads\/2024\/01\/34937-1.webp",1600,778,false],"newsup-slider-full":["https:\/\/imagazine.it\/wp-content\/uploads\/2024\/01\/34937-1-1280x720.webp",1280,720,true],"newsup-featured":["https:\/\/imagazine.it\/wp-content\/uploads\/2024\/01\/34937-1-1024x498.webp",1024,498,true],"newsup-medium":["https:\/\/imagazine.it\/wp-content\/uploads\/2024\/01\/34937-1-720x380.webp",720,380,true],"tptn_thumbnail":["https:\/\/imagazine.it\/wp-content\/uploads\/2024\/01\/34937-1.webp",250,122,false],"sow-carousel-default":["https:\/\/imagazine.it\/wp-content\/uploads\/2024\/01\/34937-1-272x182.webp",272,182,true]},"rttpg_author":{"display_name":"redazione","author_link":"https:\/\/imagazine.it\/home_desk\/author\/redazione\/"},"rttpg_comment":0,"rttpg_category":"<a href=\"https:\/\/imagazine.it\/home_desk\/category\/attualita\/\" rel=\"category tag\">ATTUALIT\u00c0<\/a>","rttpg_excerpt":"Interventi complessivi per 21 milioni di euro","_links":{"self":[{"href":"https:\/\/imagazine.it\/home_desk\/wp-json\/wp\/v2\/posts\/34023","targetHints":{"allow":["GET"]}}],"collection":[{"href":"https:\/\/imagazine.it\/home_desk\/wp-json\/wp\/v2\/posts"}],"about":[{"href":"https:\/\/imagazine.it\/home_desk\/wp-json\/wp\/v2\/types\/post"}],"author":[{"embeddable":true,"href":"https:\/\/imagazine.it\/home_desk\/wp-json\/wp\/v2\/users\/28"}],"replies":[{"embeddable":true,"href":"https:\/\/imagazine.it\/home_desk\/wp-json\/wp\/v2\/comments?post=34023"}],"version-history":[{"count":0,"href":"https:\/\/imagazine.it\/home_desk\/wp-json\/wp\/v2\/posts\/34023\/revisions"}],"wp:featuredmedia":[{"embeddable":true,"href":"https:\/\/imagazine.it\/home_desk\/wp-json\/wp\/v2\/media\/34024"}],"wp:attachment":[{"href":"https:\/\/imagazine.it\/home_desk\/wp-json\/wp\/v2\/media?parent=34023"}],"wp:term":[{"taxonomy":"category","embeddable":true,"href":"https:\/\/imagazine.it\/home_desk\/wp-json\/wp\/v2\/categories?post=34023"},{"taxonomy":"post_tag","embeddable":true,"href":"https:\/\/imagazine.it\/home_desk\/wp-json\/wp\/v2\/tags?post=34023"}],"curies":[{"name":"wp","href":"https:\/\/api.w.org\/{rel}","templated":true}]}}