{"id":34021,"date":"2020-07-10T00:00:00","date_gmt":"2020-07-09T23:00:00","guid":{"rendered":"https:\/\/imagazine.it\/?p=34021"},"modified":"2020-07-10T00:00:00","modified_gmt":"2020-07-09T23:00:00","slug":"sanitari-covid-gratis-a-mostre-e-musei-in-fvg","status":"publish","type":"post","link":"https:\/\/imagazine.it\/home_desk\/sanitari-covid-gratis-a-mostre-e-musei-in-fvg\/","title":{"rendered":"Sanitari Covid gratis a mostre e musei in FVG"},"content":{"rendered":"<p>&#8220;Abbiamo voluto mettere a disposizione degli operatori sanitari di tutta Italia, che sono stati in prima linea nel curare i malati di Covid e che sceglieranno il Friuli Venezia Giulia come meta della loro vacanze, una card per poter accedere in maniera gratuita ai musei, ai siti storici, alle mostre, alle escursioni e a tutta una serie di altri servizi&#8221;.<\/p>\n<p>Lo ha dichiarato oggi a Trieste il governatore <strong>Massimiliano Fedriga<\/strong>, a margine della presentazione della mostra dedicata a Marcello Dudovich &#8220;Fotografia tra arte e passione&#8221;.<\/p>\n<p>La Fvg Card sar\u00e0 attiva dal 15 luglio al 30 novembre di quest&#39;anno.<\/p>\n<p>Nel dettaglio, ci saranno due tipi di offerte: la prima, Fvg Card 48ore, destinata a chi soggiorner\u00e0 anche solo una notte in regione, mentre se la permanenza superer\u00e0 i tre giorni sar\u00e0 possibile ritirare la Fvg Card 1 week. La fruibilit\u00e0 della card \u00e8 estesa anche ai componenti del nucleo familiare dell&#39;operatore sanitario, per un massimo di quattro persone. La Fvg Card sar\u00e0 disponibile in tutti gli Infopoint di PromoturismoFvg.<\/p>\n","protected":false},"excerpt":{"rendered":"<p>L&#8217;annuncio del governatore Fedriga<\/p>\n","protected":false},"author":28,"featured_media":34022,"comment_status":"closed","ping_status":"closed","sticky":false,"template":"","format":"standard","meta":{"dwc-title":[],"dwc-content":[],"footnotes":""},"categories":[5],"tags":[],"class_list":["post-34021","post","type-post","status-publish","format-standard","has-post-thumbnail","hentry","category-attualita"],"rttpg_featured_image_url":{"full":["https:\/\/imagazine.it\/wp-content\/uploads\/2024\/01\/34936-1.webp",750,501,false],"landscape":["https:\/\/imagazine.it\/wp-content\/uploads\/2024\/01\/34936-1.webp",750,501,false],"portraits":["https:\/\/imagazine.it\/wp-content\/uploads\/2024\/01\/34936-1.webp",750,501,false],"thumbnail":["https:\/\/imagazine.it\/wp-content\/uploads\/2024\/01\/34936-1-150x150.webp",150,150,true],"medium":["https:\/\/imagazine.it\/wp-content\/uploads\/2024\/01\/34936-1-300x200.webp",300,200,true],"large":["https:\/\/imagazine.it\/wp-content\/uploads\/2024\/01\/34936-1.webp",640,428,false],"thumblist":["https:\/\/imagazine.it\/wp-content\/uploads\/2024\/01\/34936-1.webp",300,200,false],"thumbrelated":["https:\/\/imagazine.it\/wp-content\/uploads\/2024\/01\/34936-1.webp",500,334,false],"meccarouselthumb":["https:\/\/imagazine.it\/wp-content\/uploads\/2024\/01\/34936-1.webp",474,317,false],"gridsquare":["https:\/\/imagazine.it\/wp-content\/uploads\/2024\/01\/34936-1.webp",389,260,false],"tileview":["https:\/\/imagazine.it\/wp-content\/uploads\/2024\/01\/34936-1.webp",300,200,false],"1536x1536":["https:\/\/imagazine.it\/wp-content\/uploads\/2024\/01\/34936-1.webp",750,501,false],"2048x2048":["https:\/\/imagazine.it\/wp-content\/uploads\/2024\/01\/34936-1.webp",750,501,false],"newsup-slider-full":["https:\/\/imagazine.it\/wp-content\/uploads\/2024\/01\/34936-1.webp",750,501,false],"newsup-featured":["https:\/\/imagazine.it\/wp-content\/uploads\/2024\/01\/34936-1.webp",750,501,false],"newsup-medium":["https:\/\/imagazine.it\/wp-content\/uploads\/2024\/01\/34936-1-720x380.webp",720,380,true],"tptn_thumbnail":["https:\/\/imagazine.it\/wp-content\/uploads\/2024\/01\/34936-1.webp",250,167,false],"sow-carousel-default":["https:\/\/imagazine.it\/wp-content\/uploads\/2024\/01\/34936-1-272x182.webp",272,182,true]},"rttpg_author":{"display_name":"redazione","author_link":"https:\/\/imagazine.it\/home_desk\/author\/redazione\/"},"rttpg_comment":0,"rttpg_category":"<a href=\"https:\/\/imagazine.it\/home_desk\/category\/attualita\/\" rel=\"category tag\">ATTUALIT\u00c0<\/a>","rttpg_excerpt":"L'annuncio del governatore Fedriga","_links":{"self":[{"href":"https:\/\/imagazine.it\/home_desk\/wp-json\/wp\/v2\/posts\/34021","targetHints":{"allow":["GET"]}}],"collection":[{"href":"https:\/\/imagazine.it\/home_desk\/wp-json\/wp\/v2\/posts"}],"about":[{"href":"https:\/\/imagazine.it\/home_desk\/wp-json\/wp\/v2\/types\/post"}],"author":[{"embeddable":true,"href":"https:\/\/imagazine.it\/home_desk\/wp-json\/wp\/v2\/users\/28"}],"replies":[{"embeddable":true,"href":"https:\/\/imagazine.it\/home_desk\/wp-json\/wp\/v2\/comments?post=34021"}],"version-history":[{"count":0,"href":"https:\/\/imagazine.it\/home_desk\/wp-json\/wp\/v2\/posts\/34021\/revisions"}],"wp:featuredmedia":[{"embeddable":true,"href":"https:\/\/imagazine.it\/home_desk\/wp-json\/wp\/v2\/media\/34022"}],"wp:attachment":[{"href":"https:\/\/imagazine.it\/home_desk\/wp-json\/wp\/v2\/media?parent=34021"}],"wp:term":[{"taxonomy":"category","embeddable":true,"href":"https:\/\/imagazine.it\/home_desk\/wp-json\/wp\/v2\/categories?post=34021"},{"taxonomy":"post_tag","embeddable":true,"href":"https:\/\/imagazine.it\/home_desk\/wp-json\/wp\/v2\/tags?post=34021"}],"curies":[{"name":"wp","href":"https:\/\/api.w.org\/{rel}","templated":true}]}}