{"id":34019,"date":"2020-07-10T00:00:00","date_gmt":"2020-07-09T23:00:00","guid":{"rendered":"https:\/\/imagazine.it\/?p=34019"},"modified":"2020-07-10T00:00:00","modified_gmt":"2020-07-09T23:00:00","slug":"gorizia-arrivano-i-bonus-per-le-ristrutturazioni","status":"publish","type":"post","link":"https:\/\/imagazine.it\/home_desk\/gorizia-arrivano-i-bonus-per-le-ristrutturazioni\/","title":{"rendered":"Gorizia, arrivano i bonus per le ristrutturazioni"},"content":{"rendered":"<p>La giunta comunale ha approvato una delibera in cui sono indicati i criteri per accedere a uno stanziamento di 600 mila euro che saranno erogati alle imprese che operano nel settore delle costruzioni con sede a Gorizia.<\/p>\n<p>Un provvedimento mirato a sostenere l\u2019economia e l\u2019occupazione cittadina e, contemporaneamente, aiutare l\u2019ammodernamento, anche in chiave energetica, di case, negozi e altri stabili cittadini.<\/p>\n<p>\u201cPer ogni intervento di manutenzione ordinaria e straordinaria su qualsiasi immobile, commerciale e non, le imprese potranno godere di un bonus fino al 30% della spesa per un massimo di 7 mila euro, iva esclusa \u2013 spiegano il sindaco, <strong>Rodolfo Ziberna<\/strong>, e l\u2019assessore alle attivit\u00e0 produttive, <strong>Roberto Sartori<\/strong> \u2013 e quindi, \u00e8 il nostro auspicio, questa iniezione di fondi dovrebbe consentire una nuova ripartenza del mercato delle ristrutturazioni\u00a0\u00a0contribuendo ad ammodernare il patrimonio immobiliare cittadino. Per evitare accumuli per pochi beneficiari il massimo degli interventi per un\u2019impresa non potr\u00e0 superare i 49 mila euro.\u00a0Complessivamente, a beneficiare di queste sovvenzioni saranno oltre un centinaio di interventi e va anche evidenziato che, in ogni caso, per la parte rimanente delle spese si potr\u00e0 accedere alle detrazioni fiscali gi\u00e0 previste dalla legge\u201d.<\/p>\n<p><a href=\"http:\/\/imagazinevideotruck.it\/outlet\/relink.html\" target=\"_top\" rel=\"noopener\"><img loading=\"lazy\" decoding=\"async\" align=\"LEFT\" height=\"250\" src=\"http:\/\/imagazinevideotruck.it\/outlet\/outlet30.gif\" width=\"300\" alt=\"\" title=\"\"><\/a><\/p>\n<p>\u00a0<\/p>\n<p>\u00a0<\/p>\n<p>\u00a0<\/p>\n<p>\u00a0<\/p>\n<p>\u00a0<\/p>\n<p>\u00a0<\/p>\n<p>\u00a0<\/p>\n<p>\u00a0<\/p>\n<p>\u00a0<\/p>\n<p>Le modalit\u00e0 di accesso saranno visibili nel bando che sar\u00e0 pubblicato prossimamente.<\/p>\n<p>\u201cSiamo assolutamente consapevoli \u2013 concludono &#8211; che con questo intervento non si risolveranno tutti i problemi perch\u00e9 la situazione nazionale \u00e8 di quelle da far tremare i polsi e tutti ne siamo dentro. Ma proprio per questo non possiamo rimanere fermi e dobbiamo mettere in atto tutte le misure possibili e, ovviamente, legali, per cercare non solo di sostenere la nostra economia ma anche di favorire la trasmissione di messaggi volti a creare un clima positivo in cui prevalga la volont\u00e0 di ripartire e anche di cogliere l\u2019occasione per ideare nuovi progetti e proposte. Per questo ci siamo impegnati fin da subito in provvedimento di aiuto alle attivit\u00e0 produttive, con tagli di tasse e alle famiglie, con il riavvio in tempi utili di tante attivit\u00e0 anche per i bambini e di contributi per le persone in difficolt\u00e0\u201d.<\/p>\n","protected":false},"excerpt":{"rendered":"<p>Delibera della giunta comunale<\/p>\n","protected":false},"author":28,"featured_media":34020,"comment_status":"closed","ping_status":"closed","sticky":false,"template":"","format":"standard","meta":{"dwc-title":[],"dwc-content":[],"footnotes":""},"categories":[5],"tags":[],"class_list":["post-34019","post","type-post","status-publish","format-standard","has-post-thumbnail","hentry","category-attualita"],"rttpg_featured_image_url":{"full":["https:\/\/imagazine.it\/wp-content\/uploads\/2024\/01\/34933-1.webp",750,502,false],"landscape":["https:\/\/imagazine.it\/wp-content\/uploads\/2024\/01\/34933-1.webp",750,502,false],"portraits":["https:\/\/imagazine.it\/wp-content\/uploads\/2024\/01\/34933-1.webp",750,502,false],"thumbnail":["https:\/\/imagazine.it\/wp-content\/uploads\/2024\/01\/34933-1-150x150.webp",150,150,true],"medium":["https:\/\/imagazine.it\/wp-content\/uploads\/2024\/01\/34933-1-300x201.webp",300,201,true],"large":["https:\/\/imagazine.it\/wp-content\/uploads\/2024\/01\/34933-1.webp",640,428,false],"thumblist":["https:\/\/imagazine.it\/wp-content\/uploads\/2024\/01\/34933-1.webp",300,201,false],"thumbrelated":["https:\/\/imagazine.it\/wp-content\/uploads\/2024\/01\/34933-1.webp",500,335,false],"meccarouselthumb":["https:\/\/imagazine.it\/wp-content\/uploads\/2024\/01\/34933-1.webp",474,317,false],"gridsquare":["https:\/\/imagazine.it\/wp-content\/uploads\/2024\/01\/34933-1.webp",388,260,false],"tileview":["https:\/\/imagazine.it\/wp-content\/uploads\/2024\/01\/34933-1.webp",300,201,false],"1536x1536":["https:\/\/imagazine.it\/wp-content\/uploads\/2024\/01\/34933-1.webp",750,502,false],"2048x2048":["https:\/\/imagazine.it\/wp-content\/uploads\/2024\/01\/34933-1.webp",750,502,false],"newsup-slider-full":["https:\/\/imagazine.it\/wp-content\/uploads\/2024\/01\/34933-1.webp",750,502,false],"newsup-featured":["https:\/\/imagazine.it\/wp-content\/uploads\/2024\/01\/34933-1.webp",750,502,false],"newsup-medium":["https:\/\/imagazine.it\/wp-content\/uploads\/2024\/01\/34933-1-720x380.webp",720,380,true],"tptn_thumbnail":["https:\/\/imagazine.it\/wp-content\/uploads\/2024\/01\/34933-1.webp",250,167,false],"sow-carousel-default":["https:\/\/imagazine.it\/wp-content\/uploads\/2024\/01\/34933-1-272x182.webp",272,182,true]},"rttpg_author":{"display_name":"redazione","author_link":"https:\/\/imagazine.it\/home_desk\/author\/redazione\/"},"rttpg_comment":0,"rttpg_category":"<a href=\"https:\/\/imagazine.it\/home_desk\/category\/attualita\/\" rel=\"category tag\">ATTUALIT\u00c0<\/a>","rttpg_excerpt":"Delibera della giunta comunale","_links":{"self":[{"href":"https:\/\/imagazine.it\/home_desk\/wp-json\/wp\/v2\/posts\/34019","targetHints":{"allow":["GET"]}}],"collection":[{"href":"https:\/\/imagazine.it\/home_desk\/wp-json\/wp\/v2\/posts"}],"about":[{"href":"https:\/\/imagazine.it\/home_desk\/wp-json\/wp\/v2\/types\/post"}],"author":[{"embeddable":true,"href":"https:\/\/imagazine.it\/home_desk\/wp-json\/wp\/v2\/users\/28"}],"replies":[{"embeddable":true,"href":"https:\/\/imagazine.it\/home_desk\/wp-json\/wp\/v2\/comments?post=34019"}],"version-history":[{"count":0,"href":"https:\/\/imagazine.it\/home_desk\/wp-json\/wp\/v2\/posts\/34019\/revisions"}],"wp:featuredmedia":[{"embeddable":true,"href":"https:\/\/imagazine.it\/home_desk\/wp-json\/wp\/v2\/media\/34020"}],"wp:attachment":[{"href":"https:\/\/imagazine.it\/home_desk\/wp-json\/wp\/v2\/media?parent=34019"}],"wp:term":[{"taxonomy":"category","embeddable":true,"href":"https:\/\/imagazine.it\/home_desk\/wp-json\/wp\/v2\/categories?post=34019"},{"taxonomy":"post_tag","embeddable":true,"href":"https:\/\/imagazine.it\/home_desk\/wp-json\/wp\/v2\/tags?post=34019"}],"curies":[{"name":"wp","href":"https:\/\/api.w.org\/{rel}","templated":true}]}}